{"id":49414,"date":"2024-12-16T00:01:00","date_gmt":"2024-12-16T07:01:00","guid":{"rendered":"https:\/\/www.opinionpublica.tv\/portada\/?p=49414"},"modified":"2024-12-15T19:04:16","modified_gmt":"2024-12-16T02:04:16","slug":"cabal-salud-al-comercio-en-la-aldea","status":"publish","type":"post","link":"https:\/\/www.opinionpublica.tv\/portada\/cabal-salud-al-comercio-en-la-aldea\/","title":{"rendered":"Cabal salud al comercio en la aldea"},"content":{"rendered":"\n<h4 class=\"wp-block-heading\">Ra\u00fal Ruiz<\/h4>\n\n\n\n<p class=\"wp-block-paragraph\">___________________________<\/p>\n\n\n\n<p class=\"wp-block-paragraph\">Ciudad Ca\u00f3tica hierve de gente.<\/p>\n\n\n\n<p class=\"wp-block-paragraph\">Son fechas en las que las compras son m\u00e1s abundantes que otros d\u00edas.<\/p>\n\n\n\n<p class=\"wp-block-paragraph\">Ya se pag\u00f3 la mitad del aguinaldo y con eso hay que comprar los regalitos navide\u00f1os.<\/p>\n\n\n\n<p class=\"wp-block-paragraph\">Es \u00e9poca de renovar mobiliario en casa, de comprar ropita, calzado, alg\u00fan perfume, o abiertamente&#8230; calzones.<\/p>\n\n\n\n<p class=\"wp-block-paragraph\">Y por todos los rumbos, hormiguea la gente de la aldea en los mercados, tianguis y segunditas.<\/p>\n\n\n\n<p class=\"wp-block-paragraph\">En el town de Ciudad Ca\u00f3tica, se pensaba que no.<\/p>\n\n\n\n<p class=\"wp-block-paragraph\">Porque d\u00edas atr\u00e1s, el Congresista JC TENEBRIS, en un alarde de \u00abpoder\u00bb, mand\u00f3 clausurar la obra de inicio del puente elevado.<\/p>\n\n\n\n<p class=\"wp-block-paragraph\">Una obra de Ferromex que vendr\u00e1 a solucionar un poco el problema del embotellamiento que sufre el centro hist\u00f3rico, merced al bloqueo que hace el tren, desde varias d\u00e9cadas atr\u00e1s.<\/p>\n\n\n\n<p class=\"wp-block-paragraph\">La obra est\u00e1 bien pensada de acuerdo al presupuesto que se tiene, de 420 millones de pesos.<\/p>\n\n\n\n<p class=\"wp-block-paragraph\">Pues si se hace subterr\u00e1neo, el costo subir\u00eda 200 millones m\u00e1s.<\/p>\n\n\n\n<p class=\"wp-block-paragraph\">Y esta disyuntiva, le da la oportunidad al legislador para pegarle al alcalde acus\u00e1ndolo con el garlito de que fue una decisi\u00f3n apresurada la que se tom\u00f3, pues el&nbsp; puente debe ser \u00abdeprimido\u00bb.<\/p>\n\n\n\n<p class=\"wp-block-paragraph\">Para convencer a la opini\u00f3n p\u00fablica, mont\u00f3 un espect\u00e1culo callejero con la ayuda de su prima Rafflesia, y su equipo de actores, transformados en un cuadro de activistas armados con un discurso tremendista en el que, de permitir la construcci\u00f3n del puente, lo menos pernicioso que podr\u00eda ocurrir ser\u00eda la destrucci\u00f3n total del centro hist\u00f3rico y sus vestigios ancestrales. Dicen ellos.<\/p>\n\n\n\n<p class=\"wp-block-paragraph\">Ah, pero si la obra fuera subterr\u00e1nea, no habr\u00eda ning\u00fan da\u00f1o subsecuente. Aseguran.<\/p>\n\n\n\n<p class=\"wp-block-paragraph\">La obra se detuvo. De hecho, la detuvo el congresista.<\/p>\n\n\n\n<p class=\"wp-block-paragraph\">Y ya paralizada, ahora acusa al alcalde de estrangular el \u00e1rea comercial, y condenar a la extinci\u00f3n econ\u00f3mica a los comerciantes del sector.<\/p>\n\n\n\n<p class=\"wp-block-paragraph\">\u00a1El comercio en el centro hist\u00f3rico se est\u00e1 muriendo!<\/p>\n\n\n\n<p class=\"wp-block-paragraph\">Le gritan por la ventana.<\/p>\n\n\n\n<p class=\"wp-block-paragraph\">Y acercan a los medios para magnificar el terror.<\/p>\n\n\n\n<p class=\"wp-block-paragraph\">Pero m\u00e1s tardaron en decirlo que la realidad aparece a desmentirlos.<\/p>\n\n\n\n<p class=\"wp-block-paragraph\">El fin de semana me di a la tarea de recorrer el centro y francamente, el panorama es otro.<\/p>\n\n\n\n<p class=\"wp-block-paragraph\">Miles de caoticitizens, desbordaron las calles en la compra de los art\u00edculos que ofrecen los mercachifles.<\/p>\n\n\n\n<p class=\"wp-block-paragraph\">No s\u00f3lo eso, sino que aprovecharon el montaje de tragaderos para saborear los diversos antojitos mexicanos.<\/p>\n\n\n\n<p class=\"wp-block-paragraph\">Parec\u00eda una romer\u00eda, una extensi\u00f3n de los festejos a la Virgen de Guadalupe.<\/p>\n\n\n\n<p class=\"wp-block-paragraph\">Menudo, pozole, enchiladas, gorditas, tacos, fritangas de todos los sabores, elotes.<\/p>\n\n\n\n<p class=\"wp-block-paragraph\">El tianguis de ropa, calzado, bisuter\u00eda, y desde luego, los art\u00edculos del mercado, frutas, verduras, flores y cuanta cosa.<\/p>\n\n\n\n<p class=\"wp-block-paragraph\">El tr\u00e1fico vehicular en caos, eso s\u00ed.<\/p>\n\n\n\n<p class=\"wp-block-paragraph\">Pero el comercio muerto, no. Ni ag\u00f3nico; bueno, ni siquiera deca\u00eddo.<\/p>\n\n\n\n<p class=\"wp-block-paragraph\">El bumerang pol\u00edtico le dio tremendo fregadazo al Congresista JC TENEBRIS y su s\u00e9quito de anarquistas.<\/p>\n\n\n\n<p class=\"wp-block-paragraph\">Vamos a ver que otra jugadita se inventa para seguir jodiendo a su n\u00e9mesis.<\/p>\n","protected":false},"excerpt":{"rendered":"<p>Ra\u00fal Ruiz ___________________________ Ciudad Ca\u00f3tica hierve de gente. Son fechas en las que las compras son m\u00e1s abundantes que otros d\u00edas. Ya se pag\u00f3 la mitad del aguinaldo y con eso hay que comprar los regalitos navide\u00f1os. Es \u00e9poca de renovar mobiliario en casa, de comprar ropita, calzado, alg\u00fan perfume, o abiertamente&#8230; calzones. Y por [&hellip;]<\/p>\n","protected":false},"author":6,"featured_media":43347,"comment_status":"open","ping_status":"open","sticky":false,"template":"","format":"standard","meta":{"_acf_changed":false,"_monsterinsights_skip_tracking":false,"slim_seo":{"title":"Cabal salud al comercio en la aldea - Opini\u00f3n P\u00fablica","description":"Ra\u00fal Ruiz ___________________________ Ciudad Ca\u00f3tica hierve de gente. Son fechas en las que las compras son m\u00e1s abundantes que otros d\u00edas. Ya se pag\u00f3 la mitad d"},"footnotes":""},"categories":[21],"tags":[593],"class_list":["post-49414","post","type-post","status-publish","format-standard","has-post-thumbnail","hentry","category-cartapacio","tag-cartapacio"],"acf":[],"_links":{"self":[{"href":"https:\/\/www.opinionpublica.tv\/portada\/wp-json\/wp\/v2\/posts\/49414","targetHints":{"allow":["GET"]}}],"collection":[{"href":"https:\/\/www.opinionpublica.tv\/portada\/wp-json\/wp\/v2\/posts"}],"about":[{"href":"https:\/\/www.opinionpublica.tv\/portada\/wp-json\/wp\/v2\/types\/post"}],"author":[{"embeddable":true,"href":"https:\/\/www.opinionpublica.tv\/portada\/wp-json\/wp\/v2\/users\/6"}],"replies":[{"embeddable":true,"href":"https:\/\/www.opinionpublica.tv\/portada\/wp-json\/wp\/v2\/comments?post=49414"}],"version-history":[{"count":2,"href":"https:\/\/www.opinionpublica.tv\/portada\/wp-json\/wp\/v2\/posts\/49414\/revisions"}],"predecessor-version":[{"id":49416,"href":"https:\/\/www.opinionpublica.tv\/portada\/wp-json\/wp\/v2\/posts\/49414\/revisions\/49416"}],"wp:featuredmedia":[{"embeddable":true,"href":"https:\/\/www.opinionpublica.tv\/portada\/wp-json\/wp\/v2\/media\/43347"}],"wp:attachment":[{"href":"https:\/\/www.opinionpublica.tv\/portada\/wp-json\/wp\/v2\/media?parent=49414"}],"wp:term":[{"taxonomy":"category","embeddable":true,"href":"https:\/\/www.opinionpublica.tv\/portada\/wp-json\/wp\/v2\/categories?post=49414"},{"taxonomy":"post_tag","embeddable":true,"href":"https:\/\/www.opinionpublica.tv\/portada\/wp-json\/wp\/v2\/tags?post=49414"}],"curies":[{"name":"wp","href":"https:\/\/api.w.org\/{rel}","templated":true}]}}