{"id":4939,"date":"2016-09-26T06:00:00","date_gmt":"2016-09-26T04:00:00","guid":{"rendered":"https:\/\/www.opinionpublica.tv\/portada\/2016\/09\/26\/video-sofocado-sin-derrames-incendio-en-buque-de-pemex-en-mexico\/"},"modified":"2016-09-26T06:00:00","modified_gmt":"2016-09-26T04:00:00","slug":"video-sofocado-sin-derrames-incendio-en-buque-de-pemex-en-mexico","status":"publish","type":"post","link":"https:\/\/www.opinionpublica.tv\/portada\/video-sofocado-sin-derrames-incendio-en-buque-de-pemex-en-mexico\/","title":{"rendered":"Video: Sofocado sin derrames incendio en buque de Pemex en M\u00e9xico"},"content":{"rendered":"<p><img fetchpriority=\"high\" decoding=\"async\" class=\" size-full wp-image-4938\" src=\"https:\/\/www.opinionpublica.tv\/portada\/wp-content\/uploads\/2016\/09\/8b5901901193f22412ada920ba201d8e.jpg\" alt=\"\" width=\"516\" height=\"325\" srcset=\"https:\/\/www.opinionpublica.tv\/portada\/wp-content\/uploads\/2016\/09\/8b5901901193f22412ada920ba201d8e.jpg 516w, https:\/\/www.opinionpublica.tv\/portada\/wp-content\/uploads\/2016\/09\/8b5901901193f22412ada920ba201d8e-300x189.jpg 300w\" sizes=\"(max-width: 516px) 100vw, 516px\" \/><\/p>\n<p>El incendio registrado en un buque cisterna con 1.600 barriles de combustibles en el Golfo de M\u00e9xico fue sofocado sin generar da\u00f1os ecol\u00f3gicos seg\u00fan confirm\u00f3 el domingo la paraestatal Petr\u00f3leos Mexicanos.<\/p>\n<div class=\"k2_video\"><iframe title=\"SEMAR, ASEA, PROFEPA y PEMEX realizan sobrevuelo donde se localiza el buquetanque Burgos\" width=\"800\" height=\"450\" src=\"https:\/\/www.youtube.com\/embed\/lmr7HOkrUAE?feature=oembed\" frameborder=\"0\" allow=\"accelerometer; autoplay; clipboard-write; encrypted-media; gyroscope; picture-in-picture; web-share\" referrerpolicy=\"strict-origin-when-cross-origin\" allowfullscreen><\/iframe>\n<\/div>\n","protected":false},"excerpt":{"rendered":"<p>El incendio registrado en un buque cisterna con 1.600 barriles de combustibles en el Golfo de M\u00e9xico fue sofocado sin generar da\u00f1os ecol\u00f3gicos seg\u00fan confirm\u00f3 el domingo la paraestatal Petr\u00f3leos Mexicanos.<\/p>\n","protected":false},"author":1,"featured_media":4938,"comment_status":"open","ping_status":"open","sticky":false,"template":"","format":"standard","meta":{"_acf_changed":false,"_monsterinsights_skip_tracking":false,"slim_seo":{"title":"Video: Sofocado sin derrames incendio en buque de Pemex en M\u00e9xico - Opini\u00f3n P\u00fablica","description":"El incendio registrado en un buque cisterna con 1.600 barriles de combustibles en el Golfo de M\u00e9xico fue sofocado sin generar da\u00f1os ecol\u00f3gicos seg\u00fan confirm\u00f3 el"},"footnotes":""},"categories":[13],"tags":[],"class_list":["post-4939","post","type-post","status-publish","format-standard","has-post-thumbnail","hentry","category-videos-destacados-contenido"],"acf":[],"_links":{"self":[{"href":"https:\/\/www.opinionpublica.tv\/portada\/wp-json\/wp\/v2\/posts\/4939","targetHints":{"allow":["GET"]}}],"collection":[{"href":"https:\/\/www.opinionpublica.tv\/portada\/wp-json\/wp\/v2\/posts"}],"about":[{"href":"https:\/\/www.opinionpublica.tv\/portada\/wp-json\/wp\/v2\/types\/post"}],"author":[{"embeddable":true,"href":"https:\/\/www.opinionpublica.tv\/portada\/wp-json\/wp\/v2\/users\/1"}],"replies":[{"embeddable":true,"href":"https:\/\/www.opinionpublica.tv\/portada\/wp-json\/wp\/v2\/comments?post=4939"}],"version-history":[{"count":0,"href":"https:\/\/www.opinionpublica.tv\/portada\/wp-json\/wp\/v2\/posts\/4939\/revisions"}],"wp:featuredmedia":[{"embeddable":true,"href":"https:\/\/www.opinionpublica.tv\/portada\/wp-json\/wp\/v2\/media\/4938"}],"wp:attachment":[{"href":"https:\/\/www.opinionpublica.tv\/portada\/wp-json\/wp\/v2\/media?parent=4939"}],"wp:term":[{"taxonomy":"category","embeddable":true,"href":"https:\/\/www.opinionpublica.tv\/portada\/wp-json\/wp\/v2\/categories?post=4939"},{"taxonomy":"post_tag","embeddable":true,"href":"https:\/\/www.opinionpublica.tv\/portada\/wp-json\/wp\/v2\/tags?post=4939"}],"curies":[{"name":"wp","href":"https:\/\/api.w.org\/{rel}","templated":true}]}}