{"id":4935,"date":"2016-09-26T06:00:00","date_gmt":"2016-09-26T04:00:00","guid":{"rendered":"https:\/\/www.opinionpublica.tv\/portada\/2016\/09\/26\/la-mitad-de-los-usuarios-ya-cambio-su-galaxy-note-7\/"},"modified":"2016-09-26T06:00:00","modified_gmt":"2016-09-26T04:00:00","slug":"la-mitad-de-los-usuarios-ya-cambio-su-galaxy-note-7","status":"publish","type":"post","link":"https:\/\/www.opinionpublica.tv\/portada\/la-mitad-de-los-usuarios-ya-cambio-su-galaxy-note-7\/","title":{"rendered":"La mitad de los usuarios ya cambi\u00f3 su Galaxy Note 7"},"content":{"rendered":"<p><img fetchpriority=\"high\" decoding=\"async\" class=\" size-full wp-image-4934\" src=\"https:\/\/www.opinionpublica.tv\/portada\/wp-content\/uploads\/2016\/09\/8caf78cbed9c4cfa8cadc4253cac0ebc.jpg\" alt=\"\" width=\"1024\" height=\"576\" srcset=\"https:\/\/www.opinionpublica.tv\/portada\/wp-content\/uploads\/2016\/09\/8caf78cbed9c4cfa8cadc4253cac0ebc.jpg 1024w, https:\/\/www.opinionpublica.tv\/portada\/wp-content\/uploads\/2016\/09\/8caf78cbed9c4cfa8cadc4253cac0ebc-300x169.jpg 300w, https:\/\/www.opinionpublica.tv\/portada\/wp-content\/uploads\/2016\/09\/8caf78cbed9c4cfa8cadc4253cac0ebc-768x432.jpg 768w\" sizes=\"(max-width: 1024px) 100vw, 1024px\" \/><\/p>\n<p class=\"letter-capitular\" style=\"text-align: justify;\">La\u00a0mitad de los propietarios del Note 7 de Samsung han\u00a0cambiado ya sus terminales por otras nuevas en Corea del Sur, seis d\u00edas despu\u00e9s de que el gigante de la electr\u00f3nica comenzara la llamada a revisi\u00f3n en todo el mundo tras varios casos de ignici\u00f3n.<\/p>\n<p style=\"text-align: justify;\">El n\u00famero de usuarios que han recibido ya un nuevo tel\u00e9fono superaba los 200 mil el s\u00e1bado, seg\u00fan las cifras oficiales reveladas hoy.<\/p>\n<p style=\"text-align: justify;\">De los m\u00e1s de 2,5 millones de Note 7 comercializados en todo el mundo desde el pasado 19 de agosto, unos 400 mil se vendieron en Corea del Sur, sede de Samsung, y un mill\u00f3n en Estados Unidos.<\/p>\n<p style=\"text-align: justify;\">Mientras que en Corea del Sur y Espa\u00f1a se empezaron a intercambiar las antiguas terminales el pasado 19 de septiembre, en M\u00e9xico y otros pa\u00edses de Am\u00e9rica Latina\u00a0los clientes tendr\u00e1n que esperar hasta el d\u00eda 30.<\/p>\n<p style=\"text-align: justify;\">A trav\u00e9s de la llamada a revisi\u00f3n, los usuarios del Note 7 tienen la opci\u00f3n de recibir un tel\u00e9fono nuevo del mismo modelo y color a cambio de su antigua terminal o solicitar el reembolso del importe, algo que solo han hecho el 5 por ciento en Corea del Sur, seg\u00fan las cifras obtenidas por la agencia Yonhap.<\/p>\n<p style=\"text-align: justify;\">Los nuevos Galaxy Note 7 que se est\u00e1n entregando a los consumidores tienen el indicador de la bater\u00eda en color verde para diferenciarse de la primera versi\u00f3n.<\/p>\n<p style=\"text-align: justify;\">Informaci\u00f3n de Exc\u00e9lsior<\/p>\n","protected":false},"excerpt":{"rendered":"<p>La\u00a0mitad de los propietarios del Note 7 de Samsung han\u00a0cambiado ya sus terminales por otras nuevas en Corea del Sur, seis d\u00edas despu\u00e9s de que el gigante de la electr\u00f3nica comenzara la llamada a revisi\u00f3n en todo el mundo tras varios casos de ignici\u00f3n. El n\u00famero de usuarios que han recibido ya un nuevo tel\u00e9fono [&hellip;]<\/p>\n","protected":false},"author":1,"featured_media":4934,"comment_status":"open","ping_status":"open","sticky":false,"template":"","format":"standard","meta":{"_acf_changed":false,"_monsterinsights_skip_tracking":false,"slim_seo":{"title":"La mitad de los usuarios ya cambi\u00f3 su Galaxy Note 7 - Opini\u00f3n P\u00fablica","description":"La\u00a0mitad de los propietarios del Note 7 de Samsung han\u00a0cambiado ya sus terminales por otras nuevas en Corea del Sur, seis d\u00edas despu\u00e9s de que el gigante de la e"},"footnotes":""},"categories":[22],"tags":[],"class_list":["post-4935","post","type-post","status-publish","format-standard","has-post-thumbnail","hentry","category-ciencia-y-tecnologia"],"acf":[],"_links":{"self":[{"href":"https:\/\/www.opinionpublica.tv\/portada\/wp-json\/wp\/v2\/posts\/4935","targetHints":{"allow":["GET"]}}],"collection":[{"href":"https:\/\/www.opinionpublica.tv\/portada\/wp-json\/wp\/v2\/posts"}],"about":[{"href":"https:\/\/www.opinionpublica.tv\/portada\/wp-json\/wp\/v2\/types\/post"}],"author":[{"embeddable":true,"href":"https:\/\/www.opinionpublica.tv\/portada\/wp-json\/wp\/v2\/users\/1"}],"replies":[{"embeddable":true,"href":"https:\/\/www.opinionpublica.tv\/portada\/wp-json\/wp\/v2\/comments?post=4935"}],"version-history":[{"count":0,"href":"https:\/\/www.opinionpublica.tv\/portada\/wp-json\/wp\/v2\/posts\/4935\/revisions"}],"wp:featuredmedia":[{"embeddable":true,"href":"https:\/\/www.opinionpublica.tv\/portada\/wp-json\/wp\/v2\/media\/4934"}],"wp:attachment":[{"href":"https:\/\/www.opinionpublica.tv\/portada\/wp-json\/wp\/v2\/media?parent=4935"}],"wp:term":[{"taxonomy":"category","embeddable":true,"href":"https:\/\/www.opinionpublica.tv\/portada\/wp-json\/wp\/v2\/categories?post=4935"},{"taxonomy":"post_tag","embeddable":true,"href":"https:\/\/www.opinionpublica.tv\/portada\/wp-json\/wp\/v2\/tags?post=4935"}],"curies":[{"name":"wp","href":"https:\/\/api.w.org\/{rel}","templated":true}]}}