{"id":49320,"date":"2024-12-14T00:01:00","date_gmt":"2024-12-14T07:01:00","guid":{"rendered":"https:\/\/www.opinionpublica.tv\/portada\/?p=49320"},"modified":"2024-12-13T21:21:51","modified_gmt":"2024-12-14T04:21:51","slug":"estaremos-pendientes-de-posibles-deportaciones-asegura-perez-cuellar","status":"publish","type":"post","link":"https:\/\/www.opinionpublica.tv\/portada\/estaremos-pendientes-de-posibles-deportaciones-asegura-perez-cuellar\/","title":{"rendered":"\u2018Estaremos pendientes de posibles deportaciones\u2019, asegura P\u00e9rez Cu\u00e9llar"},"content":{"rendered":"\n<figure class=\"wp-block-image size-large\"><img fetchpriority=\"high\" decoding=\"async\" width=\"1024\" height=\"682\" src=\"https:\/\/www.opinionpublica.tv\/portada\/wp-content\/uploads\/2024\/12\/\u2018Estaremos-pendientes-de-posibles-deportaciones-asegura-Perez-Cuellar-1024x682.jpeg\" alt=\"\u2018estaremos Pendientes De Posibles Deportaciones\u2019, Asegura Pe\u0301rez Cue\u0301llar\" class=\"wp-image-49322\" srcset=\"https:\/\/www.opinionpublica.tv\/portada\/wp-content\/uploads\/2024\/12\/\u2018Estaremos-pendientes-de-posibles-deportaciones-asegura-Perez-Cuellar-1024x682.jpeg 1024w, https:\/\/www.opinionpublica.tv\/portada\/wp-content\/uploads\/2024\/12\/\u2018Estaremos-pendientes-de-posibles-deportaciones-asegura-Perez-Cuellar-300x200.jpeg 300w, https:\/\/www.opinionpublica.tv\/portada\/wp-content\/uploads\/2024\/12\/\u2018Estaremos-pendientes-de-posibles-deportaciones-asegura-Perez-Cuellar-768x512.jpeg 768w, https:\/\/www.opinionpublica.tv\/portada\/wp-content\/uploads\/2024\/12\/\u2018Estaremos-pendientes-de-posibles-deportaciones-asegura-Perez-Cuellar-1536x1023.jpeg 1536w, https:\/\/www.opinionpublica.tv\/portada\/wp-content\/uploads\/2024\/12\/\u2018Estaremos-pendientes-de-posibles-deportaciones-asegura-Perez-Cuellar.jpeg 1600w\" sizes=\"(max-width: 1024px) 100vw, 1024px\" \/><\/figure>\n\n\n\n<p class=\"wp-block-paragraph\"><em>Ciudad Ju\u00e1rez, Chih<\/em>.- El presidente municipal, Cruz P\u00e9rez Cu\u00e9llar, se\u00f1al\u00f3 que los tres niveles de Gobierno se coordinar\u00edan en caso de deportaciones masivas de migrantes por parte de Estados Unidos.<\/p>\n\n\n\n<p class=\"wp-block-paragraph\">Lo anterior, debido a la posible implementaci\u00f3n de la pol\u00edtica migratoria del Presidente electo Donald Trump, quien tomar\u00e1 cargo el 20 de enero del pr\u00f3ximo a\u00f1o.<\/p>\n\n\n\n<p class=\"wp-block-paragraph\">El alcalde inform\u00f3 que la presidenta de la Republica, Claudia Sheinbaum, est\u00e1 reuni\u00e9ndose con los gobernadores del norte del pa\u00eds para atender esta situaci\u00f3n en caso de registrarse, por lo que el Municipio de Ju\u00e1rez se estar\u00e1 enmarcando en la estrategia que se implemente.<\/p>\n\n\n\n<p class=\"wp-block-paragraph\">\u201cEstoy seguro que es un tema que en caso de darse, lo vamos a enfrentar muy unidos; lo que hemos visto en la relaci\u00f3n de la gobernadora con la Presidenta y en t\u00e9rminos generales en el pa\u00eds, en este tema hay unidad y de darse esta situaci\u00f3n, vamos a estar unidos y estoy seguro que nos vamos a coordinar entre los tres niveles de Gobierno\u201d, se\u00f1al\u00f3.<\/p>\n\n\n\n<p class=\"wp-block-paragraph\">El edil coment\u00f3 que durante los \u00faltimos meses, en esta frontera ha bajado el flujo migratorio, por lo que todav\u00eda hay suficiente espacio en los albergues destinados a migrantes.<\/p>\n\n\n\n<p class=\"wp-block-paragraph\">Dijo que todav\u00eda es necesario esperar hasta el 20 de enero para conocer cu\u00e1les son las acciones que estar\u00e1 tomando el nuevo Presidente de Estados Unidos, por lo que los tres \u00f3rdenes de Gobierno de M\u00e9xico estar\u00e1n atentos a cualquier situaci\u00f3n que se presente.<\/p>\n","protected":false},"excerpt":{"rendered":"<p>Ciudad Ju\u00e1rez, Chih.- El presidente municipal, Cruz P\u00e9rez Cu\u00e9llar, se\u00f1al\u00f3 que los tres niveles de Gobierno se coordinar\u00edan en caso de deportaciones masivas de migrantes por parte de Estados Unidos. Lo anterior, debido a la posible implementaci\u00f3n de la pol\u00edtica migratoria del Presidente electo Donald Trump, quien tomar\u00e1 cargo el 20 de enero del pr\u00f3ximo [&hellip;]<\/p>\n","protected":false},"author":6,"featured_media":49322,"comment_status":"open","ping_status":"open","sticky":false,"template":"","format":"standard","meta":{"_acf_changed":false,"_monsterinsights_skip_tracking":false,"slim_seo":{"title":"\u2018Estaremos pendientes de posibles deportaciones\u2019, asegura P\u00e9rez Cu\u00e9llar - Opini\u00f3n P\u00fablica","description":"Ciudad Ju\u00e1rez, Chih .- El presidente municipal, Cruz P\u00e9rez Cu\u00e9llar, se\u00f1al\u00f3 que los tres niveles de Gobierno se coordinar\u00edan en caso de deportaciones masivas de"},"footnotes":""},"categories":[41],"tags":[],"class_list":["post-49320","post","type-post","status-publish","format-standard","has-post-thumbnail","hentry","category-juarez"],"acf":[],"_links":{"self":[{"href":"https:\/\/www.opinionpublica.tv\/portada\/wp-json\/wp\/v2\/posts\/49320","targetHints":{"allow":["GET"]}}],"collection":[{"href":"https:\/\/www.opinionpublica.tv\/portada\/wp-json\/wp\/v2\/posts"}],"about":[{"href":"https:\/\/www.opinionpublica.tv\/portada\/wp-json\/wp\/v2\/types\/post"}],"author":[{"embeddable":true,"href":"https:\/\/www.opinionpublica.tv\/portada\/wp-json\/wp\/v2\/users\/6"}],"replies":[{"embeddable":true,"href":"https:\/\/www.opinionpublica.tv\/portada\/wp-json\/wp\/v2\/comments?post=49320"}],"version-history":[{"count":2,"href":"https:\/\/www.opinionpublica.tv\/portada\/wp-json\/wp\/v2\/posts\/49320\/revisions"}],"predecessor-version":[{"id":49324,"href":"https:\/\/www.opinionpublica.tv\/portada\/wp-json\/wp\/v2\/posts\/49320\/revisions\/49324"}],"wp:featuredmedia":[{"embeddable":true,"href":"https:\/\/www.opinionpublica.tv\/portada\/wp-json\/wp\/v2\/media\/49322"}],"wp:attachment":[{"href":"https:\/\/www.opinionpublica.tv\/portada\/wp-json\/wp\/v2\/media?parent=49320"}],"wp:term":[{"taxonomy":"category","embeddable":true,"href":"https:\/\/www.opinionpublica.tv\/portada\/wp-json\/wp\/v2\/categories?post=49320"},{"taxonomy":"post_tag","embeddable":true,"href":"https:\/\/www.opinionpublica.tv\/portada\/wp-json\/wp\/v2\/tags?post=49320"}],"curies":[{"name":"wp","href":"https:\/\/api.w.org\/{rel}","templated":true}]}}