{"id":49283,"date":"2024-12-14T00:01:00","date_gmt":"2024-12-14T07:01:00","guid":{"rendered":"https:\/\/www.opinionpublica.tv\/portada\/?p=49283"},"modified":"2024-12-13T20:28:27","modified_gmt":"2024-12-14T03:28:27","slug":"reanuda-chihuahua-exportaciones-de-ganado-a-eu-tras-pausa-comercial-por-temor-al-gusano-barrenador","status":"publish","type":"post","link":"https:\/\/www.opinionpublica.tv\/portada\/reanuda-chihuahua-exportaciones-de-ganado-a-eu-tras-pausa-comercial-por-temor-al-gusano-barrenador\/","title":{"rendered":"Reanuda Chihuahua exportaciones de ganado a EU tras pausa comercial por cuarentena contra gusano barrenador"},"content":{"rendered":"\n<figure class=\"wp-block-image size-full\"><img fetchpriority=\"high\" decoding=\"async\" width=\"1600\" height=\"900\" src=\"https:\/\/www.opinionpublica.tv\/portada\/wp-content\/uploads\/2024\/12\/Reanuda-Chihuahua-exportaciones-de-ganado-a-EU-tras-pausa-comercial-por-cuarentena-contra-gusano-barrenador.avif\" alt=\"Reanuda Chihuahua Exportaciones De Ganado A Eu Tras Pausa Comercial Por Cuarentena Contra Gusano Barrenador\" class=\"wp-image-49288\"\/><\/figure>\n\n\n\n<p class=\"wp-block-paragraph\">Chihuahua reanudar\u00e1 las exportaciones de ganado al mercado estadounidense, de acuerdo con lo informado por la Secretar\u00eda de Agricultura y Desarrollo Rural del Gobierno de M\u00e9xico y el Departamento de Agricultura de los Estados Unidos (USDA, por sus siglas en ingl\u00e9s), que firmaron un protocolo con nuevas medidas.<\/p>\n\n\n\n<p class=\"wp-block-paragraph\">Las ventas de ganado a Estados Unidos fueron pausadas desde el pasado 24 de noviembre por el USDA, debido a que se detect\u00f3 un caso de gusano barrenador del ganado (GBG) en un animal que ven\u00eda de Centroam\u00e9rica.<\/p>\n\n\n\n<p class=\"wp-block-paragraph\">\u201cEl personal del Servicio Nacional de Sanidad, Inocuidad y Calidad Agroalimentaria (Senasica) y de USDA inspeccionar\u00e1 el ganado que se desee exportar a Estados Unidos, para certificar que cumple con las condiciones sanitarias previstas en el protocolo acordado\u201d, indicaron las dependencias en un comunicado.<\/p>\n\n\n\n<p class=\"wp-block-paragraph\">El secretario de Agricultura y Desarrollo Rural, Julio Berdegu\u00e9, indic\u00f3 hace unos d\u00edas que la erradicaci\u00f3n del gusano barrenador del ganado es prioritaria para proteger la econom\u00eda rural, asegurar la salud animal y garantizar el derecho humano a la alimentaci\u00f3n.<\/p>\n\n\n\n<p class=\"wp-block-paragraph\">Por lo tanto, el Gobierno de M\u00e9xico, en conjunto con pa\u00edses de Centroam\u00e9rica y el Caribe formaron un Comit\u00e9 Internacional Regional de Sanidad Agropecuario (CIRSA) con el objetivo de erradicar el gusano barrenador del ganado.<\/p>\n\n\n\n<p class=\"wp-block-paragraph\">Gracias a esta colaboraci\u00f3n controlar\u00e1n la movilizaci\u00f3n de ganado, realizar\u00e1n vigilancia epidemiol\u00f3gica conjunta, dar\u00e1n tratamiento de heridas frescas en el ganado, proporcionar\u00e1n capacitaci\u00f3n y educaci\u00f3n sanitaria, y, finalmente, buscar\u00e1n dispersar la mosca est\u00e9ril.<\/p>\n\n\n\n<p class=\"wp-block-paragraph\">A finales de noviembre, un animal ubicado en Catazaj\u00e1, Chiapas, result\u00f3 positivo de gusano barrenador.<\/p>\n\n\n\n<p class=\"wp-block-paragraph\">Como medida precautoria, el Departamento de Agricultura de los Estados Unidos de Am\u00e9rica (USDA, por sus siglas en ingl\u00e9s) paus\u00f3 temporalmente la internaci\u00f3n de ganado mexicano a su pa\u00eds.<\/p>\n\n\n\n<p class=\"wp-block-paragraph\">Estados Unidos y M\u00e9xico trabajaron en conjunto en la aplicaci\u00f3n de medidas para retomar el flujo normal de las exportaciones mexicanas. \u00c9stas no se aplicaron a otras exportaciones de la agricultura nacional y estuvieron limitadas al ganado en pie.<em>Con informaci\u00f3n de El Financiero<\/em>.<\/p>\n","protected":false},"excerpt":{"rendered":"<p>Chihuahua reanudar\u00e1 las exportaciones de ganado al mercado estadounidense, de acuerdo con lo informado por la Secretar\u00eda de Agricultura y Desarrollo Rural del Gobierno de M\u00e9xico y el Departamento de Agricultura de los Estados Unidos (USDA, por sus siglas en ingl\u00e9s), que firmaron un protocolo con nuevas medidas. Las ventas de ganado a Estados Unidos [&hellip;]<\/p>\n","protected":false},"author":6,"featured_media":49288,"comment_status":"open","ping_status":"open","sticky":false,"template":"","format":"standard","meta":{"_acf_changed":false,"_monsterinsights_skip_tracking":false,"slim_seo":{"title":"Reanuda Chihuahua exportaciones de ganado a EU tras pausa comercial por cuarentena contra gusano barrenador - Opini\u00f3n P\u00fablica","description":"Chihuahua reanudar\u00e1 las exportaciones de ganado al mercado estadounidense, de acuerdo con lo informado por la Secretar\u00eda de Agricultura y Desarrollo Rural del G"},"footnotes":""},"categories":[3],"tags":[],"class_list":["post-49283","post","type-post","status-publish","format-standard","has-post-thumbnail","hentry","category-principal"],"acf":[],"_links":{"self":[{"href":"https:\/\/www.opinionpublica.tv\/portada\/wp-json\/wp\/v2\/posts\/49283","targetHints":{"allow":["GET"]}}],"collection":[{"href":"https:\/\/www.opinionpublica.tv\/portada\/wp-json\/wp\/v2\/posts"}],"about":[{"href":"https:\/\/www.opinionpublica.tv\/portada\/wp-json\/wp\/v2\/types\/post"}],"author":[{"embeddable":true,"href":"https:\/\/www.opinionpublica.tv\/portada\/wp-json\/wp\/v2\/users\/6"}],"replies":[{"embeddable":true,"href":"https:\/\/www.opinionpublica.tv\/portada\/wp-json\/wp\/v2\/comments?post=49283"}],"version-history":[{"count":4,"href":"https:\/\/www.opinionpublica.tv\/portada\/wp-json\/wp\/v2\/posts\/49283\/revisions"}],"predecessor-version":[{"id":49289,"href":"https:\/\/www.opinionpublica.tv\/portada\/wp-json\/wp\/v2\/posts\/49283\/revisions\/49289"}],"wp:featuredmedia":[{"embeddable":true,"href":"https:\/\/www.opinionpublica.tv\/portada\/wp-json\/wp\/v2\/media\/49288"}],"wp:attachment":[{"href":"https:\/\/www.opinionpublica.tv\/portada\/wp-json\/wp\/v2\/media?parent=49283"}],"wp:term":[{"taxonomy":"category","embeddable":true,"href":"https:\/\/www.opinionpublica.tv\/portada\/wp-json\/wp\/v2\/categories?post=49283"},{"taxonomy":"post_tag","embeddable":true,"href":"https:\/\/www.opinionpublica.tv\/portada\/wp-json\/wp\/v2\/tags?post=49283"}],"curies":[{"name":"wp","href":"https:\/\/api.w.org\/{rel}","templated":true}]}}