{"id":49277,"date":"2024-12-14T00:01:00","date_gmt":"2024-12-14T07:01:00","guid":{"rendered":"https:\/\/www.opinionpublica.tv\/portada\/?p=49277"},"modified":"2024-12-13T19:36:54","modified_gmt":"2024-12-14T02:36:54","slug":"chocan-adan-augusto-y-ricardo-monreal-por-supuestas-irregularidades-en-senado","status":"publish","type":"post","link":"https:\/\/www.opinionpublica.tv\/portada\/chocan-adan-augusto-y-ricardo-monreal-por-supuestas-irregularidades-en-senado\/","title":{"rendered":"Chocan Ad\u00e1n Augusto y Ricardo Monreal por irregularidades en Senado"},"content":{"rendered":"\n<figure class=\"wp-block-image size-large\"><img fetchpriority=\"high\" decoding=\"async\" width=\"1024\" height=\"620\" src=\"https:\/\/www.opinionpublica.tv\/portada\/wp-content\/uploads\/2024\/12\/Chocan-Adan-Augusto-y-Ricardo-Monreal-por-irregularidades-en-Senado-1024x620.jpg\" alt=\"Chocan Ada\u0301n Augusto Y Ricardo Monreal Por Irregularidades En Senado\" class=\"wp-image-49280\" srcset=\"https:\/\/www.opinionpublica.tv\/portada\/wp-content\/uploads\/2024\/12\/Chocan-Adan-Augusto-y-Ricardo-Monreal-por-irregularidades-en-Senado-1024x620.jpg 1024w, https:\/\/www.opinionpublica.tv\/portada\/wp-content\/uploads\/2024\/12\/Chocan-Adan-Augusto-y-Ricardo-Monreal-por-irregularidades-en-Senado-300x182.jpg 300w, https:\/\/www.opinionpublica.tv\/portada\/wp-content\/uploads\/2024\/12\/Chocan-Adan-Augusto-y-Ricardo-Monreal-por-irregularidades-en-Senado-768x465.jpg 768w, https:\/\/www.opinionpublica.tv\/portada\/wp-content\/uploads\/2024\/12\/Chocan-Adan-Augusto-y-Ricardo-Monreal-por-irregularidades-en-Senado.jpg 1100w\" sizes=\"(max-width: 1024px) 100vw, 1024px\" \/><\/figure>\n\n\n\n<p class=\"wp-block-paragraph\"><em>Ciudad de M\u00e9xico<\/em>.- El presidente de la Junta de Coordinaci\u00f3n Pol\u00edtica del Senado (Jucopo), Ad\u00e1n Augusto L\u00f3pez inform\u00f3 que la C\u00e1mara Alta present\u00f3 denuncias penales y administrativas, ante la Auditor\u00eda Superior de la Federaci\u00f3n por irregularidades en contratos por un monto de 150 millones de pesos.<\/p>\n\n\n\n<p class=\"wp-block-paragraph\">En entrevista, Ad\u00e1n Augusto explic\u00f3 que despu\u00e9s de una revisi\u00f3n se han encontrado contratos, que presentan inconsistencias y\/o irregularidades.<\/p>\n\n\n\n<p class=\"wp-block-paragraph\">Ejemplifico que se hallaron dos contratos, uno para la administraci\u00f3n del archivo hist\u00f3rico de la C\u00e1mara de Senadores con la empresa Full Service de M\u00e9xico, y otro, para el mantenimiento de elevadores con la empresa Grupo Piasa, que presentan algunas anomal\u00edas.<\/p>\n\n\n\n<p class=\"wp-block-paragraph\">\u201cQue hemos encontrado contratos por ejemplo, con una empresa para la administraci\u00f3n del archivo hist\u00f3rico, administraci\u00f3n que se concretiza a la renta de una bodega en el estado de Hidalgo -ya vamos a proporcionar la direcci\u00f3n-, y tiene un costo para el Senado de 60 millones aproximadamente al a\u00f1o. Hay otro contrato, que es el del supuesto mantenimiento de elevadores -que por cierto hoy no est\u00e1n funcionando- ya iniciamos el proceso de rescisi\u00f3n para esa empresa, ese era un contrato multianual de poco m\u00e1s de 90 millones de pesos\u201d, explic\u00f3 el presidente de la Jucopo.<\/p>\n\n\n\n<p class=\"wp-block-paragraph\">Dijo que ya se presentaron denuncias ante la Fiscal\u00eda, ante la Funci\u00f3n P\u00fablica, ante la Auditoria Superior de la Federaci\u00f3n, respondi\u00f3.<\/p>\n\n\n\n<p class=\"wp-block-paragraph\">El senador por Morena dijo que son contratos de larga data, a\u00f1o con a\u00f1o se ven\u00edan renovando, un poco lo que pasaba con el outsourcing, leonino, ese.<\/p>\n\n\n\n<p class=\"wp-block-paragraph\">Adelant\u00f3 que se revisan los contratos sobre el servicio de Resguardo Parlamentario de los recintos de la C\u00e1mara de Senadores y del servicio de valet parking del estacionamiento de la sede principal.<\/p>\n\n\n\n<p class=\"wp-block-paragraph\">Ad\u00e1n Augusto L\u00f3pez mencion\u00f3 que se har\u00e1 una revisi\u00f3n minuciosa de todos los contratos que la C\u00e1mara Alta tiene firmados con distintos proveedores de servicios.<\/p>\n\n\n\n<p class=\"wp-block-paragraph\">Monreal rechaza acusaciones de Ad\u00e1n Augusto L\u00f3pez<\/p>\n\n\n\n<p class=\"wp-block-paragraph\">Posteriormente, por medio de un video, Ricardo Monreal rechaz\u00f3 las acusaciones que emiti\u00f3 Ad\u00e1n Augusto L\u00f3pez.<\/p>\n\n\n\n<p class=\"wp-block-paragraph\">\u201cSon falsedades en contra de la administraci\u00f3n que encabec\u00e9. En mi vida, la adversidad y la mala fe me han perseguido siempre, pero las he enfrentado sin titubeos. Casi siempre proven\u00edan de la oposici\u00f3n hoy vienen de parte de correligionarios\u201d, respondi\u00f3.<\/p>\n\n\n\n<p class=\"wp-block-paragraph\">Se\u00f1al\u00f3 que har\u00e1 frente a las acusaciones con la verdad, \u201cquien nada debe, nada teme y entiendo que es una escena pol\u00edtica en la que el teatro que est\u00e1n armando se va a caer\u201d, explic\u00f3 Monreal.<\/p>\n\n\n\n<p class=\"wp-block-paragraph\">\u201cQue la transparencia sea el punto de partida\u201d, sentenci\u00f3.<\/p>\n\n\n\n<p class=\"wp-block-paragraph\">Asimismo, el diputado Ricardo Monreal comparti\u00f3 una liga a su p\u00e1gina web donde est\u00e1n abiertos los acuses de las auditor\u00edas.<\/p>\n\n\n\n<p class=\"wp-block-paragraph\">Asegur\u00f3 que el Presupuesto no fue arbitrario, ni menos faccioso o unipersonal. \u201cDe manera coordinada, se analiz\u00f3 conjuntamente con personas servidoras p\u00fablicas del Ejecutivo Federal\u201d.<\/p>\n\n\n\n<p class=\"wp-block-paragraph\">Monreal \u00c1vila sostuvo que el senador Ad\u00e1n Augusto L\u00f3pez estaba enterado sobre esto, \u201cquien me contest\u00f3 que sal\u00edan con 100 millones de pesos m\u00e1s y se aprobaron 150 millones m\u00e1s\u201d.<\/p>\n\n\n\n<p class=\"wp-block-paragraph\">Explic\u00f3 que antes de aprobarse el PEF 2025, \u201c\u00e9l sab\u00eda perfectamente lo que conten\u00eda y expres\u00f3 su benepl\u00e1cito con tal cantidad; inclusive recordamos el fideicomiso del que dispone el Senado por m\u00e1s de mil millones de pesos, que desde la construcci\u00f3n del edificio sede existe a disposici\u00f3n de esa C\u00e1mara y que cada a\u00f1o se incrementa por los intereses\u201d.<\/p>\n\n\n\n<p class=\"wp-block-paragraph\">Enfatiz\u00f3 que durante el lapso de tiempo que presidi\u00f3 la Junta de Coordinaci\u00f3n Pol\u00edtica en el Senado, la instituci\u00f3n fue sujeta a un riguroso escrutinio por parte de la Auditor\u00eda Superior de la Federaci\u00f3n y de la Contralor\u00eda Interna.<\/p>\n\n\n\n<p class=\"wp-block-paragraph\">\u201cEn ambos casos existen licitaciones p\u00fablicas y auditor\u00edas solicitadas personalmente por m\u00ed: ah\u00ed est\u00e1n los oficios y los resultados de ellas, en previsi\u00f3n de que pudieran surgir este tipo de perversidades pol\u00edticas\u201d, sostuvo.<\/p>\n\n\n\n<p class=\"wp-block-paragraph\">Oposici\u00f3n reacciona a pleito entre Ad\u00e1n Augusto L\u00f3pez y Monreal; \u201cqu\u00e9 relajo se traen con el dinero del Senado\u201d, cuestiona Lilly T\u00e9llez<\/p>\n\n\n\n<p class=\"wp-block-paragraph\">Tras la denuncia de Ad\u00e1n Augusto L\u00f3pez ante la Auditor\u00eda Superior de la Federaci\u00f3n por irregularidades en contratos por un monto de 150 millones de pesos, oposici\u00f3n reaccion\u00f3 a este enfrentamiento.<\/p>\n\n\n\n<p class=\"wp-block-paragraph\">La senadora panista, Lilly T\u00e9llez, durante la sesi\u00f3n del Senado enfrent\u00f3 a Ad\u00e1n Augusto L\u00f3pez cuestion\u00e1ndole \u201c\u00bfQu\u00e9 relajo traen con el dinero del Senado?\u201c<\/p>\n\n\n\n<p class=\"wp-block-paragraph\">Ante esto, el presidente del Senado, Fern\u00e1ndez Noro\u00f1a, le pidi\u00f3 a la panista que guardara silencio y no le levantar\u00e1 la voz. Noro\u00f1a argument\u00f3 que no era momento para discutir ese tema.<\/p>\n\n\n\n<p class=\"wp-block-paragraph\">\u201cAd\u00e1n Augusto \u00bfD\u00f3nde est\u00e1 el dinero?\u201c, grit\u00f3 la senadora. (El Universal)<\/p>\n","protected":false},"excerpt":{"rendered":"<p>Ciudad de M\u00e9xico.- El presidente de la Junta de Coordinaci\u00f3n Pol\u00edtica del Senado (Jucopo), Ad\u00e1n Augusto L\u00f3pez inform\u00f3 que la C\u00e1mara Alta present\u00f3 denuncias penales y administrativas, ante la Auditor\u00eda Superior de la Federaci\u00f3n por irregularidades en contratos por un monto de 150 millones de pesos. En entrevista, Ad\u00e1n Augusto explic\u00f3 que despu\u00e9s de una [&hellip;]<\/p>\n","protected":false},"author":6,"featured_media":49280,"comment_status":"open","ping_status":"open","sticky":false,"template":"","format":"standard","meta":{"_acf_changed":false,"_monsterinsights_skip_tracking":false,"slim_seo":{"title":"Chocan Ad\u00e1n Augusto y Ricardo Monreal por irregularidades en Senado - Opini\u00f3n P\u00fablica","description":"Ciudad de M\u00e9xico .- El presidente de la Junta de Coordinaci\u00f3n Pol\u00edtica del Senado (Jucopo), Ad\u00e1n Augusto L\u00f3pez inform\u00f3 que la C\u00e1mara Alta present\u00f3 denuncias pen"},"footnotes":""},"categories":[4],"tags":[],"class_list":["post-49277","post","type-post","status-publish","format-standard","has-post-thumbnail","hentry","category-pulsopolitico"],"acf":[],"_links":{"self":[{"href":"https:\/\/www.opinionpublica.tv\/portada\/wp-json\/wp\/v2\/posts\/49277","targetHints":{"allow":["GET"]}}],"collection":[{"href":"https:\/\/www.opinionpublica.tv\/portada\/wp-json\/wp\/v2\/posts"}],"about":[{"href":"https:\/\/www.opinionpublica.tv\/portada\/wp-json\/wp\/v2\/types\/post"}],"author":[{"embeddable":true,"href":"https:\/\/www.opinionpublica.tv\/portada\/wp-json\/wp\/v2\/users\/6"}],"replies":[{"embeddable":true,"href":"https:\/\/www.opinionpublica.tv\/portada\/wp-json\/wp\/v2\/comments?post=49277"}],"version-history":[{"count":3,"href":"https:\/\/www.opinionpublica.tv\/portada\/wp-json\/wp\/v2\/posts\/49277\/revisions"}],"predecessor-version":[{"id":49281,"href":"https:\/\/www.opinionpublica.tv\/portada\/wp-json\/wp\/v2\/posts\/49277\/revisions\/49281"}],"wp:featuredmedia":[{"embeddable":true,"href":"https:\/\/www.opinionpublica.tv\/portada\/wp-json\/wp\/v2\/media\/49280"}],"wp:attachment":[{"href":"https:\/\/www.opinionpublica.tv\/portada\/wp-json\/wp\/v2\/media?parent=49277"}],"wp:term":[{"taxonomy":"category","embeddable":true,"href":"https:\/\/www.opinionpublica.tv\/portada\/wp-json\/wp\/v2\/categories?post=49277"},{"taxonomy":"post_tag","embeddable":true,"href":"https:\/\/www.opinionpublica.tv\/portada\/wp-json\/wp\/v2\/tags?post=49277"}],"curies":[{"name":"wp","href":"https:\/\/api.w.org\/{rel}","templated":true}]}}