{"id":4927,"date":"2016-09-26T06:00:00","date_gmt":"2016-09-26T04:00:00","guid":{"rendered":"https:\/\/www.opinionpublica.tv\/portada\/2016\/09\/26\/peso-cae-0-19-por-debate-en-eu\/"},"modified":"2016-09-26T06:00:00","modified_gmt":"2016-09-26T04:00:00","slug":"peso-cae-0-19-por-debate-en-eu","status":"publish","type":"post","link":"https:\/\/www.opinionpublica.tv\/portada\/peso-cae-0-19-por-debate-en-eu\/","title":{"rendered":"Peso cae 0.19% por debate en EU"},"content":{"rendered":"<p><img fetchpriority=\"high\" decoding=\"async\" class=\" size-full wp-image-4926\" src=\"https:\/\/www.opinionpublica.tv\/portada\/wp-content\/uploads\/2016\/09\/159410b2d8aaed37af98fd73a83bd77e.jpg\" alt=\"\" width=\"634\" height=\"440\" srcset=\"https:\/\/www.opinionpublica.tv\/portada\/wp-content\/uploads\/2016\/09\/159410b2d8aaed37af98fd73a83bd77e.jpg 634w, https:\/\/www.opinionpublica.tv\/portada\/wp-content\/uploads\/2016\/09\/159410b2d8aaed37af98fd73a83bd77e-300x208.jpg 300w\" sizes=\"(max-width: 634px) 100vw, 634px\" \/><\/p>\n<p style=\"text-align: justify;\">El peso comienza la semana con una depreciaci\u00f3n de 0.19%, debido a la cautela de los inversionistas por el debate entre candidatos presidenciales de Estados Unidos y las bajas expectativas de un posible acuerdo entre exportadores de petr\u00f3leo para congelar la producci\u00f3n.<\/p>\n<p style=\"text-align: justify;\">As\u00ed, el peso cotiza en 19.8185 por d\u00f3lar, frente a los 19.78 pesos del precio de referencia de Reuters del viernes.<\/p>\n<p style=\"text-align: justify;\">Lee tambi\u00e9n: Debate entre Clinton y Trump mover\u00e1 el curso de Wall Street a corto plazo<\/p>\n<p style=\"text-align: justify;\">El d\u00f3lar libre en bancos de la Ciudad de M\u00e9xico se mantiene en los 20 pesos, registrando un precio m\u00e1ximo de 20.14 pesos en las ventanillas de BBVA Bancomer, nueve centavos m\u00e1s respecto al cierre del viernes en esta entidad bancaria.<\/p>\n<p style=\"text-align: justify;\">Scotiabank vende la divisa estadounidense en 20.12 pesos, mientras que Banamex y Santander la ofertan en 20.09. En promedio, el d\u00f3lar se vende en 20.02 pesos y se compra en 19.03.<\/p>\n<p style=\"text-align: justify;\">En casas de cambio del Aeropuerto Internacional de la Ciudad de M\u00e9xico, el d\u00f3lar estadounidense se ofrece en promedio en 19.35 pesos y se adquiere en 18.25 pesos. Con un precio m\u00e1ximo de 19.70 pesos a la venta y a un m\u00ednimo de 18.00 a la compra.<\/p>\n<p>Informaci\u00f3n de Forbes<\/p>\n","protected":false},"excerpt":{"rendered":"<p>El peso comienza la semana con una depreciaci\u00f3n de 0.19%, debido a la cautela de los inversionistas por el debate entre candidatos presidenciales de Estados Unidos y las bajas expectativas de un posible acuerdo entre exportadores de petr\u00f3leo para congelar la producci\u00f3n. As\u00ed, el peso cotiza en 19.8185 por d\u00f3lar, frente a los 19.78 pesos [&hellip;]<\/p>\n","protected":false},"author":1,"featured_media":4926,"comment_status":"open","ping_status":"open","sticky":false,"template":"","format":"standard","meta":{"_acf_changed":false,"_monsterinsights_skip_tracking":false,"slim_seo":{"title":"Peso cae 0.19% por debate en EU - Opini\u00f3n P\u00fablica","description":"El peso comienza la semana con una depreciaci\u00f3n de 0.19%, debido a la cautela de los inversionistas por el debate entre candidatos presidenciales de Estados Uni"},"footnotes":""},"categories":[9],"tags":[],"class_list":["post-4927","post","type-post","status-publish","format-standard","has-post-thumbnail","hentry","category-nacional"],"acf":[],"_links":{"self":[{"href":"https:\/\/www.opinionpublica.tv\/portada\/wp-json\/wp\/v2\/posts\/4927","targetHints":{"allow":["GET"]}}],"collection":[{"href":"https:\/\/www.opinionpublica.tv\/portada\/wp-json\/wp\/v2\/posts"}],"about":[{"href":"https:\/\/www.opinionpublica.tv\/portada\/wp-json\/wp\/v2\/types\/post"}],"author":[{"embeddable":true,"href":"https:\/\/www.opinionpublica.tv\/portada\/wp-json\/wp\/v2\/users\/1"}],"replies":[{"embeddable":true,"href":"https:\/\/www.opinionpublica.tv\/portada\/wp-json\/wp\/v2\/comments?post=4927"}],"version-history":[{"count":0,"href":"https:\/\/www.opinionpublica.tv\/portada\/wp-json\/wp\/v2\/posts\/4927\/revisions"}],"wp:featuredmedia":[{"embeddable":true,"href":"https:\/\/www.opinionpublica.tv\/portada\/wp-json\/wp\/v2\/media\/4926"}],"wp:attachment":[{"href":"https:\/\/www.opinionpublica.tv\/portada\/wp-json\/wp\/v2\/media?parent=4927"}],"wp:term":[{"taxonomy":"category","embeddable":true,"href":"https:\/\/www.opinionpublica.tv\/portada\/wp-json\/wp\/v2\/categories?post=4927"},{"taxonomy":"post_tag","embeddable":true,"href":"https:\/\/www.opinionpublica.tv\/portada\/wp-json\/wp\/v2\/tags?post=4927"}],"curies":[{"name":"wp","href":"https:\/\/api.w.org\/{rel}","templated":true}]}}