{"id":4923,"date":"2016-09-26T06:00:00","date_gmt":"2016-09-26T04:00:00","guid":{"rendered":"https:\/\/www.opinionpublica.tv\/portada\/2016\/09\/26\/efemerides-27-de-septiembre\/"},"modified":"2016-09-26T06:00:00","modified_gmt":"2016-09-26T04:00:00","slug":"efemerides-27-de-septiembre","status":"publish","type":"post","link":"https:\/\/www.opinionpublica.tv\/portada\/efemerides-27-de-septiembre\/","title":{"rendered":"Efem\u00e9rides 27 de Septiembre"},"content":{"rendered":"<img fetchpriority=\"high\" decoding=\"async\" class=\" size-full wp-image-4922\" src=\"https:\/\/www.opinionpublica.tv\/portada\/wp-content\/uploads\/2016\/09\/c10018f3843934a44da6fc5208ffef5b.jpg\" alt=\"\" class=\"caption\" title=\"San Bonfilio (ca. 1040 \u2013 ca. 1125) fue obispo de Foligno y santo italiano.\" width=\"200\" height=\"358\" srcset=\"https:\/\/www.opinionpublica.tv\/portada\/wp-content\/uploads\/2016\/09\/c10018f3843934a44da6fc5208ffef5b.jpg 200w, https:\/\/www.opinionpublica.tv\/portada\/wp-content\/uploads\/2016\/09\/c10018f3843934a44da6fc5208ffef5b-168x300.jpg 168w\" sizes=\"(max-width: 200px) 100vw, 200px\" \/>\n<p style=\"text-align: justify;\">Es el 270.\u00ba (ducent\u00e9simo septuag\u00e9simo) d\u00eda del a\u00f1o en el calendario gregoriano y el 271.\u00ba en los a\u00f1os bisiestos. Quedan 95\u00a0d\u00edas para finalizar el a\u00f1o.<\/p>\n<p><!--more--><\/p>\n<h2 style=\"text-align: justify;\"><span id=\"Acontecimientos\" class=\"mw-headline\">Acontecimientos<\/span><\/h2>\n<ul style=\"text-align: justify;\">\n<li><a title=\"1066\" href=\"https:\/\/es.wikipedia.org\/wiki\/1066\">1066<\/a>: <a title=\"Guillermo I de Inglaterra\" href=\"https:\/\/es.wikipedia.org\/wiki\/Guillermo_I_de_Inglaterra\">Guillermo I de Inglaterra<\/a> y su ej\u00e9rcito anclan en la desembocadura del r\u00edo <a class=\"mw-redirect\" title=\"Somme\" href=\"https:\/\/es.wikipedia.org\/wiki\/Somme\">Somme<\/a>, empezando la <a title=\"Conquista normanda de Inglaterra\" href=\"https:\/\/es.wikipedia.org\/wiki\/Conquista_normanda_de_Inglaterra\">Conquista normanda de Inglaterra<\/a>.<\/li>\n<li><a title=\"1290\" href=\"https:\/\/es.wikipedia.org\/wiki\/1290\">1290<\/a>: en <a title=\"Hebei\" href=\"https:\/\/es.wikipedia.org\/wiki\/Hebei\">Hebei<\/a> (<a title=\"Rep\u00fablica Popular China\" href=\"https:\/\/es.wikipedia.org\/wiki\/Rep%C3%BAblica_Popular_China\">China<\/a>), un terremoto de magnitud 6,7 en la <a title=\"Escala sismol\u00f3gica de Richter\" href=\"https:\/\/es.wikipedia.org\/wiki\/Escala_sismol%C3%B3gica_de_Richter\">escala sismol\u00f3gica de Richter<\/a> deja un saldo de 100\u00a0000\u00a0muertos. Ver <a class=\"mw-redirect\" title=\"Principales terremotos entre 901 y 1900\" href=\"https:\/\/es.wikipedia.org\/wiki\/Principales_terremotos_entre_901_y_1900\">Principales terremotos entre 901 y 1900<\/a>.<\/li>\n<li><a title=\"1333\" href=\"https:\/\/es.wikipedia.org\/wiki\/1333\">1333<\/a>: en <a title=\"Corona de Castilla\" href=\"https:\/\/es.wikipedia.org\/wiki\/Corona_de_Castilla\">Castilla<\/a>, el rey <a class=\"mw-redirect\" title=\"Alfonso XI\" href=\"https:\/\/es.wikipedia.org\/wiki\/Alfonso_XI\">Alfonso XI<\/a> entrega a la ciudad de <a title=\"Burgos\" href=\"https:\/\/es.wikipedia.org\/wiki\/Burgos\">Burgos<\/a> la villa de <a class=\"new\" title=\"Mu\u00f1\u00f3 (a\u00fan no redactado)\" href=\"https:\/\/es.wikipedia.org\/w\/index.php?title=Mu%C3%B1%C3%B3&amp;action=edit&amp;redlink=1\">Mu\u00f1\u00f3<\/a> y su extenso campo conocido con el nombre de <a class=\"new\" title=\"Merindad de Candemu\u00f1\u00f3 (a\u00fan no redactado)\" href=\"https:\/\/es.wikipedia.org\/w\/index.php?title=Merindad_de_Candemu%C3%B1%C3%B3&amp;action=edit&amp;redlink=1\">Can de Mu\u00f1\u00f3<\/a>.<\/li>\n<li><a title=\"1529\" href=\"https:\/\/es.wikipedia.org\/wiki\/1529\">1529<\/a>: el <a title=\"Sitio de Viena\" href=\"https:\/\/es.wikipedia.org\/wiki\/Sitio_de_Viena\">Sitio de Viena<\/a> comienza cuando <a class=\"mw-redirect\" title=\"Suleiman I\" href=\"https:\/\/es.wikipedia.org\/wiki\/Suleiman_I\">Suleiman I<\/a> ataca la ciudad.<\/li>\n<li><a title=\"1540\" href=\"https:\/\/es.wikipedia.org\/wiki\/1540\">1540<\/a>: la <a title=\"Compa\u00f1\u00eda de Jes\u00fas\" href=\"https:\/\/es.wikipedia.org\/wiki\/Compa%C3%B1%C3%ADa_de_Jes%C3%BAs\">Compa\u00f1\u00eda de Jes\u00fas<\/a> (los jesuitas) reciben la autorizaci\u00f3n del papa <a class=\"mw-redirect\" title=\"Pablo III\" href=\"https:\/\/es.wikipedia.org\/wiki\/Pablo_III\">Pablo III<\/a>.<\/li>\n<li><a title=\"1590\" href=\"https:\/\/es.wikipedia.org\/wiki\/1590\">1590<\/a>: en Roma, el papa <a title=\"Urbano VII\" href=\"https:\/\/es.wikipedia.org\/wiki\/Urbano_VII\">Urbano VII<\/a> muere 13 d\u00edas despu\u00e9s de haber sido elegido papa. Es el papado m\u00e1s corto de la historia.<\/li>\n<li><a title=\"1604\" href=\"https:\/\/es.wikipedia.org\/wiki\/1604\">1604<\/a>: en la ciudad de <a class=\"mw-redirect\" title=\"Santafe de Bogot\u00e1\" href=\"https:\/\/es.wikipedia.org\/wiki\/Santafe_de_Bogot%C3%A1\">Santafe de Bogot\u00e1<\/a> (en la actual Colombia), el arzobispo <a title=\"Bartolom\u00e9 Lobo Guerrero\" href=\"https:\/\/es.wikipedia.org\/wiki\/Bartolom%C3%A9_Lobo_Guerrero\">Bartolom\u00e9 Lobo Guerrero<\/a> funda el <a title=\"Colegio Mayor de San Bartolom\u00e9 (Bogot\u00e1)\" href=\"https:\/\/es.wikipedia.org\/wiki\/Colegio_Mayor_de_San_Bartolom%C3%A9_(Bogot%C3%A1)\">Colegio Mayor de San Bartolom\u00e9<\/a>, d\u00e1ndole dicha administraci\u00f3n a los padres <a title=\"Compa\u00f1\u00eda de Jes\u00fas\" href=\"https:\/\/es.wikipedia.org\/wiki\/Compa%C3%B1%C3%ADa_de_Jes%C3%BAs\">jesuitas<\/a>, quienes lo administran hasta el d\u00eda de hoy. Es el colegio m\u00e1s antiguo de ese pa\u00eds, debido a sus m\u00e1s de 400 a\u00f1os de labor educativa ininterrumpida.<\/li>\n<li><a title=\"1650\" href=\"https:\/\/es.wikipedia.org\/wiki\/1650\">1650<\/a>: en el <a title=\"Mar Egeo\" href=\"https:\/\/es.wikipedia.org\/wiki\/Mar_Egeo\">mar Egeo<\/a>, a 8 km al noreste de la isla <a class=\"mw-redirect\" title=\"Santor\u00edn\" href=\"https:\/\/es.wikipedia.org\/wiki\/Santor%C3%ADn\">Santorini<\/a>, el volc\u00e1n submarino Kolumbo entra en erupci\u00f3n, lanzando <a title=\"Flujo pirocl\u00e1stico\" href=\"https:\/\/es.wikipedia.org\/wiki\/Flujo_pirocl%C3%A1stico\">flujo pirocl\u00e1stico<\/a> sobre la costa de la isla, matando a unas 70\u00a0personas y a muchos animales. El volc\u00e1n colaps\u00f3 dentro de su caldera, generando un tsunami a 150\u00a0km a la redonda.<sup id=\"cite_ref-1\" class=\"reference\"><a href=\"https:\/\/es.wikipedia.org\/wiki\/27_de_septiembre#cite_note-1\">1<\/a><\/sup><\/li>\n<li><a title=\"1669\" href=\"https:\/\/es.wikipedia.org\/wiki\/1669\">1669<\/a>: en <a title=\"Heracli\u00f3n\" href=\"https:\/\/es.wikipedia.org\/wiki\/Heracli%C3%B3n\">Heracli\u00f3n<\/a> (<a title=\"Creta\" href=\"https:\/\/es.wikipedia.org\/wiki\/Creta\">Creta<\/a>) los invasores <a title=\"Venecia\" href=\"https:\/\/es.wikipedia.org\/wiki\/Venecia\">venecianos<\/a> entregan la fortaleza de Cand\u00eda a los invasores <a title=\"Imperio otomano\" href=\"https:\/\/es.wikipedia.org\/wiki\/Imperio_otomano\">otomanos<\/a>; terminan as\u00ed los 21\u00a0a\u00f1os del <a title=\"Sitio de Cand\u00eda\" href=\"https:\/\/es.wikipedia.org\/wiki\/Sitio_de_Cand%C3%ADa\">sitio de Cand\u00eda<\/a>.<\/li>\n<li><a title=\"1810\" href=\"https:\/\/es.wikipedia.org\/wiki\/1810\">1810<\/a>: en <a title=\"Santiago de Chile\" href=\"https:\/\/es.wikipedia.org\/wiki\/Santiago_de_Chile\">Santiago de Chile<\/a> se forma primera junta nacional de Gobierno.<\/li>\n<li><a title=\"1821\" href=\"https:\/\/es.wikipedia.org\/wiki\/1821\">1821<\/a>: en <a title=\"M\u00e9xico\" href=\"https:\/\/es.wikipedia.org\/wiki\/M%C3%A9xico\">M\u00e9xico<\/a>, el <a title=\"Ej\u00e9rcito Trigarante\" href=\"https:\/\/es.wikipedia.org\/wiki\/Ej%C3%A9rcito_Trigarante\">Ej\u00e9rcito Trigarante<\/a> (al mando de <a title=\"Agust\u00edn de Iturbide\" href=\"https:\/\/es.wikipedia.org\/wiki\/Agust%C3%ADn_de_Iturbide\">Agust\u00edn de Iturbide<\/a>) entra triunfalmente a la <a title=\"Ciudad de M\u00e9xico\" href=\"https:\/\/es.wikipedia.org\/wiki\/Ciudad_de_M%C3%A9xico\">Ciudad de M\u00e9xico<\/a>. Se consuma la <a title=\"Independencia de M\u00e9xico\" href=\"https:\/\/es.wikipedia.org\/wiki\/Independencia_de_M%C3%A9xico#La_consumaci.C3.B3n_de_la_independencia\">independencia de M\u00e9xico<\/a>.<\/li>\n<li><a title=\"1822\" href=\"https:\/\/es.wikipedia.org\/wiki\/1822\">1822<\/a>: en Francia, <a title=\"Jean-Fran\u00e7ois Champollion\" href=\"https:\/\/es.wikipedia.org\/wiki\/Jean-Fran%C3%A7ois_Champollion\">Jean-Fran\u00e7ois Champollion<\/a> anuncia que ha descifrado la <a class=\"mw-redirect\" title=\"Piedra Rosetta\" href=\"https:\/\/es.wikipedia.org\/wiki\/Piedra_Rosetta\">piedra Rosetta<\/a>.<\/li>\n<li><a title=\"1841\" href=\"https:\/\/es.wikipedia.org\/wiki\/1841\">1841<\/a>: en <a title=\"Pamplona\" href=\"https:\/\/es.wikipedia.org\/wiki\/Pamplona\">Pamplona<\/a> (<a title=\"Espa\u00f1a\" href=\"https:\/\/es.wikipedia.org\/wiki\/Espa%C3%B1a\">Espa\u00f1a<\/a>), el general <a title=\"Leopoldo O'Donnell\" href=\"https:\/\/es.wikipedia.org\/wiki\/Leopoldo_O%27Donnell\">Leopoldo O&#8217;Donnell<\/a> encabeza un movimiento contra <a title=\"Baldomero Espartero\" href=\"https:\/\/es.wikipedia.org\/wiki\/Baldomero_Espartero\">Baldomero Espartero<\/a>, cuyo objetivo es colocar de nuevo en el trono a <a class=\"mw-redirect\" title=\"Mar\u00eda Cristina de Borb\u00f3n\" href=\"https:\/\/es.wikipedia.org\/wiki\/Mar%C3%ADa_Cristina_de_Borb%C3%B3n\">Mar\u00eda Cristina de Borb\u00f3n<\/a>.<\/li>\n<li><a title=\"1896\" href=\"https:\/\/es.wikipedia.org\/wiki\/1896\">1896<\/a> (d\u00eda de san Dami\u00e1n): en los bosques de <a title=\"Aba\u00ed\" href=\"https:\/\/es.wikipedia.org\/wiki\/Aba%C3%AD\">Sando\u00e1<\/a> (en el oriente de <a title=\"Paraguay\" href=\"https:\/\/es.wikipedia.org\/wiki\/Paraguay\">Paraguay<\/a>), colonos paraguayos matan a <a title=\"Escopeta\" href=\"https:\/\/es.wikipedia.org\/wiki\/Escopeta\">tiros<\/a> y <a class=\"mw-redirect\" title=\"Machete (arma)\" href=\"https:\/\/es.wikipedia.org\/wiki\/Machete_(arma)\">machetazos<\/a> a una familia de la etnia<a class=\"mw-redirect\" title=\"Ach\u00e9\" href=\"https:\/\/es.wikipedia.org\/wiki\/Ach%C3%A9\">ach\u00e9<\/a> y secuestran a una ni\u00f1a sobreviviente, <a class=\"new\" title=\"Kr\u00ffgu\u00ed (a\u00fan no redactado)\" href=\"https:\/\/es.wikipedia.org\/w\/index.php?title=Kr%C3%BFgu%C3%AD&amp;action=edit&amp;redlink=1\">Kr\u00ffgu\u00ed<\/a> (de tres\u00a0a\u00f1os) \u2015a la que bautizan Damiana\u2015. El antrop\u00f3logo neerland\u00e9s <a class=\"new\" title=\"Hernan F. C. Ten Kate (a\u00fan no redactado)\" href=\"https:\/\/es.wikipedia.org\/w\/index.php?title=Hernan_F._C._Ten_Kate&amp;action=edit&amp;redlink=1\">Hernan F. C. Ten Kate<\/a> (1859-1931) y el franc\u00e9s <a class=\"new\" title=\"Charles de la Hitte (a\u00fan no redactado)\" href=\"https:\/\/es.wikipedia.org\/w\/index.php?title=Charles_de_la_Hitte&amp;action=edit&amp;redlink=1\">Charles de la Hitte<\/a> se la compran para estudiar el \u00ab<a title=\"Eslab\u00f3n perdido\" href=\"https:\/\/es.wikipedia.org\/wiki\/Eslab%C3%B3n_perdido\">eslab\u00f3n perdido<\/a>\u00bb entre los monos y los seres humanos.<sup id=\"cite_ref-2\" class=\"reference\"><a href=\"https:\/\/es.wikipedia.org\/wiki\/27_de_septiembre#cite_note-2\">2<\/a><\/sup><\/li>\n<li><a title=\"1902\" href=\"https:\/\/es.wikipedia.org\/wiki\/1902\">1902<\/a>: en la ciudad de <a title=\"San Miguel de Tucum\u00e1n\" href=\"https:\/\/es.wikipedia.org\/wiki\/San_Miguel_de_Tucum%C3%A1n\">San Miguel de Tucum\u00e1n<\/a> (<a title=\"Argentina\" href=\"https:\/\/es.wikipedia.org\/wiki\/Argentina\">Argentina<\/a>), se funda el <a title=\"Club Atl\u00e9tico Tucum\u00e1n\" href=\"https:\/\/es.wikipedia.org\/wiki\/Club_Atl%C3%A9tico_Tucum%C3%A1n\">Club Atl\u00e9tico Tucum\u00e1n<\/a>.<\/li>\n<li><a title=\"1905\" href=\"https:\/\/es.wikipedia.org\/wiki\/1905\">1905<\/a>: el diario cient\u00edfico <i>Annalen der Physik<\/i> reciben el tratado de <a title=\"Albert Einstein\" href=\"https:\/\/es.wikipedia.org\/wiki\/Albert_Einstein\">Albert Einstein<\/a> \u00ab\u00bfLa inercia de un cuerpo depende de su contenido energ\u00e9tico?\u00bb, donde introduce la ecuaci\u00f3n <a title=\"Equivalencia entre masa y energ\u00eda\" href=\"https:\/\/es.wikipedia.org\/wiki\/Equivalencia_entre_masa_y_energ%C3%ADa\">E=mc\u00b2<\/a>.<\/li>\n<li><a title=\"1908\" href=\"https:\/\/es.wikipedia.org\/wiki\/1908\">1908<\/a>: la primera producci\u00f3n del <a class=\"mw-redirect\" title=\"Modelo T\" href=\"https:\/\/es.wikipedia.org\/wiki\/Modelo_T\">Modelo T<\/a> de <a class=\"mw-redirect\" title=\"Ford\" href=\"https:\/\/es.wikipedia.org\/wiki\/Ford\">Ford<\/a> son construidos en la Planta Piquette en <a title=\"Detroit\" href=\"https:\/\/es.wikipedia.org\/wiki\/Detroit\">Detroit<\/a>.<\/li>\n<li><a title=\"1916\" href=\"https:\/\/es.wikipedia.org\/wiki\/1916\">1916<\/a>: <a class=\"new\" title=\"Iyasu (a\u00fan no redactado)\" href=\"https:\/\/es.wikipedia.org\/w\/index.php?title=Iyasu&amp;action=edit&amp;redlink=1\">Iyasu<\/a> es derrocado como gobernante de <a title=\"Etiop\u00eda\" href=\"https:\/\/es.wikipedia.org\/wiki\/Etiop%C3%ADa\">Etiop\u00eda<\/a> en un golpe de Estado en favor de su t\u00edo <a title=\"Zauditu\" href=\"https:\/\/es.wikipedia.org\/wiki\/Zauditu\">Zauditu<\/a>.<\/li>\n<li><a title=\"1922\" href=\"https:\/\/es.wikipedia.org\/wiki\/1922\">1922<\/a>: el rey <a title=\"Constantino I de Grecia\" href=\"https:\/\/es.wikipedia.org\/wiki\/Constantino_I_de_Grecia\">Constantino I de Grecia<\/a> abdica en favor de su hijo mayor, <a title=\"Jorge II de Grecia\" href=\"https:\/\/es.wikipedia.org\/wiki\/Jorge_II_de_Grecia\">Jorge II<\/a>.<\/li>\n<li><a title=\"1928\" href=\"https:\/\/es.wikipedia.org\/wiki\/1928\">1928<\/a>: en <a class=\"mw-redirect\" title=\"Buenos Aires (Argentina)\" href=\"https:\/\/es.wikipedia.org\/wiki\/Buenos_Aires_(Argentina)\">Buenos Aires (Argentina)<\/a> se crea la <a title=\"L\u00ednea 59 (Buenos Aires)\" href=\"https:\/\/es.wikipedia.org\/wiki\/L%C3%ADnea_59_(Buenos_Aires)\">l\u00ednea 59<\/a> de <a class=\"mw-redirect\" title=\"Colectivo (Argentina)\" href=\"https:\/\/es.wikipedia.org\/wiki\/Colectivo_(Argentina)\">colectivos<\/a>, la primera l\u00ednea de Latinoam\u00e9rica.<\/li>\n<li>1928: la <a title=\"Rep\u00fablica de China\" href=\"https:\/\/es.wikipedia.org\/wiki\/Rep%C3%BAblica_de_China\">Rep\u00fablica de China<\/a> es reconocida por los <a title=\"Estados Unidos\" href=\"https:\/\/es.wikipedia.org\/wiki\/Estados_Unidos\">Estados Unidos<\/a>.<\/li>\n<li><a title=\"1936\" href=\"https:\/\/es.wikipedia.org\/wiki\/1936\">1936<\/a>: en el <a title=\"Alc\u00e1zar de Toledo\" href=\"https:\/\/es.wikipedia.org\/wiki\/Alc%C3%A1zar_de_Toledo\">Alc\u00e1zar de Toledo<\/a> (Espa\u00f1a), las tropas de la 5.\u00aa\u00a0bandera de la <a title=\"Legi\u00f3n Espa\u00f1ola\" href=\"https:\/\/es.wikipedia.org\/wiki\/Legi%C3%B3n_Espa%C3%B1ola\">Legi\u00f3n Espa\u00f1ola<\/a>, al mando del general <a title=\"Jos\u00e9 Enrique Varela\" href=\"https:\/\/es.wikipedia.org\/wiki\/Jos%C3%A9_Enrique_Varela\">Jos\u00e9 Varela<\/a>, levantan el <a class=\"mw-redirect\" title=\"Asedio del Alc\u00e1zar\" href=\"https:\/\/es.wikipedia.org\/wiki\/Asedio_del_Alc%C3%A1zar\">asedio al Alc\u00e1zar<\/a>.<\/li>\n<li><a title=\"1937\" href=\"https:\/\/es.wikipedia.org\/wiki\/1937\">1937<\/a>: se declara extinguido el <a class=\"mw-redirect\" title=\"Tigre de Bali\" href=\"https:\/\/es.wikipedia.org\/wiki\/Tigre_de_Bali\">tigre de Bali<\/a>.<\/li>\n<li><a title=\"1939\" href=\"https:\/\/es.wikipedia.org\/wiki\/1939\">1939<\/a>: <a title=\"Varsovia\" href=\"https:\/\/es.wikipedia.org\/wiki\/Varsovia\">Varsovia<\/a>, sitiada, se rinde a las tropas alemanas, que capturan unos 160 000\u00a0soldados.<\/li>\n<li><a title=\"1940\" href=\"https:\/\/es.wikipedia.org\/wiki\/1940\">1940<\/a>: <a title=\"Imperio del Jap\u00f3n\" href=\"https:\/\/es.wikipedia.org\/wiki\/Imperio_del_Jap%C3%B3n\">Jap\u00f3n<\/a>, <a class=\"mw-redirect\" title=\"Alemania Nazi\" href=\"https:\/\/es.wikipedia.org\/wiki\/Alemania_Nazi\">Alemania<\/a> e <a title=\"Italia fascista\" href=\"https:\/\/es.wikipedia.org\/wiki\/Italia_fascista\">Italia<\/a> firman el <a title=\"Pacto Tripartito\" href=\"https:\/\/es.wikipedia.org\/wiki\/Pacto_Tripartito\">Pacto del Eje<\/a>.<\/li>\n<li><a title=\"1942\" href=\"https:\/\/es.wikipedia.org\/wiki\/1942\">1942<\/a>: \u00faltimo d\u00eda de asalto <a class=\"new\" title=\"Matanikau (a\u00fan no redactado)\" href=\"https:\/\/es.wikipedia.org\/w\/index.php?title=Matanikau&amp;action=edit&amp;redlink=1\">Matanikau<\/a> en <a class=\"mw-redirect\" title=\"Guadalcanal (isla)\" href=\"https:\/\/es.wikipedia.org\/wiki\/Guadalcanal_(isla)\">Guadalcanal<\/a>: los marines estadounidenses escapan de un ataque de las fuerzas japonesas cerca del r\u00edo <a class=\"new\" title=\"Matanikau (a\u00fan no redactado)\" href=\"https:\/\/es.wikipedia.org\/w\/index.php?title=Matanikau&amp;action=edit&amp;redlink=1\">Matanikau<\/a>.<\/li>\n<li><a title=\"1949\" href=\"https:\/\/es.wikipedia.org\/wiki\/1949\">1949<\/a>: la primera sesi\u00f3n plenaria de la <a title=\"Asamblea Popular Nacional de China\" href=\"https:\/\/es.wikipedia.org\/wiki\/Asamblea_Popular_Nacional_de_China\">Asamblea Popular Nacional de China<\/a> aprueba el dise\u00f1o de la bandera de la <a class=\"mw-redirect\" title=\"Rep\u00fablica Popular de China\" href=\"https:\/\/es.wikipedia.org\/wiki\/Rep%C3%BAblica_Popular_de_China\">Rep\u00fablica Popular de China<\/a>.<\/li>\n<li><a title=\"1953\" href=\"https:\/\/es.wikipedia.org\/wiki\/1953\">1953<\/a>: en <a title=\"Brasil\" href=\"https:\/\/es.wikipedia.org\/wiki\/Brasil\">Brasil<\/a> se funda la red <a title=\"Rede Record\" href=\"https:\/\/es.wikipedia.org\/wiki\/Rede_Record\">TV Record<\/a>.<\/li>\n<li><a title=\"1955\" href=\"https:\/\/es.wikipedia.org\/wiki\/1955\">1955<\/a>: Espa\u00f1a \u2015bajo la <a class=\"mw-redirect\" title=\"Dictadura franquista\" href=\"https:\/\/es.wikipedia.org\/wiki\/Dictadura_franquista\">dictadura franquista<\/a>\u2015 solicita el ingreso en la <a class=\"mw-redirect\" title=\"ONU\" href=\"https:\/\/es.wikipedia.org\/wiki\/ONU\">ONU<\/a>.<\/li>\n<li><a title=\"1956\" href=\"https:\/\/es.wikipedia.org\/wiki\/1956\">1956<\/a>: el capit\u00e1n estadounidense <a class=\"new\" title=\"Milburn G. Apt (a\u00fan no redactado)\" href=\"https:\/\/es.wikipedia.org\/w\/index.php?title=Milburn_G._Apt&amp;action=edit&amp;redlink=1\">Milburn G. Apt<\/a> se convierte en el primer hombre de la historia en superar la velocidad <a class=\"mw-redirect\" title=\"Mach 3\" href=\"https:\/\/es.wikipedia.org\/wiki\/Mach_3\">mach\u00a03<\/a> mientras volaba el avi\u00f3n <i><a title=\"Bell X-2\" href=\"https:\/\/es.wikipedia.org\/wiki\/Bell_X-2\">Bell X-2<\/a><\/i>. Poco despu\u00e9s, perdi\u00f3 el control de la nave y muri\u00f3 al estrellarse.<\/li>\n<li><a title=\"1957\" href=\"https:\/\/es.wikipedia.org\/wiki\/1957\">1957<\/a>: en la <a title=\"Provincia de C\u00f3rdoba (Argentina)\" href=\"https:\/\/es.wikipedia.org\/wiki\/Provincia_de_C%C3%B3rdoba_(Argentina)\">provincia de C\u00f3rdoba<\/a> (Argentina), las 62 Organizaciones Peronistas \u2015creadas el mes anterior en Buenos Aires en el marco de la <a class=\"mw-redirect\" title=\"Revoluci\u00f3n &quot;Libertadora&quot; (Argentina)\" href=\"https:\/\/es.wikipedia.org\/wiki\/Revoluci%C3%B3n_%22Libertadora%22_(Argentina)\">dictadura militar<\/a> autodenominada Revoluci\u00f3n \u00abLibertadora\u00bb\u2015 organizan un paro nacional, y lanzan el Programa de <a class=\"mw-redirect\" title=\"La Falda (provincia de C\u00f3rdoba)\" href=\"https:\/\/es.wikipedia.org\/wiki\/La_Falda_(provincia_de_C%C3%B3rdoba)\">La Falda<\/a>: \u00abControl estatal del comercio exterior, pol\u00edtica de alto consumo interno, expropiaci\u00f3n de los latifundios, control obrero de la producci\u00f3n, control popular de los precios, solidaridad de la clase trabajadora con las luchas de liberaci\u00f3n nacional de los pueblos oprimidos\u00bb.<\/li>\n<li><a title=\"1960\" href=\"https:\/\/es.wikipedia.org\/wiki\/1960\">1960<\/a>: en <a title=\"M\u00e9xico\" href=\"https:\/\/es.wikipedia.org\/wiki\/M%C3%A9xico\">M\u00e9xico<\/a>, el presidente <a title=\"Adolfo L\u00f3pez Mateos\" href=\"https:\/\/es.wikipedia.org\/wiki\/Adolfo_L%C3%B3pez_Mateos\">Adolfo L\u00f3pez Mateos<\/a> nacionaliza la industria el\u00e9ctrica.<\/li>\n<li><a title=\"1961\" href=\"https:\/\/es.wikipedia.org\/wiki\/1961\">1961<\/a>: <a title=\"Sierra Leona\" href=\"https:\/\/es.wikipedia.org\/wiki\/Sierra_Leona\">Sierra Leona<\/a> se une a la <a class=\"mw-redirect\" title=\"ONU\" href=\"https:\/\/es.wikipedia.org\/wiki\/ONU\">ONU<\/a>.<\/li>\n<li><a title=\"1962\" href=\"https:\/\/es.wikipedia.org\/wiki\/1962\">1962<\/a>: se establece <a title=\"Yemen del Norte\" href=\"https:\/\/es.wikipedia.org\/wiki\/Yemen_del_Norte\">Yemen del Norte<\/a>.<\/li>\n<li><a title=\"1963\" href=\"https:\/\/es.wikipedia.org\/wiki\/1963\">1963<\/a>: se transmite por radio el primer episodio de la serie <i><a title=\"Kalimantan\" href=\"https:\/\/es.wikipedia.org\/wiki\/Kalimantan\">Kalim\u00e1n<\/a><\/i>.<\/li>\n<li><a title=\"1964\" href=\"https:\/\/es.wikipedia.org\/wiki\/1964\">1964<\/a>: en Washington (Estados Unidos), la <a title=\"Comisi\u00f3n Warren\" href=\"https:\/\/es.wikipedia.org\/wiki\/Comisi%C3%B3n_Warren\">Comisi\u00f3n Warren<\/a> hace p\u00fablico el informe sobre el asesinato de <a title=\"John F. Kennedy\" href=\"https:\/\/es.wikipedia.org\/wiki\/John_F._Kennedy\">John F. Kennedy<\/a>, seg\u00fan el cual <a title=\"Lee Harvey Oswald\" href=\"https:\/\/es.wikipedia.org\/wiki\/Lee_Harvey_Oswald\">Lee Harvey Oswald<\/a> es el \u00fanico responsable del <a title=\"Asesinato de John F. Kennedy\" href=\"https:\/\/es.wikipedia.org\/wiki\/Asesinato_de_John_F._Kennedy\">atentado de Dallas<\/a>.<\/li>\n<li><a title=\"1967\" href=\"https:\/\/es.wikipedia.org\/wiki\/1967\">1967<\/a>: en el <a class=\"mw-redirect\" title=\"\u00c1rea de pruebas at\u00f3micas de Nevada\" href=\"https:\/\/es.wikipedia.org\/wiki\/%C3%81rea_de_pruebas_at%C3%B3micas_de_Nevada\">\u00e1rea de pruebas at\u00f3micas de Nevada<\/a> (a unos 100\u00a0km al noroeste de la ciudad de <a title=\"Las Vegas\" href=\"https:\/\/es.wikipedia.org\/wiki\/Las_Vegas\">Las Vegas<\/a>), a las 9:00 (hora local), Estados Unidos detona a 667\u00a0m bajo tierra su <a title=\"Bomba at\u00f3mica\" href=\"https:\/\/es.wikipedia.org\/wiki\/Bomba_at%C3%B3mica\">bomba at\u00f3mica<\/a> <a class=\"new\" title=\"Operaci\u00f3n Crosstie (a\u00fan no redactado)\" href=\"https:\/\/es.wikipedia.org\/w\/index.php?title=Operaci%C3%B3n_Crosstie&amp;action=edit&amp;redlink=1\"><i>Zaza<\/i><\/a>, de 160\u00a0<a class=\"mw-redirect\" title=\"Kilotones\" href=\"https:\/\/es.wikipedia.org\/wiki\/Kilotones\">kt<\/a>. Es la bomba\u00a0n.\u00ba\u00a0522 de las 1129 que Estados Unidos deton\u00f3 entre 1945 y 1992.<\/li>\n<li><a title=\"1970\" href=\"https:\/\/es.wikipedia.org\/wiki\/1970\">1970<\/a>: en la <a title=\"Ciudad del Vaticano\" href=\"https:\/\/es.wikipedia.org\/wiki\/Ciudad_del_Vaticano\">Ciudad del Vaticano<\/a>, el papa <a title=\"Pablo VI\" href=\"https:\/\/es.wikipedia.org\/wiki\/Pablo_VI\">Pablo VI<\/a> declara a santa <a class=\"mw-redirect\" title=\"Teresa de \u00c1vila\" href=\"https:\/\/es.wikipedia.org\/wiki\/Teresa_de_%C3%81vila\">Teresa de \u00c1vila<\/a> (doctora honoris causa por la <a title=\"Universidad de Salamanca\" href=\"https:\/\/es.wikipedia.org\/wiki\/Universidad_de_Salamanca\">Universidad de Salamanca<\/a>) como la primera mujer <a class=\"mw-redirect\" title=\"Doctora de la Iglesia\" href=\"https:\/\/es.wikipedia.org\/wiki\/Doctora_de_la_Iglesia\">Doctora de la Iglesia<\/a>.<\/li>\n<li><a title=\"1975\" href=\"https:\/\/es.wikipedia.org\/wiki\/1975\">1975<\/a>: en Espa\u00f1a, el Gobierno fusila a tres militantes del <a title=\"Frente Revolucionario Antifascista y Patriota\" href=\"https:\/\/es.wikipedia.org\/wiki\/Frente_Revolucionario_Antifascista_y_Patriota\">FRAP<\/a> (Frente Revolucionario Antifascista y Patriota) y del <a class=\"mw-redirect\" title=\"PCE (m-l)\" href=\"https:\/\/es.wikipedia.org\/wiki\/PCE_(m-l)\">PCE<\/a> (Partido Comunista de Espa\u00f1a), y a dos militantes de <a class=\"mw-redirect\" title=\"ETA\" href=\"https:\/\/es.wikipedia.org\/wiki\/ETA\">ETA<\/a>. Son los \u00faltimos fusilamientos de la <a class=\"mw-redirect\" title=\"Dictadura franquista\" href=\"https:\/\/es.wikipedia.org\/wiki\/Dictadura_franquista\">dictadura franquista<\/a>.<\/li>\n<li><a title=\"1983\" href=\"https:\/\/es.wikipedia.org\/wiki\/1983\">1983<\/a>: en Estados Unidos, <a title=\"Richard Stallman\" href=\"https:\/\/es.wikipedia.org\/wiki\/Richard_Stallman\">Richard Stallman<\/a> anuncia el desarrollo del sistema operativo <a title=\"GNU\" href=\"https:\/\/es.wikipedia.org\/wiki\/GNU\">GNU<\/a>.<\/li>\n<li><a title=\"1984\" href=\"https:\/\/es.wikipedia.org\/wiki\/1984\">1984<\/a>: en Madrid, el <a class=\"mw-redirect\" title=\"Congreso de los Diputados de Espa\u00f1a\" href=\"https:\/\/es.wikipedia.org\/wiki\/Congreso_de_los_Diputados_de_Espa%C3%B1a\">Congreso espa\u00f1ol<\/a> aprueba una <a title=\"Ley org\u00e1nica\" href=\"https:\/\/es.wikipedia.org\/wiki\/Ley_org%C3%A1nica\">Ley org\u00e1nica<\/a> contra <a class=\"mw-redirect\" title=\"Terroristas\" href=\"https:\/\/es.wikipedia.org\/wiki\/Terroristas\">terroristas<\/a> y bandas armadas.<\/li>\n<li><a title=\"1986\" href=\"https:\/\/es.wikipedia.org\/wiki\/1986\">1986<\/a>: en <a class=\"mw-redirect\" title=\"Kronoberg\" href=\"https:\/\/es.wikipedia.org\/wiki\/Kronoberg\">Kronoberg<\/a> (<a title=\"Suecia\" href=\"https:\/\/es.wikipedia.org\/wiki\/Suecia\">Suecia<\/a>) muere en un accidente de autob\u00fas <a title=\"Cliff Burton\" href=\"https:\/\/es.wikipedia.org\/wiki\/Cliff_Burton\">Cliff Burton<\/a> (24), bajista de la banda de metal <a title=\"Metallica\" href=\"https:\/\/es.wikipedia.org\/wiki\/Metallica\">Metallica<\/a>.<\/li>\n<li><a title=\"1988\" href=\"https:\/\/es.wikipedia.org\/wiki\/1988\">1988<\/a>: en la <a title=\"Provincia de M\u00e1laga\" href=\"https:\/\/es.wikipedia.org\/wiki\/Provincia_de_M%C3%A1laga\">provincia de M\u00e1laga<\/a> (Espa\u00f1a), <a title=\"Torremolinos\" href=\"https:\/\/es.wikipedia.org\/wiki\/Torremolinos\">Torremolinos<\/a> se segrega de <a title=\"M\u00e1laga\" href=\"https:\/\/es.wikipedia.org\/wiki\/M%C3%A1laga\">M\u00e1laga<\/a> y se constituye como municipio.<\/li>\n<li><a title=\"1996\" href=\"https:\/\/es.wikipedia.org\/wiki\/1996\">1996<\/a>: en <a title=\"Afganist\u00e1n\" href=\"https:\/\/es.wikipedia.org\/wiki\/Afganist%C3%A1n\">Afganist\u00e1n<\/a>, los <a class=\"mw-redirect\" title=\"Talibanes\" href=\"https:\/\/es.wikipedia.org\/wiki\/Talibanes\">talibanes<\/a> toman <a title=\"Kabul\" href=\"https:\/\/es.wikipedia.org\/wiki\/Kabul\">Kabul<\/a>.<\/li>\n<li><a title=\"1998\" href=\"https:\/\/es.wikipedia.org\/wiki\/1998\">1998<\/a>: en Estados Unidos empieza a funcionar en <a title=\"Internet\" href=\"https:\/\/es.wikipedia.org\/wiki\/Internet\">Internet<\/a> el <a title=\"Motor de b\u00fasqueda\" href=\"https:\/\/es.wikipedia.org\/wiki\/Motor_de_b%C3%BAsqueda\">motor de b\u00fasqueda<\/a> de <a title=\"Google\" href=\"https:\/\/es.wikipedia.org\/wiki\/Google\">Google<\/a>, el <a title=\"Buscador de Google\" href=\"https:\/\/es.wikipedia.org\/wiki\/Buscador_de_Google\">buscador de Google<\/a>.<\/li>\n<li><a title=\"2000\" href=\"https:\/\/es.wikipedia.org\/wiki\/2000\">2000<\/a>: en el Congreso de los Diputados, en Madrid (Espa\u00f1a), familiares de 254 v\u00edctimas del terrorismo reciben un reconocimiento civil.<\/li>\n<li><a title=\"2003\" href=\"https:\/\/es.wikipedia.org\/wiki\/2003\">2003<\/a>: en el <a title=\"Puerto espacial de Kourou\" href=\"https:\/\/es.wikipedia.org\/wiki\/Puerto_espacial_de_Kourou\">puerto espacial de Kourou<\/a> (<a title=\"Guayana Francesa\" href=\"https:\/\/es.wikipedia.org\/wiki\/Guayana_Francesa\">Guayana Francesa<\/a>) la <a title=\"Agencia Espacial Europea\" href=\"https:\/\/es.wikipedia.org\/wiki\/Agencia_Espacial_Europea\">Agencia Espacial Europea<\/a> lanza la sonda lunar <i><a title=\"SMART-1\" href=\"https:\/\/es.wikipedia.org\/wiki\/SMART-1\">SMART-1<\/a><\/i>.<\/li>\n<li><a title=\"2007\" href=\"https:\/\/es.wikipedia.org\/wiki\/2007\">2007<\/a>: desde Estados Unidos, la <a title=\"NASA\" href=\"https:\/\/es.wikipedia.org\/wiki\/NASA\">NASA<\/a> lanza la sonda <a title=\"Dawn (sonda espacial)\" href=\"https:\/\/es.wikipedia.org\/wiki\/Dawn_(sonda_espacial)\"><i>Dawn<\/i><\/a> para explorar el asteroide <a title=\"(4) Vesta\" href=\"https:\/\/es.wikipedia.org\/wiki\/(4)_Vesta\">Vesta<\/a> y el planeta enano <a title=\"Ceres (planeta enano)\" href=\"https:\/\/es.wikipedia.org\/wiki\/Ceres_(planeta_enano)\">Ceres<\/a>.<\/li>\n<li><a title=\"2008\" href=\"https:\/\/es.wikipedia.org\/wiki\/2008\">2008<\/a>: <a title=\"Zhai Zhigang\" href=\"https:\/\/es.wikipedia.org\/wiki\/Zhai_Zhigang\">Zhai Zhigang<\/a> se convierte en el primer chino que realiza un paseo espacial mientras pilota el <i><a title=\"Shenzhou 7\" href=\"https:\/\/es.wikipedia.org\/wiki\/Shenzhou_7\">Shenzhou 7<\/a><\/i>.<\/li>\n<li><a title=\"2011\" href=\"https:\/\/es.wikipedia.org\/wiki\/2011\">2011<\/a>: la <a title=\"Tierra\" href=\"https:\/\/es.wikipedia.org\/wiki\/Tierra\">Tierra<\/a> y el <a title=\"Sol\" href=\"https:\/\/es.wikipedia.org\/wiki\/Sol\">Sol<\/a> se alinean con el min\u00fasculo <a class=\"mw-redirect\" title=\"Cometa Elen\u00edn\" href=\"https:\/\/es.wikipedia.org\/wiki\/Cometa_Elen%C3%ADn\">cometa Elen\u00edn<\/a>, sin causar los acontecimientos <i>predichos<\/i> por <a class=\"mw-redirect\" title=\"Astr\u00f3logos\" href=\"https:\/\/es.wikipedia.org\/wiki\/Astr%C3%B3logos\">astr\u00f3logos<\/a>.<\/li>\n<\/ul>\n<h2 style=\"text-align: justify;\"><span id=\"Nacimientos\" class=\"mw-headline\">Nacimientos<\/span><\/h2>\n<ul style=\"text-align: justify;\">\n<li><a title=\"823\" href=\"https:\/\/es.wikipedia.org\/wiki\/823\">823<\/a>: <a title=\"Ermentrudis de Orleans\" href=\"https:\/\/es.wikipedia.org\/wiki\/Ermentrudis_de_Orleans\">Ermentrudis de Orleans<\/a> (f. 869).<\/li>\n<li><a title=\"1271\" href=\"https:\/\/es.wikipedia.org\/wiki\/1271\">1271<\/a>: <a title=\"Wenceslao II de Bohemia\" href=\"https:\/\/es.wikipedia.org\/wiki\/Wenceslao_II_de_Bohemia\">Wenceslao II<\/a>, rey bohemio (f. 1305).<\/li>\n<li><a title=\"1275\" href=\"https:\/\/es.wikipedia.org\/wiki\/1275\">1275<\/a>: <a title=\"Juan II de Brabante\" href=\"https:\/\/es.wikipedia.org\/wiki\/Juan_II_de_Brabante\">Juan II de Brabante<\/a> (f. 1312).<\/li>\n<li><a title=\"1389\" href=\"https:\/\/es.wikipedia.org\/wiki\/1389\">1389<\/a>: <a class=\"mw-redirect\" title=\"Cosme de M\u00e9dicis\" href=\"https:\/\/es.wikipedia.org\/wiki\/Cosme_de_M%C3%A9dicis\">Cosme de M\u00e9dicis<\/a>, pol\u00edtico y banquero italiano (f. 1464).<\/li>\n<li><a title=\"1601\" href=\"https:\/\/es.wikipedia.org\/wiki\/1601\">1601<\/a>: <a title=\"Luis XIII de Francia\" href=\"https:\/\/es.wikipedia.org\/wiki\/Luis_XIII_de_Francia\">Luis XIII<\/a>, rey franc\u00e9s entre 1610 y 1643 (f. 1643).<\/li>\n<\/ul>\n<div class=\"thumb tright\" style=\"text-align: justify;\">\n<div class=\"thumbinner\"><a class=\"image\" href=\"https:\/\/commons.wikimedia.org\/wiki\/File:Luis_XIII,_rey_de_Francia_(Philippe_de_Champaigne).jpg\"><img decoding=\"async\" class=\"thumbimage\" src=\"https:\/\/upload.wikimedia.org\/wikipedia\/commons\/thumb\/1\/1b\/Luis_XIII%2C_rey_de_Francia_%28Philippe_de_Champaigne%29.jpg\/120px-Luis_XIII%2C_rey_de_Francia_%28Philippe_de_Champaigne%29.jpg\" srcset=\"\/\/upload.wikimedia.org\/wikipedia\/commons\/thumb\/1\/1b\/Luis_XIII%2C_rey_de_Francia_%28Philippe_de_Champaigne%29.jpg\/180px-Luis_XIII%2C_rey_de_Francia_%28Philippe_de_Champaigne%29.jpg 1.5x, \/\/upload.wikimedia.org\/wikipedia\/commons\/thumb\/1\/1b\/Luis_XIII%2C_rey_de_Francia_%28Philippe_de_Champaigne%29.jpg\/240px-Luis_XIII%2C_rey_de_Francia_%28Philippe_de_Champaigne%29.jpg 2x\" alt=\"\" width=\"120\" height=\"152\" data-file-width=\"2330\" data-file-height=\"2953\" \/><\/a><\/p>\n<div class=\"thumbcaption\">\n<div class=\"magnify\">\u00a0<\/div>\n<p><a title=\"Luis XIII de Francia\" href=\"https:\/\/es.wikipedia.org\/wiki\/Luis_XIII_de_Francia\">Luis XIII de Francia<\/a>.<\/div>\n<\/div>\n<\/div>\n<ul style=\"text-align: justify;\">\n<li><a title=\"1627\" href=\"https:\/\/es.wikipedia.org\/wiki\/1627\">1627<\/a>: <a class=\"mw-redirect\" title=\"Jacques B\u00e9nigne Bossuet\" href=\"https:\/\/es.wikipedia.org\/wiki\/Jacques_B%C3%A9nigne_Bossuet\">Jacques B\u00e9nigne Bossuet<\/a>, cl\u00e9rigo, predicador e intelectual franc\u00e9s (f. 1704).<\/li>\n<li><a title=\"1657\" href=\"https:\/\/es.wikipedia.org\/wiki\/1657\">1657<\/a>: <a title=\"Sof\u00eda Aleks\u00e9yevna Rom\u00e1nova\" href=\"https:\/\/es.wikipedia.org\/wiki\/Sof%C3%ADa_Aleks%C3%A9yevna_Rom%C3%A1nova\">Sof\u00eda Aleks\u00e9yevna Rom\u00e1nova<\/a>, arist\u00f3crata rusa, regente entre 1682 y 1689 (f. 1704).<\/li>\n<li><a title=\"1696\" href=\"https:\/\/es.wikipedia.org\/wiki\/1696\">1696<\/a>: <a class=\"mw-redirect\" title=\"Alfonso de Ligorio\" href=\"https:\/\/es.wikipedia.org\/wiki\/Alfonso_de_Ligorio\">Alfonso de Ligorio<\/a>, religioso italiano y santo cat\u00f3lico (f. 1787).<\/li>\n<li><a title=\"1719\" href=\"https:\/\/es.wikipedia.org\/wiki\/1719\">1719<\/a>: <a title=\"Abraham Gotthelf Kastner\" href=\"https:\/\/es.wikipedia.org\/wiki\/Abraham_Gotthelf_Kastner\">Abraham Gotthelf Kastner<\/a>, matem\u00e1tico alem\u00e1n (f. 1800).<\/li>\n<li><a title=\"1722\" href=\"https:\/\/es.wikipedia.org\/wiki\/1722\">1722<\/a>: <a title=\"Samuel Adams\" href=\"https:\/\/es.wikipedia.org\/wiki\/Samuel_Adams\">Samuel Adams<\/a>, pol\u00edtico y revolucionario estadounidense (f. 1803).<\/li>\n<li><a title=\"1724\" href=\"https:\/\/es.wikipedia.org\/wiki\/1724\">1724<\/a>: <a title=\"Luisa de Gran Breta\u00f1a\" href=\"https:\/\/es.wikipedia.org\/wiki\/Luisa_de_Gran_Breta%C3%B1a\">Luisa de Gran Breta\u00f1a<\/a>, reina consorte de Dinamarca y Noruega (f. 1751).<\/li>\n<li><a title=\"1761\" href=\"https:\/\/es.wikipedia.org\/wiki\/1761\">1761<\/a>: <a title=\"Cosme Dami\u00e1n Churruca\" href=\"https:\/\/es.wikipedia.org\/wiki\/Cosme_Dami%C3%A1n_Churruca\">Cosme Dami\u00e1n Churruca<\/a>, marino espa\u00f1ol(f. 1805).<\/li>\n<li><a title=\"1777\" href=\"https:\/\/es.wikipedia.org\/wiki\/1777\">1777<\/a>: <a title=\"Sim\u00f3n de Rojas Clemente y Rubio\" href=\"https:\/\/es.wikipedia.org\/wiki\/Sim%C3%B3n_de_Rojas_Clemente_y_Rubio\">Sim\u00f3n de Rojas<\/a>, bot\u00e1nico espa\u00f1ol (f. 1827).<\/li>\n<\/ul>\n<div class=\"thumb tright\" style=\"text-align: justify;\">\n<div class=\"thumbinner\"><a class=\"image\" href=\"https:\/\/commons.wikimedia.org\/wiki\/File:Agustin_de_Iturbide_Oleo_Primitivo_Miranda.png\"><img decoding=\"async\" class=\"thumbimage\" src=\"https:\/\/upload.wikimedia.org\/wikipedia\/commons\/thumb\/e\/ee\/Agustin_de_Iturbide_Oleo_Primitivo_Miranda.png\/120px-Agustin_de_Iturbide_Oleo_Primitivo_Miranda.png\" srcset=\"\/\/upload.wikimedia.org\/wikipedia\/commons\/thumb\/e\/ee\/Agustin_de_Iturbide_Oleo_Primitivo_Miranda.png\/180px-Agustin_de_Iturbide_Oleo_Primitivo_Miranda.png 1.5x, \/\/upload.wikimedia.org\/wikipedia\/commons\/thumb\/e\/ee\/Agustin_de_Iturbide_Oleo_Primitivo_Miranda.png\/240px-Agustin_de_Iturbide_Oleo_Primitivo_Miranda.png 2x\" alt=\"\" width=\"120\" height=\"176\" data-file-width=\"544\" data-file-height=\"800\" \/><\/a><\/p>\n<div class=\"thumbcaption\">\n<div class=\"magnify\">\u00a0<\/div>\n<p><a title=\"Agust\u00edn de Iturbide\" href=\"https:\/\/es.wikipedia.org\/wiki\/Agust%C3%ADn_de_Iturbide\">Agust\u00edn de Iturbide<\/a>.<\/div>\n<\/div>\n<\/div>\n<ul style=\"text-align: justify;\">\n<li><a title=\"1783\" href=\"https:\/\/es.wikipedia.org\/wiki\/1783\">1783<\/a>: <a title=\"Agust\u00edn de Iturbide\" href=\"https:\/\/es.wikipedia.org\/wiki\/Agust%C3%ADn_de_Iturbide\">Agust\u00edn de Iturbide<\/a>, primer emperador mexicano (f. 1824).<\/li>\n<li><a title=\"1805\" href=\"https:\/\/es.wikipedia.org\/wiki\/1805\">1805<\/a>: <a title=\"George M\u00fcller\" href=\"https:\/\/es.wikipedia.org\/wiki\/George_M%C3%BCller\">George M\u00fcller<\/a>, predicador y misionero brit\u00e1nico (f. 1898).<\/li>\n<li><a title=\"1818\" href=\"https:\/\/es.wikipedia.org\/wiki\/1818\">1818<\/a>: <a title=\"Adolph Wilhelm Hermann Kolbe\" href=\"https:\/\/es.wikipedia.org\/wiki\/Adolph_Wilhelm_Hermann_Kolbe\">Adolph Wilhelm Hermann Kolbe<\/a>, qu\u00edmico alem\u00e1n (f. 1884).<\/li>\n<li><a title=\"1821\" href=\"https:\/\/es.wikipedia.org\/wiki\/1821\">1821<\/a>: <a class=\"mw-redirect\" title=\"Henri Fr\u00e9deric Amiel\" href=\"https:\/\/es.wikipedia.org\/wiki\/Henri_Fr%C3%A9deric_Amiel\">Henri Fr\u00e9deric Amiel<\/a>, escritor suizo (f. 1881).<\/li>\n<li><a title=\"1824\" href=\"https:\/\/es.wikipedia.org\/wiki\/1824\">1824<\/a>: <a title=\"Benjamin Apthorp Gould\" href=\"https:\/\/es.wikipedia.org\/wiki\/Benjamin_Apthorp_Gould\">Benjamin Apthorp Gould<\/a>, astr\u00f3nomo estadounidense (f. 1896).<\/li>\n<li><a title=\"1826\" href=\"https:\/\/es.wikipedia.org\/wiki\/1826\">1826<\/a>: <a title=\"Armand David\" href=\"https:\/\/es.wikipedia.org\/wiki\/Armand_David\">Armand David<\/a>, sacerdote franc\u00e9s (f. 1900).<\/li>\n<li><a title=\"1827\" href=\"https:\/\/es.wikipedia.org\/wiki\/1827\">1827<\/a>: <a title=\"Hermann Adolf Wollenhaupt\" href=\"https:\/\/es.wikipedia.org\/wiki\/Hermann_Adolf_Wollenhaupt\">Hermann Adolf Wollenhaupt<\/a>, pianista y compositor alem\u00e1n (f. 1863).<\/li>\n<li><a title=\"1840\" href=\"https:\/\/es.wikipedia.org\/wiki\/1840\">1840<\/a>: <a class=\"mw-redirect\" title=\"Alfred Thayer Mahan\" href=\"https:\/\/es.wikipedia.org\/wiki\/Alfred_Thayer_Mahan\">Alfred Thayer Mahan<\/a>, historiador y militar estadounidense (f. 1914).<\/li>\n<li>1840: <a title=\"Thomas Nast\" href=\"https:\/\/es.wikipedia.org\/wiki\/Thomas_Nast\">Thomas Nast<\/a>, caricaturista germano-estadounidense (f. 1902).<\/li>\n<li><a title=\"1862\" href=\"https:\/\/es.wikipedia.org\/wiki\/1862\">1862<\/a>: <a title=\"Louis Botha\" href=\"https:\/\/es.wikipedia.org\/wiki\/Louis_Botha\">Louis Botha<\/a>, militar y pol\u00edtico sudafricano (f. 1919).<\/li>\n<li><a title=\"1864\" href=\"https:\/\/es.wikipedia.org\/wiki\/1864\">1864<\/a>: <a title=\"Andrej Hlinka\" href=\"https:\/\/es.wikipedia.org\/wiki\/Andrej_Hlinka\">Andrej Hlinka<\/a>, sacerdote y pol\u00edtico eslovaco (f. 1938).<\/li>\n<\/ul>\n<div class=\"thumb tright\" style=\"text-align: justify;\">\n<div class=\"thumbinner\"><a class=\"image\" href=\"https:\/\/commons.wikimedia.org\/wiki\/File:Grazia_Deledda_1926.jpg\"><img loading=\"lazy\" decoding=\"async\" class=\"thumbimage\" src=\"https:\/\/upload.wikimedia.org\/wikipedia\/commons\/thumb\/c\/c7\/Grazia_Deledda_1926.jpg\/120px-Grazia_Deledda_1926.jpg\" srcset=\"\/\/upload.wikimedia.org\/wikipedia\/commons\/thumb\/c\/c7\/Grazia_Deledda_1926.jpg\/180px-Grazia_Deledda_1926.jpg 1.5x, \/\/upload.wikimedia.org\/wikipedia\/commons\/thumb\/c\/c7\/Grazia_Deledda_1926.jpg\/240px-Grazia_Deledda_1926.jpg 2x\" alt=\"\" width=\"120\" height=\"170\" data-file-width=\"280\" data-file-height=\"396\" \/><\/a><\/p>\n<div class=\"thumbcaption\">\n<div class=\"magnify\">\u00a0<\/div>\n<p><a title=\"Grazia Deledda\" href=\"https:\/\/es.wikipedia.org\/wiki\/Grazia_Deledda\">Grazia Deledda<\/a>.<\/div>\n<\/div>\n<\/div>\n<ul style=\"text-align: justify;\">\n<li><a title=\"1871\" href=\"https:\/\/es.wikipedia.org\/wiki\/1871\">1871<\/a>: <a title=\"Grazia Deledda\" href=\"https:\/\/es.wikipedia.org\/wiki\/Grazia_Deledda\">Grazia Deledda<\/a>, escritora italiana, premio nobel de literatura en 1926 (f. 1936).<\/li>\n<li>1871: <a title=\"V\u00edctor P\u00e9rez Petit\" href=\"https:\/\/es.wikipedia.org\/wiki\/V%C3%ADctor_P%C3%A9rez_Petit\">V\u00edctor P\u00e9rez Petit<\/a>, escritor uruguayo (f. 1947).<\/li>\n<li><a title=\"1875\" href=\"https:\/\/es.wikipedia.org\/wiki\/1875\">1875<\/a>: <a title=\"Adolfo Bonilla\" href=\"https:\/\/es.wikipedia.org\/wiki\/Adolfo_Bonilla\">Adolfo Bonilla<\/a>, fil\u00f3sofo espa\u00f1ol (f. 1926).<\/li>\n<li>1875: <a title=\"Cl\u00e9o de M\u00e9rode\" href=\"https:\/\/es.wikipedia.org\/wiki\/Cl%C3%A9o_de_M%C3%A9rode\">Cl\u00e9o de M\u00e9rode<\/a>, bailarina belga (f. 1966).<\/li>\n<li><a title=\"1879\" href=\"https:\/\/es.wikipedia.org\/wiki\/1879\">1879<\/a>: <a title=\"Hans Hahn\" href=\"https:\/\/es.wikipedia.org\/wiki\/Hans_Hahn\">Hans Hahn<\/a>, matem\u00e1tico austr\u00edaco (f. 1934).<\/li>\n<li>1879: <a title=\"Frederick Schule\" href=\"https:\/\/es.wikipedia.org\/wiki\/Frederick_Schule\">Frederick Schule<\/a>, atleta estadounidense (f. 1962).<\/li>\n<li>1879: <a title=\"Cyril Meir Scott\" href=\"https:\/\/es.wikipedia.org\/wiki\/Cyril_Meir_Scott\">Cyril Meir Scott<\/a>, compositor brit\u00e1nico (f. 1970).<\/li>\n<li><a title=\"1894\" href=\"https:\/\/es.wikipedia.org\/wiki\/1894\">1894<\/a>: <a title=\"Lothar von Richthofen\" href=\"https:\/\/es.wikipedia.org\/wiki\/Lothar_von_Richthofen\">Lothar von Richthofen<\/a>, piloto alem\u00e1n (f. 1922).<\/li>\n<li><a title=\"1904\" href=\"https:\/\/es.wikipedia.org\/wiki\/1904\">1904<\/a>: <a title=\"Edvard Kocbek\" href=\"https:\/\/es.wikipedia.org\/wiki\/Edvard_Kocbek\">Edvard Kocbek<\/a>, poeta y pol\u00edtico esloveno (f. 1981).<\/li>\n<li><a title=\"1906\" href=\"https:\/\/es.wikipedia.org\/wiki\/1906\">1906<\/a>: <a title=\"William Empson\" href=\"https:\/\/es.wikipedia.org\/wiki\/William_Empson\">William Empson<\/a>, poeta brit\u00e1nico (f. 1984).<\/li>\n<li>1906: <a title=\"Jim Thompson\" href=\"https:\/\/es.wikipedia.org\/wiki\/Jim_Thompson\">Jim Thompson<\/a>, escritor estadounidense (f. 1977).<\/li>\n<li><a title=\"1907\" href=\"https:\/\/es.wikipedia.org\/wiki\/1907\">1907<\/a>: <a title=\"Maurice Blanchot\" href=\"https:\/\/es.wikipedia.org\/wiki\/Maurice_Blanchot\">Maurice Blanchot<\/a>, escritor e intelectual franc\u00e9s (f. 2003).<\/li>\n<li>1907: <a title=\"Ra\u00fal Silva Henr\u00edquez\" href=\"https:\/\/es.wikipedia.org\/wiki\/Ra%C3%BAl_Silva_Henr%C3%ADquez\">Ra\u00fal Silva Henr\u00edquez<\/a>, cardenal chileno (f. 1999).<\/li>\n<li><a title=\"1911\" href=\"https:\/\/es.wikipedia.org\/wiki\/1911\">1911<\/a>: <a title=\"Jos\u00e9 Castillo Tielemans\" href=\"https:\/\/es.wikipedia.org\/wiki\/Jos%C3%A9_Castillo_Tielemans\">Jos\u00e9 Castillo Tielemans<\/a>, pol\u00edtico mexicano (f. 2000).<\/li>\n<li><a title=\"1913\" href=\"https:\/\/es.wikipedia.org\/wiki\/1913\">1913<\/a>: <a title=\"Albert Ellis\" href=\"https:\/\/es.wikipedia.org\/wiki\/Albert_Ellis\">Albert Ellis<\/a>, psic\u00f3logo estadounidense (f. 2007).<\/li>\n<li>1913: <a title=\"Margery Mason\" href=\"https:\/\/es.wikipedia.org\/wiki\/Margery_Mason\">Margery Mason<\/a>, actriz brit\u00e1nica.(f. 2014)<\/li>\n<li><a title=\"1913\" href=\"https:\/\/es.wikipedia.org\/wiki\/1913\">1913<\/a>: <a class=\"mw-redirect\" title=\"Jos\u00e9 Sol\u00eds\" href=\"https:\/\/es.wikipedia.org\/wiki\/Jos%C3%A9_Sol%C3%ADs\">Jos\u00e9 Sol\u00eds<\/a>, pol\u00edtico y ministro espa\u00f1ol (f. 1990).<\/li>\n<li><a title=\"1916\" href=\"https:\/\/es.wikipedia.org\/wiki\/1916\">1916<\/a>: <a title=\"S\u00e1mej Izhar\" href=\"https:\/\/es.wikipedia.org\/wiki\/S%C3%A1mej_Izhar\">S\u00e1mej Izhar<\/a>, escritor israel\u00ed (f. 2006).<\/li>\n<li><a title=\"1917\" href=\"https:\/\/es.wikipedia.org\/wiki\/1917\">1917<\/a>: <a title=\"Louis Auchincloss\" href=\"https:\/\/es.wikipedia.org\/wiki\/Louis_Auchincloss\">Louis Auchincloss<\/a>, novelista estadounidense (f. 2010).<\/li>\n<li>1917: <a title=\"William T. Orr\" href=\"https:\/\/es.wikipedia.org\/wiki\/William_T._Orr\">William T. Orr<\/a>, actor estadounidense (f. 2002).<\/li>\n<li><a title=\"1918\" href=\"https:\/\/es.wikipedia.org\/wiki\/1918\">1918<\/a>: <a title=\"Martin Ryle\" href=\"https:\/\/es.wikipedia.org\/wiki\/Martin_Ryle\">Martin Ryle<\/a>, astr\u00f3nomo brit\u00e1nico, premio nobel de f\u00edsica en 1974 (f. 1984).<\/li>\n<li><a title=\"1919\" href=\"https:\/\/es.wikipedia.org\/wiki\/1919\">1919<\/a>: <a title=\"James Wilkinson\" href=\"https:\/\/es.wikipedia.org\/wiki\/James_Wilkinson\">James Wilkinson<\/a>, matem\u00e1tico brit\u00e1nico (f. 1986).<\/li>\n<\/ul>\n<div class=\"thumb tright\" style=\"text-align: justify;\">\n<div class=\"thumbinner\"><a class=\"image\" href=\"https:\/\/commons.wikimedia.org\/wiki\/File:William_Conrad_Cannon_1972.JPG\"><img loading=\"lazy\" decoding=\"async\" class=\"thumbimage\" src=\"https:\/\/upload.wikimedia.org\/wikipedia\/commons\/thumb\/9\/93\/William_Conrad_Cannon_1972.JPG\/120px-William_Conrad_Cannon_1972.JPG\" srcset=\"\/\/upload.wikimedia.org\/wikipedia\/commons\/thumb\/9\/93\/William_Conrad_Cannon_1972.JPG\/180px-William_Conrad_Cannon_1972.JPG 1.5x, \/\/upload.wikimedia.org\/wikipedia\/commons\/thumb\/9\/93\/William_Conrad_Cannon_1972.JPG\/240px-William_Conrad_Cannon_1972.JPG 2x\" alt=\"\" width=\"120\" height=\"158\" data-file-width=\"571\" data-file-height=\"751\" \/><\/a><\/p>\n<div class=\"thumbcaption\">\n<div class=\"magnify\">\u00a0<\/div>\n<p><a title=\"William Conrad\" href=\"https:\/\/es.wikipedia.org\/wiki\/William_Conrad\">William Conrad<\/a>.<\/div>\n<\/div>\n<\/div>\n<ul style=\"text-align: justify;\">\n<li><a title=\"1920\" href=\"https:\/\/es.wikipedia.org\/wiki\/1920\">1920<\/a>: <a title=\"William Conrad\" href=\"https:\/\/es.wikipedia.org\/wiki\/William_Conrad\">William Conrad<\/a>, actor estadounidense (f. 1994).<\/li>\n<li><a title=\"1921\" href=\"https:\/\/es.wikipedia.org\/wiki\/1921\">1921<\/a>: <a title=\"Rudolf K\u00fcgler\" href=\"https:\/\/es.wikipedia.org\/wiki\/Rudolf_K%C3%BCgler\">Rudolf K\u00fcgler<\/a>, escultor alem\u00e1n.(f. 2013)<\/li>\n<li><a title=\"1922\" href=\"https:\/\/es.wikipedia.org\/wiki\/1922\">1922<\/a>: <a title=\"Arthur Penn\" href=\"https:\/\/es.wikipedia.org\/wiki\/Arthur_Penn\">Arthur Penn<\/a>, cineasta estadounidense (f. 2010).<\/li>\n<li><a title=\"1923\" href=\"https:\/\/es.wikipedia.org\/wiki\/1923\">1923<\/a>: <a class=\"mw-redirect\" title=\"Eugenio Marcano\" href=\"https:\/\/es.wikipedia.org\/wiki\/Eugenio_Marcano\">Eugenio Marcano<\/a>, investigador y naturalista dominicano.(f. 2003)<\/li>\n<li><a title=\"1924\" href=\"https:\/\/es.wikipedia.org\/wiki\/1924\">1924<\/a>: <a title=\"Bud Powell\" href=\"https:\/\/es.wikipedia.org\/wiki\/Bud_Powell\">Bud Powell<\/a>, m\u00fasico estadounidense de jazz (f. 1966).<\/li>\n<li>1924: <a title=\"Josef \u0160kvoreck\u00fd\" href=\"https:\/\/es.wikipedia.org\/wiki\/Josef_%C5%A0kvoreck%C3%BD\">Josef \u0160kvoreck\u00fd<\/a>, publicista y escritor canadiense (f. 2012).<\/li>\n<li><a title=\"1927\" href=\"https:\/\/es.wikipedia.org\/wiki\/1927\">1927<\/a>: <a title=\"Romano Scarpa\" href=\"https:\/\/es.wikipedia.org\/wiki\/Romano_Scarpa\">Romano Scarpa<\/a>, dibujante italiano (f. 2005).<\/li>\n<li>1927: <a title=\"Lilian Valmar\" href=\"https:\/\/es.wikipedia.org\/wiki\/Lilian_Valmar\">Lilian Valmar<\/a>, actriz argentina (f. 2013).<\/li>\n<li><a title=\"1928\" href=\"https:\/\/es.wikipedia.org\/wiki\/1928\">1928<\/a>: <a class=\"mw-redirect\" title=\"Lily S\u00fcll\u00f6s\" href=\"https:\/\/es.wikipedia.org\/wiki\/Lily_S%C3%BCll%C3%B6s\">Lily S\u00fcll\u00f6s<\/a>, astr\u00f3loga argentina de origen h\u00fangaro (f. 2013).<\/li>\n<li><a title=\"1929\" href=\"https:\/\/es.wikipedia.org\/wiki\/1929\">1929<\/a>: <a title=\"Txillardegi\" href=\"https:\/\/es.wikipedia.org\/wiki\/Txillardegi\">Txillardegi<\/a>, pol\u00edtico <a title=\"Abertzale\" href=\"https:\/\/es.wikipedia.org\/wiki\/Abertzale\">abertzale<\/a> vasco (f. 2012).<\/li>\n<li><a title=\"1931\" href=\"https:\/\/es.wikipedia.org\/wiki\/1931\">1931<\/a>: <a title=\"Freddy Quinn\" href=\"https:\/\/es.wikipedia.org\/wiki\/Freddy_Quinn\">Freddy Quinn<\/a>, cantante y actor austriaco.<\/li>\n<li><a title=\"1932\" href=\"https:\/\/es.wikipedia.org\/wiki\/1932\">1932<\/a>: <a title=\"Roger C. Carmel\" href=\"https:\/\/es.wikipedia.org\/wiki\/Roger_C._Carmel\">Roger C. Carmel<\/a>, actor estadounidense (f. 1986).<\/li>\n<li>1932: <a title=\"Yash Chopra\" href=\"https:\/\/es.wikipedia.org\/wiki\/Yash_Chopra\">Yash Chopra<\/a>, cineasta indio.<\/li>\n<li>1932: <a title=\"Oliver E. Williamson\" href=\"https:\/\/es.wikipedia.org\/wiki\/Oliver_E._Williamson\">Oliver E. Williamson<\/a>, economista estadounidense.<\/li>\n<li><a title=\"1933\" href=\"https:\/\/es.wikipedia.org\/wiki\/1933\">1933<\/a>: <a title=\"Greg Morris\" href=\"https:\/\/es.wikipedia.org\/wiki\/Greg_Morris\">Greg Morris<\/a>, actor estadounidense (f. 1996).<\/li>\n<li>1933: <a title=\"Will Sampson\" href=\"https:\/\/es.wikipedia.org\/wiki\/Will_Sampson\">Will Sampson<\/a>, actor estadounidense (f. 1987).<\/li>\n<li><a title=\"1934\" href=\"https:\/\/es.wikipedia.org\/wiki\/1934\">1934<\/a>: <a title=\"Wilford Brimley\" href=\"https:\/\/es.wikipedia.org\/wiki\/Wilford_Brimley\">Wilford Brimley<\/a>, actor estadounidense.<\/li>\n<li>1934: <a title=\"Dick Schaap\" href=\"https:\/\/es.wikipedia.org\/wiki\/Dick_Schaap\">Dick Schaap<\/a>, locutor estadounidense (f. 2001).<\/li>\n<li><a title=\"1935\" href=\"https:\/\/es.wikipedia.org\/wiki\/1935\">1935<\/a>: <a class=\"mw-redirect\" title=\"Joyce Glassman Johnson\" href=\"https:\/\/es.wikipedia.org\/wiki\/Joyce_Glassman_Johnson\">Joyce Johnson<\/a>, escritora estadounidense.<\/li>\n<li>1935: <a class=\"mw-redirect\" title=\"Sergio Ramos Guti\u00e9rrez\" href=\"https:\/\/es.wikipedia.org\/wiki\/Sergio_Ramos_Guti%C3%A9rrez\">Sergio Ramos Guti\u00e9rrez<\/a>, actor mexicano (f. 2004).<\/li>\n<li>1935: <a title=\"Jos\u00e9 Mar\u00eda Vilches\" href=\"https:\/\/es.wikipedia.org\/wiki\/Jos%C3%A9_Mar%C3%ADa_Vilches\">Jos\u00e9 Mar\u00eda Vilches<\/a>, actor espa\u00f1ol (f. 1984).<\/li>\n<li><a title=\"1936\" href=\"https:\/\/es.wikipedia.org\/wiki\/1936\">1936<\/a>: <a title=\"Don Cornelius\" href=\"https:\/\/es.wikipedia.org\/wiki\/Don_Cornelius\">Don Cornelius<\/a>, productor de televisi\u00f3n estadounidense (f. 2012).<\/li>\n<li>1936: <a title=\"Sancho Gracia\" href=\"https:\/\/es.wikipedia.org\/wiki\/Sancho_Gracia\">Sancho Gracia<\/a>, actor espa\u00f1ol (f. 2012).<\/li>\n<\/ul>\n<div class=\"thumb tright\" style=\"text-align: justify;\">\n<div class=\"thumbinner\"><a class=\"image\" href=\"https:\/\/commons.wikimedia.org\/wiki\/File:Sancho_Gracia.jpg\"><img loading=\"lazy\" decoding=\"async\" class=\"thumbimage\" src=\"https:\/\/upload.wikimedia.org\/wikipedia\/commons\/thumb\/9\/95\/Sancho_Gracia.jpg\/120px-Sancho_Gracia.jpg\" srcset=\"\/\/upload.wikimedia.org\/wikipedia\/commons\/thumb\/9\/95\/Sancho_Gracia.jpg\/180px-Sancho_Gracia.jpg 1.5x, \/\/upload.wikimedia.org\/wikipedia\/commons\/thumb\/9\/95\/Sancho_Gracia.jpg\/240px-Sancho_Gracia.jpg 2x\" alt=\"\" width=\"120\" height=\"235\" data-file-width=\"848\" data-file-height=\"1664\" \/><\/a><\/p>\n<div class=\"thumbcaption\">\n<div class=\"magnify\">\u00a0<\/div>\n<p><a title=\"Sancho Gracia\" href=\"https:\/\/es.wikipedia.org\/wiki\/Sancho_Gracia\">Sancho Gracia<\/a>.<\/div>\n<\/div>\n<\/div>\n<ul style=\"text-align: justify;\">\n<li><a title=\"1937\" href=\"https:\/\/es.wikipedia.org\/wiki\/1937\">1937<\/a>: <a title=\"Vasyl Durdynets\" href=\"https:\/\/es.wikipedia.org\/wiki\/Vasyl_Durdynets\">Vasyl Durdynets<\/a>, pol\u00edtico y primer ministro ucraniano.<\/li>\n<li>1937: <a title=\"Jos\u00e9 Sacrist\u00e1n\" href=\"https:\/\/es.wikipedia.org\/wiki\/Jos%C3%A9_Sacrist%C3%A1n\">Jos\u00e9 Sacrist\u00e1n<\/a>, actor espa\u00f1ol.<\/li>\n<li><a title=\"1939\" href=\"https:\/\/es.wikipedia.org\/wiki\/1939\">1939<\/a>: <a title=\"Kathy Whitworth\" href=\"https:\/\/es.wikipedia.org\/wiki\/Kathy_Whitworth\">Kathy Whitworth<\/a>, golfista estadounidense.<\/li>\n<li><a title=\"1941\" href=\"https:\/\/es.wikipedia.org\/wiki\/1941\">1941<\/a>: <a title=\"Peter Bonetti\" href=\"https:\/\/es.wikipedia.org\/wiki\/Peter_Bonetti\">Peter Bonetti<\/a>, futbolista brit\u00e1nico.<\/li>\n<li><a title=\"1942\" href=\"https:\/\/es.wikipedia.org\/wiki\/1942\">1942<\/a>: <a title=\"Dith Pran\" href=\"https:\/\/es.wikipedia.org\/wiki\/Dith_Pran\">Dith Pran<\/a>, fot\u00f3grafo y periodista camboyano (f. 2008).<\/li>\n<li><a title=\"1943\" href=\"https:\/\/es.wikipedia.org\/wiki\/1943\">1943<\/a>: <a title=\"Amadeo III de Saboya-Aosta\" href=\"https:\/\/es.wikipedia.org\/wiki\/Amadeo_III_de_Saboya-Aosta\">Amadeo III de Saboya-Aosta<\/a>, pol\u00edtico italiano.<\/li>\n<li><a title=\"1944\" href=\"https:\/\/es.wikipedia.org\/wiki\/1944\">1944<\/a>: <a title=\"Ang\u00e9lica Mar\u00eda\" href=\"https:\/\/es.wikipedia.org\/wiki\/Ang%C3%A9lica_Mar%C3%ADa\">Ang\u00e9lica Mar\u00eda<\/a>, actriz y cantante mexicana.<\/li>\n<li><a title=\"1945\" href=\"https:\/\/es.wikipedia.org\/wiki\/1945\">1945<\/a>: <a title=\"Kay Ryan\" href=\"https:\/\/es.wikipedia.org\/wiki\/Kay_Ryan\">Kay Ryan<\/a>, poeta estadounidense.<\/li>\n<li><a title=\"1946\" href=\"https:\/\/es.wikipedia.org\/wiki\/1946\">1946<\/a>: <a class=\"mw-redirect\" title=\"Nicos Anastasiades\" href=\"https:\/\/es.wikipedia.org\/wiki\/Nicos_Anastasiades\">Nicos Anastasiades<\/a>, pol\u00edtico y presidente chipriota.<\/li>\n<li>1946: <a title=\"Jaime Est\u00e9vez\" href=\"https:\/\/es.wikipedia.org\/wiki\/Jaime_Est%C3%A9vez\">Jaime Est\u00e9vez<\/a>, economista chileno.<\/li>\n<li><a title=\"1947\" href=\"https:\/\/es.wikipedia.org\/wiki\/1947\">1947<\/a>: <a title=\"Dick Advocaat\" href=\"https:\/\/es.wikipedia.org\/wiki\/Dick_Advocaat\">Dick Advocaat<\/a>, entrenador neerland\u00e9s de f\u00fatbol.<\/li>\n<li>1947: <a title=\"Meat Loaf\" href=\"https:\/\/es.wikipedia.org\/wiki\/Meat_Loaf\">Meat Loaf<\/a>, cantante y actor estadounidense.<\/li>\n<\/ul>\n<div class=\"thumb tright\" style=\"text-align: justify;\">\n<div class=\"thumbinner\"><a class=\"image\" href=\"https:\/\/commons.wikimedia.org\/wiki\/File:Meat_Loaf_in_performance_(New_York,_2004).jpg\"><img loading=\"lazy\" decoding=\"async\" class=\"thumbimage\" src=\"https:\/\/upload.wikimedia.org\/wikipedia\/commons\/thumb\/4\/49\/Meat_Loaf_in_performance_%28New_York%2C_2004%29.jpg\/120px-Meat_Loaf_in_performance_%28New_York%2C_2004%29.jpg\" srcset=\"\/\/upload.wikimedia.org\/wikipedia\/commons\/thumb\/4\/49\/Meat_Loaf_in_performance_%28New_York%2C_2004%29.jpg\/180px-Meat_Loaf_in_performance_%28New_York%2C_2004%29.jpg 1.5x, \/\/upload.wikimedia.org\/wikipedia\/commons\/4\/49\/Meat_Loaf_in_performance_%28New_York%2C_2004%29.jpg 2x\" alt=\"\" width=\"120\" height=\"247\" data-file-width=\"238\" data-file-height=\"489\" \/><\/a><\/p>\n<div class=\"thumbcaption\">\n<div class=\"magnify\">\u00a0<\/div>\n<p><a title=\"Meat Loaf\" href=\"https:\/\/es.wikipedia.org\/wiki\/Meat_Loaf\">Meat Loaf<\/a>.<\/div>\n<\/div>\n<\/div>\n<ul style=\"text-align: justify;\">\n<li>1947: <a title=\"Liz Torres\" href=\"https:\/\/es.wikipedia.org\/wiki\/Liz_Torres\">Liz Torres<\/a>, actriz y cantante estadounidense.<\/li>\n<li><a title=\"1949\" href=\"https:\/\/es.wikipedia.org\/wiki\/1949\">1949<\/a>: <a title=\"Mike Schmidt\" href=\"https:\/\/es.wikipedia.org\/wiki\/Mike_Schmidt\">Mike Schmidt<\/a>, beisbolista estadounidense.<\/li>\n<li>1949: <a title=\"Jahn Teigen\" href=\"https:\/\/es.wikipedia.org\/wiki\/Jahn_Teigen\">Jahn Teigen<\/a>, compositor y guitarrista noruego.<\/li>\n<li><a title=\"1950\" href=\"https:\/\/es.wikipedia.org\/wiki\/1950\">1950<\/a>: <a title=\"H\u00e9ctor Scotta\" href=\"https:\/\/es.wikipedia.org\/wiki\/H%C3%A9ctor_Scotta\">H\u00e9ctor Scotta<\/a>, futbolista argentino.<\/li>\n<li>1950: <a title=\"Cary-Hiroyuki Tagawa\" href=\"https:\/\/es.wikipedia.org\/wiki\/Cary-Hiroyuki_Tagawa\">Cary-Hiroyuki Tagawa<\/a>, actor japon\u00e9s.<\/li>\n<li><a title=\"1951\" href=\"https:\/\/es.wikipedia.org\/wiki\/1951\">1951<\/a>: <a title=\"Jaime Lissavetzky\" href=\"https:\/\/es.wikipedia.org\/wiki\/Jaime_Lissavetzky\">Jaime Lissavetzky<\/a>, pol\u00edtico espa\u00f1ol.<\/li>\n<li>1951: <a title=\"Jim Shooter\" href=\"https:\/\/es.wikipedia.org\/wiki\/Jim_Shooter\">Jim Shooter<\/a>, historietista estadounidense.<\/li>\n<\/ul>\n<div class=\"thumb tright\" style=\"text-align: justify;\">\n<div class=\"thumbinner\"><a class=\"image\" href=\"https:\/\/commons.wikimedia.org\/wiki\/File:JimShooter11.15.08ByLuigiNovi1.jpg\"><img loading=\"lazy\" decoding=\"async\" class=\"thumbimage\" src=\"https:\/\/upload.wikimedia.org\/wikipedia\/commons\/thumb\/1\/16\/JimShooter11.15.08ByLuigiNovi1.jpg\/120px-JimShooter11.15.08ByLuigiNovi1.jpg\" srcset=\"\/\/upload.wikimedia.org\/wikipedia\/commons\/thumb\/1\/16\/JimShooter11.15.08ByLuigiNovi1.jpg\/180px-JimShooter11.15.08ByLuigiNovi1.jpg 1.5x, \/\/upload.wikimedia.org\/wikipedia\/commons\/thumb\/1\/16\/JimShooter11.15.08ByLuigiNovi1.jpg\/240px-JimShooter11.15.08ByLuigiNovi1.jpg 2x\" alt=\"\" width=\"120\" height=\"182\" data-file-width=\"1216\" data-file-height=\"1842\" \/><\/a><\/p>\n<div class=\"thumbcaption\">\n<div class=\"magnify\">\u00a0<\/div>\n<p><a title=\"Jim Shooter\" href=\"https:\/\/es.wikipedia.org\/wiki\/Jim_Shooter\">Jim Shooter<\/a>.<\/div>\n<\/div>\n<\/div>\n<ul style=\"text-align: justify;\">\n<li><a title=\"1953\" href=\"https:\/\/es.wikipedia.org\/wiki\/1953\">1953<\/a>: <a title=\"Mata Amritanandamayi\" href=\"https:\/\/es.wikipedia.org\/wiki\/Mata_Amritanandamayi\">Mata Amritanandamayi<\/a>, m\u00edstica y l\u00edder hinduista india.<\/li>\n<li>1953: <a title=\"Claudio Gentile\" href=\"https:\/\/es.wikipedia.org\/wiki\/Claudio_Gentile\">Claudio Gentile<\/a>, futbolista italiano.<\/li>\n<li>1953: <a title=\"Men at Work\" href=\"https:\/\/es.wikipedia.org\/wiki\/Men_at_Work\">Greg Ham<\/a>, m\u00fasico australiano, de la banda Men at Work (f. 2012).<\/li>\n<li>1953: <a title=\"Sly and Robbie\" href=\"https:\/\/es.wikipedia.org\/wiki\/Sly_and_Robbie\">Robbie Shakespeare<\/a>, bajista jamacano, de la banda Sly and Robbie.<\/li>\n<li><a title=\"1957\" href=\"https:\/\/es.wikipedia.org\/wiki\/1957\">1957<\/a>: <a title=\"Katja Alemann\" href=\"https:\/\/es.wikipedia.org\/wiki\/Katja_Alemann\">Katja Alemann<\/a>, actriz argentina.<\/li>\n<li><a title=\"1958\" href=\"https:\/\/es.wikipedia.org\/wiki\/1958\">1958<\/a>: <a class=\"mw-redirect\" title=\"Neiel Adams\" href=\"https:\/\/es.wikipedia.org\/wiki\/Neiel_Adams\">Neiel Adams<\/a>, yudoca brit\u00e1nico.<\/li>\n<li>1958: <a title=\"Carmen Cerdeira\" href=\"https:\/\/es.wikipedia.org\/wiki\/Carmen_Cerdeira\">Carmen Cerdeira<\/a>, pol\u00edtica espa\u00f1ola (f. 2007).<\/li>\n<li>1958: <a title=\"Irvine Welsh\" href=\"https:\/\/es.wikipedia.org\/wiki\/Irvine_Welsh\">Irvine Welsh<\/a>, escritor escoc\u00e9s.<\/li>\n<li><a title=\"1960\" href=\"https:\/\/es.wikipedia.org\/wiki\/1960\">1960<\/a>: <a title=\"Mar\u00eda Celeste Arrar\u00e1s\" href=\"https:\/\/es.wikipedia.org\/wiki\/Mar%C3%ADa_Celeste_Arrar%C3%A1s\">Mar\u00eda Celeste Arrar\u00e1s<\/a>, periodista puertorrique\u00f1a.<\/li>\n<li>1960: <a title=\"Christopher Cousins\" href=\"https:\/\/es.wikipedia.org\/wiki\/Christopher_Cousins\">Christopher Cousins<\/a>, actor estadounidense.<\/li>\n<li><a title=\"1961\" href=\"https:\/\/es.wikipedia.org\/wiki\/1961\">1961<\/a>: <a title=\"Andy Lau\" href=\"https:\/\/es.wikipedia.org\/wiki\/Andy_Lau\">Andy Lau<\/a>, cantante y actor hongkon\u00e9s.<\/li>\n<li><a title=\"1965\" href=\"https:\/\/es.wikipedia.org\/wiki\/1965\">1965<\/a>: <a title=\"Steve Kerr\" href=\"https:\/\/es.wikipedia.org\/wiki\/Steve_Kerr\">Steve Kerr<\/a>, baloncestista estadounidense.<\/li>\n<li>1965: <a title=\"Peter MacKay\" href=\"https:\/\/es.wikipedia.org\/wiki\/Peter_MacKay\">Peter MacKay<\/a>, pol\u00edtico canadiense.<\/li>\n<li><a title=\"1966\" href=\"https:\/\/es.wikipedia.org\/wiki\/1966\">1966<\/a>: <a title=\"Jovanotti\" href=\"https:\/\/es.wikipedia.org\/wiki\/Jovanotti\">Jovanotti<\/a>, cantautor italiano.<\/li>\n<li>1966: <a title=\"Stephanie Wilson\" href=\"https:\/\/es.wikipedia.org\/wiki\/Stephanie_Wilson\">Stephanie Wilson<\/a>, ingeniero y astronauta estadounidense.<\/li>\n<li><a title=\"1967\" href=\"https:\/\/es.wikipedia.org\/wiki\/1967\">1967<\/a>: <a title=\"Martha Debayle\" href=\"https:\/\/es.wikipedia.org\/wiki\/Martha_Debayle\">Martha Debayle<\/a>, locutora, presentadora y empresaria mexicana de origen nicarag\u00fcense.<\/li>\n<li><a title=\"1968\" href=\"https:\/\/es.wikipedia.org\/wiki\/1968\">1968<\/a>: <a title=\"Mari Kiviniemi\" href=\"https:\/\/es.wikipedia.org\/wiki\/Mari_Kiviniemi\">Mari Kiviniemi<\/a>, pol\u00edtico finland\u00e9s.<\/li>\n<li>1968: <a title=\"V\u00edctor Manuelle\" href=\"https:\/\/es.wikipedia.org\/wiki\/V%C3%ADctor_Manuelle\">V\u00edctor Manuelle<\/a>, cantante y salsero puertorrique\u00f1o.<\/li>\n<li><a title=\"1969\" href=\"https:\/\/es.wikipedia.org\/wiki\/1969\">1969<\/a>: <a title=\"Sofia Milos\" href=\"https:\/\/es.wikipedia.org\/wiki\/Sofia_Milos\">Sofia Milos<\/a>, actriz estadounidense.<\/li>\n<li><a title=\"1970\" href=\"https:\/\/es.wikipedia.org\/wiki\/1970\">1970<\/a>: <a title=\"Yoshiharu Habu\" href=\"https:\/\/es.wikipedia.org\/wiki\/Yoshiharu_Habu\">Yoshiharu Habu<\/a>, ajedrecista japon\u00e9s.<\/li>\n<li>1970: <a title=\"Tamara Taylor\" href=\"https:\/\/es.wikipedia.org\/wiki\/Tamara_Taylor\">Tamara Taylor<\/a>, actriz canadiense.<\/li>\n<li><a title=\"1972\" href=\"https:\/\/es.wikipedia.org\/wiki\/1972\">1972<\/a>: <a title=\"\u00c1ngel Casero\" href=\"https:\/\/es.wikipedia.org\/wiki\/%C3%81ngel_Casero\">\u00c1ngel Casero<\/a>, ciclista espa\u00f1ol.<\/li>\n<li>1972: <a title=\"Gwyneth Paltrow\" href=\"https:\/\/es.wikipedia.org\/wiki\/Gwyneth_Paltrow\">Gwyneth Paltrow<\/a>, actriz estadounidense.<\/li>\n<\/ul>\n<div class=\"thumb tright\" style=\"text-align: justify;\">\n<div class=\"thumbinner\"><a class=\"image\" href=\"https:\/\/commons.wikimedia.org\/wiki\/File:GwynethPaltrowByAndreaRaffin2011.jpg\"><img loading=\"lazy\" decoding=\"async\" class=\"thumbimage\" src=\"https:\/\/upload.wikimedia.org\/wikipedia\/commons\/thumb\/4\/42\/GwynethPaltrowByAndreaRaffin2011.jpg\/120px-GwynethPaltrowByAndreaRaffin2011.jpg\" srcset=\"\/\/upload.wikimedia.org\/wikipedia\/commons\/thumb\/4\/42\/GwynethPaltrowByAndreaRaffin2011.jpg\/180px-GwynethPaltrowByAndreaRaffin2011.jpg 1.5x, \/\/upload.wikimedia.org\/wikipedia\/commons\/thumb\/4\/42\/GwynethPaltrowByAndreaRaffin2011.jpg\/240px-GwynethPaltrowByAndreaRaffin2011.jpg 2x\" alt=\"\" width=\"120\" height=\"142\" data-file-width=\"694\" data-file-height=\"822\" \/><\/a><\/p>\n<div class=\"thumbcaption\">\n<div class=\"magnify\">\u00a0<\/div>\n<p><a title=\"Gwyneth Paltrow\" href=\"https:\/\/es.wikipedia.org\/wiki\/Gwyneth_Paltrow\">Gwyneth Paltrow<\/a>.<\/div>\n<\/div>\n<\/div>\n<ul style=\"text-align: justify;\">\n<li>1972: <a title=\"Lhasa de Sela\" href=\"https:\/\/es.wikipedia.org\/wiki\/Lhasa_de_Sela\">Lhasa de Sela<\/a>, cantante y m\u00fasica mexicano-estadounidense (f. 2010).<\/li>\n<li><a title=\"1974\" href=\"https:\/\/es.wikipedia.org\/wiki\/1974\">1974<\/a>: <a title=\"Pedro Horrillo\" href=\"https:\/\/es.wikipedia.org\/wiki\/Pedro_Horrillo\">Pedro Horrillo<\/a>, ciclista espa\u00f1ol.<\/li>\n<li><a title=\"1976\" href=\"https:\/\/es.wikipedia.org\/wiki\/1976\">1976<\/a>: <a title=\"Matt Harding\" href=\"https:\/\/es.wikipedia.org\/wiki\/Matt_Harding\">Matt Harding<\/a>, programador de videojuegos estadounidense.<\/li>\n<li>1976: <a title=\"Francesco Totti\" href=\"https:\/\/es.wikipedia.org\/wiki\/Francesco_Totti\">Francesco Totti<\/a>, futbolista italiano.<\/li>\n<li><a title=\"1978\" href=\"https:\/\/es.wikipedia.org\/wiki\/1978\">1978<\/a>: <a title=\"Ani Lorak\" href=\"https:\/\/es.wikipedia.org\/wiki\/Ani_Lorak\">Ani Lorak<\/a>, actriz y cantante ucraniana.<\/li>\n<li>1978: <a title=\"Mihaela Ursuleasa\" href=\"https:\/\/es.wikipedia.org\/wiki\/Mihaela_Ursuleasa\">Mihaela Ursuleasa<\/a>, pianista rumana (f. 2012).<\/li>\n<li><a title=\"1980\" href=\"https:\/\/es.wikipedia.org\/wiki\/1980\">1980<\/a>: <a title=\"Asash\u014dry\u016b Akinori\" href=\"https:\/\/es.wikipedia.org\/wiki\/Asash%C5%8Dry%C5%AB_Akinori\">Asash\u014dry\u016b Akinori<\/a>, luchador mongol de sumo.<\/li>\n<li><a title=\"1981\" href=\"https:\/\/es.wikipedia.org\/wiki\/1981\">1981<\/a>: <a class=\"mw-redirect\" title=\"Cytherea\" href=\"https:\/\/es.wikipedia.org\/wiki\/Cytherea\">Cytherea<\/a>, actriz porno estadounidense.<\/li>\n<li><a title=\"1982\" href=\"https:\/\/es.wikipedia.org\/wiki\/1982\">1982<\/a>: <a title=\"Anna Camp\" href=\"https:\/\/es.wikipedia.org\/wiki\/Anna_Camp\">Anna Camp<\/a>, actriz estadounidense.<\/li>\n<li>1982: <a title=\"Fabi\u00e1n Estoyanoff\" href=\"https:\/\/es.wikipedia.org\/wiki\/Fabi%C3%A1n_Estoyanoff\">Fabi\u00e1n Estoyanoff<\/a>, futbolista uruguayo.<\/li>\n<li>1982: <a title=\"Lucas Matthysse\" href=\"https:\/\/es.wikipedia.org\/wiki\/Lucas_Matthysse\">Lucas Matthysse<\/a>, boxeador argentino.<\/li>\n<li>1982: <a title=\"Markus Rosenberg\" href=\"https:\/\/es.wikipedia.org\/wiki\/Markus_Rosenberg\">Markus Rosenberg<\/a>, futbolista sueco.<\/li>\n<li>1982: <a title=\"Lil Wayne\" href=\"https:\/\/es.wikipedia.org\/wiki\/Lil_Wayne\">Lil Wayne<\/a>, <a class=\"mw-redirect\" title=\"MC (rap)\" href=\"https:\/\/es.wikipedia.org\/wiki\/MC_(rap)\">MC<\/a> y rapero estadounidense.<\/li>\n<li>1982: <a title=\"Darrent Williams\" href=\"https:\/\/es.wikipedia.org\/wiki\/Darrent_Williams\">Darrent Williams<\/a>, jugador estadounidense de f\u00fatbol americano.<\/li>\n<li><a title=\"1984\" href=\"https:\/\/es.wikipedia.org\/wiki\/1984\">1984<\/a>: <a title=\"John Lannan\" href=\"https:\/\/es.wikipedia.org\/wiki\/John_Lannan\">John Lannan<\/a>, beisbolista estadounidense.<\/li>\n<li>1984: <a title=\"Avril Lavigne\" href=\"https:\/\/es.wikipedia.org\/wiki\/Avril_Lavigne\">Avril Lavigne<\/a>, cantante y actriz canadiense.<\/li>\n<\/ul>\n<div class=\"thumb tright\" style=\"text-align: justify;\">\n<div class=\"thumbinner\"><a class=\"image\" href=\"https:\/\/commons.wikimedia.org\/wiki\/File:Avril_Lavigne_singing,_St._Petersburg_(crop).jpg\"><img loading=\"lazy\" decoding=\"async\" class=\"thumbimage\" src=\"https:\/\/upload.wikimedia.org\/wikipedia\/commons\/thumb\/2\/2a\/Avril_Lavigne_singing%2C_St._Petersburg_%28crop%29.jpg\/120px-Avril_Lavigne_singing%2C_St._Petersburg_%28crop%29.jpg\" srcset=\"\/\/upload.wikimedia.org\/wikipedia\/commons\/thumb\/2\/2a\/Avril_Lavigne_singing%2C_St._Petersburg_%28crop%29.jpg\/180px-Avril_Lavigne_singing%2C_St._Petersburg_%28crop%29.jpg 1.5x, \/\/upload.wikimedia.org\/wikipedia\/commons\/thumb\/2\/2a\/Avril_Lavigne_singing%2C_St._Petersburg_%28crop%29.jpg\/240px-Avril_Lavigne_singing%2C_St._Petersburg_%28crop%29.jpg 2x\" alt=\"\" width=\"120\" height=\"173\" data-file-width=\"1394\" data-file-height=\"2004\" \/><\/a><\/p>\n<div class=\"thumbcaption\">\n<div class=\"magnify\">\u00a0<\/div>\n<p><a title=\"Avril Lavigne\" href=\"https:\/\/es.wikipedia.org\/wiki\/Avril_Lavigne\">Avril Lavigne<\/a>.<\/div>\n<\/div>\n<\/div>\n<ul style=\"text-align: justify;\">\n<li>1984: <a title=\"Wouter Weylandt\" href=\"https:\/\/es.wikipedia.org\/wiki\/Wouter_Weylandt\">Wouter Weylandt<\/a>, ciclista belga (f. 2011).<\/li>\n<li><a title=\"1985\" href=\"https:\/\/es.wikipedia.org\/wiki\/1985\">1985<\/a>: <a title=\"Daniel Pudil\" href=\"https:\/\/es.wikipedia.org\/wiki\/Daniel_Pudil\">Daniel Pudil<\/a>, futbolista checo.<\/li>\n<li><a title=\"1986\" href=\"https:\/\/es.wikipedia.org\/wiki\/1986\">1986<\/a>: <a title=\"Benjamin Hockin\" href=\"https:\/\/es.wikipedia.org\/wiki\/Benjamin_Hockin\">Benjamin Hockin<\/a>, nadador paraguayo.<\/li>\n<li><a title=\"1987\" href=\"https:\/\/es.wikipedia.org\/wiki\/1987\">1987<\/a>: <a title=\"\u00c1d\u00e1m Bogd\u00e1n\" href=\"https:\/\/es.wikipedia.org\/wiki\/%C3%81d%C3%A1m_Bogd%C3%A1n\">\u00c1d\u00e1m Bogd\u00e1n<\/a>, futbolista h\u00fangaro.<\/li>\n<li>1987: <a title=\"Austin Carlile\" href=\"https:\/\/es.wikipedia.org\/wiki\/Austin_Carlile\">Austin Carlile<\/a>, cantante estadounidense, de la banda Of Mice &amp; Men.<\/li>\n<li>1987: <a title=\"Olga Puchkova\" href=\"https:\/\/es.wikipedia.org\/wiki\/Olga_Puchkova\">Olga Puchkova<\/a>, tenista rusa.<\/li>\n<li><a title=\"1988\" href=\"https:\/\/es.wikipedia.org\/wiki\/1988\">1988<\/a>: <a title=\"Nico Terol\" href=\"https:\/\/es.wikipedia.org\/wiki\/Nico_Terol\">Nico Terol<\/a>, motociclista espa\u00f1ol.<\/li>\n<li><a title=\"1989\" href=\"https:\/\/es.wikipedia.org\/wiki\/1989\">1989<\/a>: <a title=\"\u00c1lex Perea\" href=\"https:\/\/es.wikipedia.org\/wiki\/%C3%81lex_Perea\">\u00c1lex Perea<\/a>, actor mexicano.<\/li>\n<li><a title=\"1991\" href=\"https:\/\/es.wikipedia.org\/wiki\/1991\">1991<\/a>: <a title=\"Simona Halep\" href=\"https:\/\/es.wikipedia.org\/wiki\/Simona_Halep\">Simona Halep<\/a>, tenista rumana.<\/li>\n<li><a title=\"1992\" href=\"https:\/\/es.wikipedia.org\/wiki\/1992\">1992<\/a>: <a title=\"Jake Burbage\" href=\"https:\/\/es.wikipedia.org\/wiki\/Jake_Burbage\">Jake Burbage<\/a>, actor estadounidense.<\/li>\n<li>1992: <a title=\"Luc Castaignos\" href=\"https:\/\/es.wikipedia.org\/wiki\/Luc_Castaignos\">Luc Castaignos<\/a>, futbolista neerland\u00e9s.<\/li>\n<li>1992: <a title=\"Gabriel Vasconcelos Ferreira\" href=\"https:\/\/es.wikipedia.org\/wiki\/Gabriel_Vasconcelos_Ferreira\">Gabriel Vasconcelos Ferreira<\/a>, futbolista brasile\u00f1o.<\/li>\n<li>1992: <a title=\"Sabine Winter\" href=\"https:\/\/es.wikipedia.org\/wiki\/Sabine_Winter\">Sabine Winter<\/a>, jugadora alemana de tenis de mesa.<\/li>\n<li>1992: <a title=\"Granit Xhaka\" href=\"https:\/\/es.wikipedia.org\/wiki\/Granit_Xhaka\">Granit Xhaka<\/a>, futbolista suizo.<\/li>\n<li><a title=\"1993\" href=\"https:\/\/es.wikipedia.org\/wiki\/1993\">1993<\/a>: <a title=\"Lisandro Magall\u00e1n\" href=\"https:\/\/es.wikipedia.org\/wiki\/Lisandro_Magall%C3%A1n\">Lisandro Magall\u00e1n<\/a>, futbolista argentino.<\/li>\n<li>1993: <a title=\"M\u00f3nica Puig\" href=\"https:\/\/es.wikipedia.org\/wiki\/M%C3%B3nica_Puig\">M\u00f3nica Puig<\/a>, tenista puertorrique\u00f1a.<\/li>\n<li><a title=\"1995\" href=\"https:\/\/es.wikipedia.org\/wiki\/1995\">1995<\/a>: <a title=\"Lina Leandersson\" href=\"https:\/\/es.wikipedia.org\/wiki\/Lina_Leandersson\">Lina Leandersson<\/a>, actriz sueca.<\/li>\n<\/ul>\n<h2 style=\"text-align: justify;\"><span id=\"Fallecimientos\" class=\"mw-headline\">Fallecimientos<\/span><\/h2>\n<ul style=\"text-align: justify;\">\n<li><a title=\"1249\" href=\"https:\/\/es.wikipedia.org\/wiki\/1249\">1249<\/a>: <a title=\"Raimundo VII de Tolosa\" href=\"https:\/\/es.wikipedia.org\/wiki\/Raimundo_VII_de_Tolosa\">Raimundo VII de Tolosa<\/a>, arist\u00f3crata franc\u00e9s (n. 1197).<\/li>\n<li><a title=\"1557\" href=\"https:\/\/es.wikipedia.org\/wiki\/1557\">1557<\/a>: <a class=\"mw-redirect\" title=\"Emperador Go-Nara\" href=\"https:\/\/es.wikipedia.org\/wiki\/Emperador_Go-Nara\">Go-Nara<\/a>, emperador japon\u00e9s (n. 1320).<\/li>\n<li><a title=\"1590\" href=\"https:\/\/es.wikipedia.org\/wiki\/1590\">1590<\/a>: <a title=\"Urbano VII\" href=\"https:\/\/es.wikipedia.org\/wiki\/Urbano_VII\">Urbano VII<\/a>, papa italiano (n. 1521).<\/li>\n<\/ul>\n<div class=\"thumb tright\" style=\"text-align: justify;\">\n<div class=\"thumbinner\"><a class=\"image\" href=\"https:\/\/commons.wikimedia.org\/wiki\/File:Urban_VII.jpg\"><img loading=\"lazy\" decoding=\"async\" class=\"thumbimage\" src=\"https:\/\/upload.wikimedia.org\/wikipedia\/commons\/thumb\/2\/2c\/Urban_VII.jpg\/120px-Urban_VII.jpg\" srcset=\"\/\/upload.wikimedia.org\/wikipedia\/commons\/thumb\/2\/2c\/Urban_VII.jpg\/180px-Urban_VII.jpg 1.5x, \/\/upload.wikimedia.org\/wikipedia\/commons\/thumb\/2\/2c\/Urban_VII.jpg\/240px-Urban_VII.jpg 2x\" alt=\"\" width=\"120\" height=\"168\" data-file-width=\"302\" data-file-height=\"424\" \/><\/a><\/p>\n<div class=\"thumbcaption\">\n<div class=\"magnify\">\u00a0<\/div>\n<p><a title=\"Urbano VII\" href=\"https:\/\/es.wikipedia.org\/wiki\/Urbano_VII\">Urbano VII<\/a>.<\/div>\n<\/div>\n<\/div>\n<ul style=\"text-align: justify;\">\n<li><a title=\"1615\" href=\"https:\/\/es.wikipedia.org\/wiki\/1615\">1615<\/a>: <a class=\"mw-redirect\" title=\"Arbella Stuart\" href=\"https:\/\/es.wikipedia.org\/wiki\/Arbella_Stuart\">Arbella Stuart<\/a>, mujer inglesa, esposa del duque William Seymour (n. 1575).<\/li>\n<li><a title=\"1651\" href=\"https:\/\/es.wikipedia.org\/wiki\/1651\">1651<\/a>: <a title=\"Maximiliano I, duque y elector de Baviera\" href=\"https:\/\/es.wikipedia.org\/wiki\/Maximiliano_I,_duque_y_elector_de_Baviera\">Maximiliano I, duque y elector de Baviera<\/a>, arist\u00f3crata alem\u00e1n (n. 1573).<\/li>\n<li><a title=\"1660\" href=\"https:\/\/es.wikipedia.org\/wiki\/1660\">1660<\/a>: <a class=\"mw-redirect\" title=\"Vicente de Paul\" href=\"https:\/\/es.wikipedia.org\/wiki\/Vicente_de_Paul\">Vicente de Paul<\/a>, religioso y santo franc\u00e9s (n. 1581).<\/li>\n<li><a title=\"1700\" href=\"https:\/\/es.wikipedia.org\/wiki\/1700\">1700<\/a>: <a title=\"Inocencio XII\" href=\"https:\/\/es.wikipedia.org\/wiki\/Inocencio_XII\">Inocencio XII<\/a>, papa italiano (n. 1615).<\/li>\n<li><a title=\"1760\" href=\"https:\/\/es.wikipedia.org\/wiki\/1760\">1760<\/a>: <a title=\"Mar\u00eda Amalia de Sajonia\" href=\"https:\/\/es.wikipedia.org\/wiki\/Mar%C3%ADa_Amalia_de_Sajonia\">Mar\u00eda Amalia de Sajonia<\/a>, reina consorte espa\u00f1ola (n. 1724).<\/li>\n<li><a title=\"1783\" href=\"https:\/\/es.wikipedia.org\/wiki\/1783\">1783<\/a>: <a title=\"\u00c9tienne B\u00e9zout\" href=\"https:\/\/es.wikipedia.org\/wiki\/%C3%89tienne_B%C3%A9zout\">\u00c9tienne B\u00e9zout<\/a>, matem\u00e1tico franc\u00e9s (n. 1730).<\/li>\n<li><a title=\"1803\" href=\"https:\/\/es.wikipedia.org\/wiki\/1803\">1803<\/a>: <a title=\"Salvador Fidalgo\" href=\"https:\/\/es.wikipedia.org\/wiki\/Salvador_Fidalgo\">Salvador Fidalgo<\/a>, marino espa\u00f1ol del siglo XVIII (n. 1756).<\/li>\n<li><a title=\"1832\" href=\"https:\/\/es.wikipedia.org\/wiki\/1832\">1832<\/a>: <a title=\"Karl Christian Friedrich Krause\" href=\"https:\/\/es.wikipedia.org\/wiki\/Karl_Christian_Friedrich_Krause\">Karl Christian Friedrich Krause<\/a>, fil\u00f3sofo alem\u00e1n (n. 1781).<\/li>\n<li><a title=\"1833\" href=\"https:\/\/es.wikipedia.org\/wiki\/1833\">1833<\/a>: <a title=\"Ram Mohan Roy\" href=\"https:\/\/es.wikipedia.org\/wiki\/Ram_Mohan_Roy\">Ram Mohan Roy<\/a>, fil\u00f3sofo ateo indio (n. 1772).<\/li>\n<li><a title=\"1838\" href=\"https:\/\/es.wikipedia.org\/wiki\/1838\">1838<\/a>: <a title=\"Bernard Courtois\" href=\"https:\/\/es.wikipedia.org\/wiki\/Bernard_Courtois\">Bernard Courtois<\/a>, qu\u00edmico franc\u00e9s (n. 1777).<\/li>\n<li><a title=\"1876\" href=\"https:\/\/es.wikipedia.org\/wiki\/1876\">1876<\/a>: <a title=\"Braxton Bragg\" href=\"https:\/\/es.wikipedia.org\/wiki\/Braxton_Bragg\">Braxton Bragg<\/a>, general confederado estadounidense (n. 1817).<\/li>\n<li><a title=\"1907\" href=\"https:\/\/es.wikipedia.org\/wiki\/1907\">1907<\/a>: <a title=\"Ferm\u00edn Salvochea\" href=\"https:\/\/es.wikipedia.org\/wiki\/Ferm%C3%ADn_Salvochea\">Ferm\u00edn Salvochea<\/a>, anarquista espa\u00f1ol (n. 1842).<\/li>\n<li><a title=\"1910\" href=\"https:\/\/es.wikipedia.org\/wiki\/1910\">1910<\/a>: <a title=\"Jorge Ch\u00e1vez\" href=\"https:\/\/es.wikipedia.org\/wiki\/Jorge_Ch%C3%A1vez\">Jorge Ch\u00e1vez<\/a>, aviador peruano, primero en sobrevivir el vuelo sobre los Alpes (n. 1887).<\/li>\n<li><a title=\"1915\" href=\"https:\/\/es.wikipedia.org\/wiki\/1915\">1915<\/a>: <a title=\"Remy de Gourmont\" href=\"https:\/\/es.wikipedia.org\/wiki\/Remy_de_Gourmont\">Remy de Gourmont<\/a>, poeta franc\u00e9s (n. 1858).<\/li>\n<li><a title=\"1917\" href=\"https:\/\/es.wikipedia.org\/wiki\/1917\">1917<\/a>: <a title=\"Edgar Degas\" href=\"https:\/\/es.wikipedia.org\/wiki\/Edgar_Degas\">Edgar Degas<\/a>, pintor y escultor franc\u00e9s (n. 1834).<\/li>\n<\/ul>\n<div class=\"thumb tright\" style=\"text-align: justify;\">\n<div class=\"thumbinner\"><a class=\"image\" href=\"https:\/\/commons.wikimedia.org\/wiki\/File:Edgar_Germain_Hilaire_Degas_061.jpg\"><img loading=\"lazy\" decoding=\"async\" class=\"thumbimage\" src=\"https:\/\/upload.wikimedia.org\/wikipedia\/commons\/thumb\/4\/41\/Edgar_Germain_Hilaire_Degas_061.jpg\/120px-Edgar_Germain_Hilaire_Degas_061.jpg\" srcset=\"\/\/upload.wikimedia.org\/wikipedia\/commons\/thumb\/4\/41\/Edgar_Germain_Hilaire_Degas_061.jpg\/180px-Edgar_Germain_Hilaire_Degas_061.jpg 1.5x, \/\/upload.wikimedia.org\/wikipedia\/commons\/thumb\/4\/41\/Edgar_Germain_Hilaire_Degas_061.jpg\/240px-Edgar_Germain_Hilaire_Degas_061.jpg 2x\" alt=\"\" width=\"120\" height=\"152\" data-file-width=\"1000\" data-file-height=\"1269\" \/><\/a><\/p>\n<div class=\"thumbcaption\">\n<div class=\"magnify\">\u00a0<\/div>\n<p><a title=\"Edgar Degas\" href=\"https:\/\/es.wikipedia.org\/wiki\/Edgar_Degas\">Edgar Degas<\/a>.<\/div>\n<\/div>\n<\/div>\n<ul style=\"text-align: justify;\">\n<li><a title=\"1921\" href=\"https:\/\/es.wikipedia.org\/wiki\/1921\">1921<\/a>: <a title=\"Engelbert Humperdinck\" href=\"https:\/\/es.wikipedia.org\/wiki\/Engelbert_Humperdinck\">Engelbert Humperdinck<\/a>, compositor alem\u00e1n (n. 1854).<\/li>\n<li><a title=\"1940\" href=\"https:\/\/es.wikipedia.org\/wiki\/1940\">1940<\/a>: <a title=\"Walter Benjamin\" href=\"https:\/\/es.wikipedia.org\/wiki\/Walter_Benjamin\">Walter Benjamin<\/a>, cr\u00edtico literario marxista y fil\u00f3sofo alem\u00e1n (n. 1892).<\/li>\n<li>1940: <a title=\"Juli\u00e1n Besteiro\" href=\"https:\/\/es.wikipedia.org\/wiki\/Juli%C3%A1n_Besteiro\">Juli\u00e1n Besteiro<\/a>, pol\u00edtico espa\u00f1ol (n. 1870).<\/li>\n<li>1940: <a title=\"Julius Wagner-Jauregg\" href=\"https:\/\/es.wikipedia.org\/wiki\/Julius_Wagner-Jauregg\">Julius Wagner-Jauregg<\/a>, m\u00e9dico austriaco, premio nobel de medicina en 1927 (n. 1857).<\/li>\n<li><a title=\"1944\" href=\"https:\/\/es.wikipedia.org\/wiki\/1944\">1944<\/a>: <a class=\"mw-redirect\" title=\"Ar\u00edstides Maillol\" href=\"https:\/\/es.wikipedia.org\/wiki\/Ar%C3%ADstides_Maillol\">Ar\u00edstides Maillol<\/a>, escultor franc\u00e9s (n. 1861).<\/li>\n<li>1944: <a title=\"Aimee Semple McPherson\" href=\"https:\/\/es.wikipedia.org\/wiki\/Aimee_Semple_McPherson\">Aimee Semple McPherson<\/a>, evangelista estadounidense (n. 1890).<\/li>\n<li><a title=\"1947\" href=\"https:\/\/es.wikipedia.org\/wiki\/1947\">1947<\/a>: <a title=\"Jos\u00e9 Fern\u00e1ndez Non\u00eddez\" href=\"https:\/\/es.wikipedia.org\/wiki\/Jos%C3%A9_Fern%C3%A1ndez_Non%C3%ADdez\">Jos\u00e9 Fern\u00e1ndez Non\u00eddez<\/a>, genetista espa\u00f1ol (n. 1891).<\/li>\n<li><a title=\"1952\" href=\"https:\/\/es.wikipedia.org\/wiki\/1952\">1952<\/a>: <a title=\"Rafael Benjumea y Bur\u00edn\" href=\"https:\/\/es.wikipedia.org\/wiki\/Rafael_Benjumea_y_Bur%C3%ADn\">Rafael Benjumea y Bur\u00edn<\/a>, pol\u00edtico e ingeniero espa\u00f1ol (n. 1876).<\/li>\n<li><a title=\"1956\" href=\"https:\/\/es.wikipedia.org\/wiki\/1956\">1956<\/a>: <a title=\"Gerald Finzi\" href=\"https:\/\/es.wikipedia.org\/wiki\/Gerald_Finzi\">Gerald Finzi<\/a>, compositor brit\u00e1nico (n. 1901).<\/li>\n<li>1956: <a class=\"mw-redirect\" title=\"Babe Didrikson Zaharias\" href=\"https:\/\/es.wikipedia.org\/wiki\/Babe_Didrikson_Zaharias\">Babe Didrikson Zaharias<\/a>, golfista estadounidense (n. 1911).<\/li>\n<li><a title=\"1960\" href=\"https:\/\/es.wikipedia.org\/wiki\/1960\">1960<\/a>: <a title=\"Ra\u00fal Porras Barrenechea\" href=\"https:\/\/es.wikipedia.org\/wiki\/Ra%C3%BAl_Porras_Barrenechea\">Ra\u00fal Porras Barrenechea<\/a>, historiador y diplom\u00e1tico peruano (n. 1897).<\/li>\n<\/ul>\n<div class=\"thumb tright\" style=\"text-align: justify;\">\n<div class=\"thumbinner\"><a class=\"image\" href=\"https:\/\/commons.wikimedia.org\/wiki\/File:Clara_Bow_1927_crop.png\"><img loading=\"lazy\" decoding=\"async\" class=\"thumbimage\" src=\"https:\/\/upload.wikimedia.org\/wikipedia\/commons\/thumb\/4\/49\/Clara_Bow_1927_crop.png\/120px-Clara_Bow_1927_crop.png\" srcset=\"\/\/upload.wikimedia.org\/wikipedia\/commons\/thumb\/4\/49\/Clara_Bow_1927_crop.png\/180px-Clara_Bow_1927_crop.png 1.5x, \/\/upload.wikimedia.org\/wikipedia\/commons\/thumb\/4\/49\/Clara_Bow_1927_crop.png\/240px-Clara_Bow_1927_crop.png 2x\" alt=\"\" width=\"120\" height=\"116\" data-file-width=\"337\" data-file-height=\"325\" \/><\/a><\/p>\n<div class=\"thumbcaption\">\n<div class=\"magnify\">\u00a0<\/div>\n<p><a title=\"Clara Bow\" href=\"https:\/\/es.wikipedia.org\/wiki\/Clara_Bow\">Clara Bow<\/a>.<\/div>\n<\/div>\n<\/div>\n<ul style=\"text-align: justify;\">\n<li><a title=\"1965\" href=\"https:\/\/es.wikipedia.org\/wiki\/1965\">1965<\/a>: <a title=\"Clara Bow\" href=\"https:\/\/es.wikipedia.org\/wiki\/Clara_Bow\">Clara Bow<\/a>, actriz estadounidense (n. 1905).<\/li>\n<li><a title=\"1967\" href=\"https:\/\/es.wikipedia.org\/wiki\/1967\">1967<\/a>: <a title=\"F\u00e9lix Yus\u00fapov\" href=\"https:\/\/es.wikipedia.org\/wiki\/F%C3%A9lix_Yus%C3%BApov\">F\u00e9lix Yus\u00fapov<\/a>, arist\u00f3crata ruso (n. 1887).<\/li>\n<li><a title=\"1972\" href=\"https:\/\/es.wikipedia.org\/wiki\/1972\">1972<\/a>: <a title=\"Ranganathan\" href=\"https:\/\/es.wikipedia.org\/wiki\/Ranganathan\">Ranganathan<\/a>, matem\u00e1tico indio (n. 1892).<\/li>\n<li><a title=\"1974\" href=\"https:\/\/es.wikipedia.org\/wiki\/1974\">1974<\/a>: <a title=\"Silvio Frondizi\" href=\"https:\/\/es.wikipedia.org\/wiki\/Silvio_Frondizi\">Silvio Frondizi<\/a>, abogado argentino (n. 1907).<\/li>\n<li><a title=\"1976\" href=\"https:\/\/es.wikipedia.org\/wiki\/1976\">1976<\/a>: <a title=\"Ovidio Hern\u00e1ndez\" href=\"https:\/\/es.wikipedia.org\/wiki\/Ovidio_Hern%C3%A1ndez\">Ovidio Hern\u00e1ndez<\/a>, m\u00fasico mexicano, de la banda Los Panchos (n. 1933).\n<div class=\"thumb tright\">\n<div class=\"thumbinner\"><a class=\"image\" href=\"https:\/\/commons.wikimedia.org\/wiki\/File:Ovidio_Hernandez.JPG\"><img loading=\"lazy\" decoding=\"async\" class=\"thumbimage\" src=\"https:\/\/upload.wikimedia.org\/wikipedia\/commons\/thumb\/d\/d1\/Ovidio_Hernandez.JPG\/120px-Ovidio_Hernandez.JPG\" srcset=\"\/\/upload.wikimedia.org\/wikipedia\/commons\/thumb\/d\/d1\/Ovidio_Hernandez.JPG\/180px-Ovidio_Hernandez.JPG 1.5x, \/\/upload.wikimedia.org\/wikipedia\/commons\/d\/d1\/Ovidio_Hernandez.JPG 2x\" alt=\"\" width=\"120\" height=\"180\" data-file-width=\"230\" data-file-height=\"345\" \/><\/a><\/p>\n<div class=\"thumbcaption\">\n<div class=\"magnify\">\u00a0<\/div>\n<p><a title=\"Ovidio Hern\u00e1ndez\" href=\"https:\/\/es.wikipedia.org\/wiki\/Ovidio_Hern%C3%A1ndez\">Ovidio Hern\u00e1ndez<\/a>.<\/div>\n<\/div>\n<\/div>\n<\/li>\n<li><a title=\"1979\" href=\"https:\/\/es.wikipedia.org\/wiki\/1979\">1979<\/a>: <a title=\"Gracie Fields\" href=\"https:\/\/es.wikipedia.org\/wiki\/Gracie_Fields\">Gracie Fields<\/a>, actriz y cantante brit\u00e1nica (n. 1898).<\/li>\n<li>1979: <a title=\"Jimmy McCulloch\" href=\"https:\/\/es.wikipedia.org\/wiki\/Jimmy_McCulloch\">Jimmy McCulloch<\/a>, compositor y guitarrista escoc\u00e9s, de la banda Wings (n. 1953).<\/li>\n<li><a title=\"1981\" href=\"https:\/\/es.wikipedia.org\/wiki\/1981\">1981<\/a>: <a title=\"Durval Marcondes\" href=\"https:\/\/es.wikipedia.org\/wiki\/Durval_Marcondes\">Durval Marcondes<\/a>, psiquiatra brasile\u00f1o (n. 1899).<\/li>\n<li>1981: <a title=\"Robert Montgomery\" href=\"https:\/\/es.wikipedia.org\/wiki\/Robert_Montgomery\">Robert Montgomery<\/a>, actor estadounidense (n. 1904).<\/li>\n<li><a title=\"1985\" href=\"https:\/\/es.wikipedia.org\/wiki\/1985\">1985<\/a>: <a title=\"Lloyd Nolan\" href=\"https:\/\/es.wikipedia.org\/wiki\/Lloyd_Nolan\">Lloyd Nolan<\/a>, actor estadounidense (n. 1902).<\/li>\n<li><a title=\"1986\" href=\"https:\/\/es.wikipedia.org\/wiki\/1986\">1986<\/a>: <a title=\"Cliff Burton\" href=\"https:\/\/es.wikipedia.org\/wiki\/Cliff_Burton\">Cliff Burton<\/a>, bajista estadounidense, de la banda Metallica (n. 1962).<\/li>\n<li><a title=\"1991\" href=\"https:\/\/es.wikipedia.org\/wiki\/1991\">1991<\/a>: <a title=\"Oona O'Neill\" href=\"https:\/\/es.wikipedia.org\/wiki\/Oona_O%27Neill\">Oona O&#8217;Neill<\/a>, esposa brit\u00e1nica de Charlie Chaplin (n. 1926).<\/li>\n<li><a title=\"1993\" href=\"https:\/\/es.wikipedia.org\/wiki\/1993\">1993<\/a>: <a title=\"James H. Doolittle\" href=\"https:\/\/es.wikipedia.org\/wiki\/James_H._Doolittle\">James H. Doolittle<\/a>, general estadounidense, famoso por dirigir la <a title=\"Incursi\u00f3n Doolittle\" href=\"https:\/\/es.wikipedia.org\/wiki\/Incursi%C3%B3n_Doolittle\">Incursi\u00f3n Doolittle<\/a> (n. 1896).<\/li>\n<li><a title=\"1994\" href=\"https:\/\/es.wikipedia.org\/wiki\/1994\">1994<\/a>: <a title=\"Carlos Lleras Restrepo\" href=\"https:\/\/es.wikipedia.org\/wiki\/Carlos_Lleras_Restrepo\">Carlos Lleras Restrepo<\/a>, pol\u00edtico y gobernante colombiano (n. 1908).<\/li>\n<li><a title=\"1996\" href=\"https:\/\/es.wikipedia.org\/wiki\/1996\">1996<\/a>: <a title=\"Mohammad Najibul\u00e1\" href=\"https:\/\/es.wikipedia.org\/wiki\/Mohammad_Najibul%C3%A1\">Mohammad Najibul\u00e1<\/a>, expresidente afgano (n. 1947).<\/li>\n<li><a title=\"1999\" href=\"https:\/\/es.wikipedia.org\/wiki\/1999\">1999<\/a>: <a title=\"Manuel Bustos\" href=\"https:\/\/es.wikipedia.org\/wiki\/Manuel_Bustos\">Manuel Bustos<\/a>, sindicalista y pol\u00edtico chileno (n. 1943).<\/li>\n<li><a title=\"2000\" href=\"https:\/\/es.wikipedia.org\/wiki\/2000\">2000<\/a>: <a class=\"mw-redirect\" title=\"Gustavo Leguizam\u00f3n\" href=\"https:\/\/es.wikipedia.org\/wiki\/Gustavo_Leguizam%C3%B3n\">Cuchi Leguizam\u00f3n<\/a>, compositor argentino (n. 1917).<\/li>\n<li><a title=\"2003\" href=\"https:\/\/es.wikipedia.org\/wiki\/2003\">2003<\/a>: <a title=\"Donald O'Connor\" href=\"https:\/\/es.wikipedia.org\/wiki\/Donald_O%27Connor\">Donald O&#8217;Connor<\/a>, actor, cantante y bailar\u00edn estadounidense (n. 1925).<\/li>\n<\/ul>\n<div class=\"thumb tright\" style=\"text-align: justify;\">\n<div class=\"thumbinner\"><a class=\"image\" href=\"https:\/\/commons.wikimedia.org\/wiki\/File:O%27Connor,_Donald_01.jpg\"><img loading=\"lazy\" decoding=\"async\" class=\"thumbimage\" src=\"https:\/\/upload.wikimedia.org\/wikipedia\/commons\/thumb\/9\/9d\/O%27Connor%2C_Donald_01.jpg\/120px-O%27Connor%2C_Donald_01.jpg\" srcset=\"\/\/upload.wikimedia.org\/wikipedia\/commons\/thumb\/9\/9d\/O%27Connor%2C_Donald_01.jpg\/180px-O%27Connor%2C_Donald_01.jpg 1.5x, \/\/upload.wikimedia.org\/wikipedia\/commons\/thumb\/9\/9d\/O%27Connor%2C_Donald_01.jpg\/240px-O%27Connor%2C_Donald_01.jpg 2x\" alt=\"\" width=\"120\" height=\"154\" data-file-width=\"1249\" data-file-height=\"1600\" \/><\/a><\/p>\n<div class=\"thumbcaption\">\n<div class=\"magnify\">\u00a0<\/div>\n<p><a title=\"Donald O'Connor\" href=\"https:\/\/es.wikipedia.org\/wiki\/Donald_O%27Connor\">Donald O&#8217;Connor<\/a>.<\/div>\n<\/div>\n<\/div>\n<ul style=\"text-align: justify;\">\n<li><a title=\"2005\" href=\"https:\/\/es.wikipedia.org\/wiki\/2005\">2005<\/a>: <a title=\"Ronald Golias\" href=\"https:\/\/es.wikipedia.org\/wiki\/Ronald_Golias\">Ronald Golias<\/a>, actor y c\u00f3mico brasile\u00f1o (n. 1929).<\/li>\n<li><a title=\"2007\" href=\"https:\/\/es.wikipedia.org\/wiki\/2007\">2007<\/a>: <a title=\"Kenji Nagai\" href=\"https:\/\/es.wikipedia.org\/wiki\/Kenji_Nagai\">Kenji Nagai<\/a>, poeta japon\u00e9s (n. 1957).<\/li>\n<li><a title=\"2008\" href=\"https:\/\/es.wikipedia.org\/wiki\/2008\">2008<\/a>: <a title=\"Mahendra Kapoor\" href=\"https:\/\/es.wikipedia.org\/wiki\/Mahendra_Kapoor\">Mahendra Kapoor<\/a>, cantante indio (n. 1934).<\/li>\n<li>2008: <a title=\"Mario Maya\" href=\"https:\/\/es.wikipedia.org\/wiki\/Mario_Maya\">Mario Maya<\/a>, bailaor y core\u00f3grafo espa\u00f1ol (n. 1937).<\/li>\n<li><a title=\"2010\" href=\"https:\/\/es.wikipedia.org\/wiki\/2010\">2010<\/a>: <a title=\"Sally Menke\" href=\"https:\/\/es.wikipedia.org\/wiki\/Sally_Menke\">Sally Menke<\/a>, editora de cine estadounidense (n. 1953).<\/li>\n<li>2010: <a title=\"Buddy Morrow\" href=\"https:\/\/es.wikipedia.org\/wiki\/Buddy_Morrow\">Buddy Morrow<\/a>, director de orquesta y trombonista estadounidense de jazz (n. 1919).<\/li>\n<li>2010: <a title=\"Carmelo Arden Quin\" href=\"https:\/\/es.wikipedia.org\/wiki\/Carmelo_Arden_Quin\">Carmelo Arden Quin<\/a>, pintor y escultor uruguayo (n. 1913).<\/li>\n<li><a title=\"2011\" href=\"https:\/\/es.wikipedia.org\/wiki\/2011\">2011<\/a>: <a title=\"Hugo Gim\u00e9nez Ag\u00fcero\" href=\"https:\/\/es.wikipedia.org\/wiki\/Hugo_Gim%C3%A9nez_Ag%C3%BCero\">Hugo Gim\u00e9nez Ag\u00fcero<\/a>, cantautor argentino (n. 1944).<\/li>\n<li>2011: <a title=\"Wilson Greatbatch\" href=\"https:\/\/es.wikipedia.org\/wiki\/Wilson_Greatbatch\">Wilson Greatbatch<\/a>, ingeniero e inventor estadounidense (n. 1919).<\/li>\n<li>2011: <a class=\"mw-redirect\" title=\"Jes\u00fas Pereda\" href=\"https:\/\/es.wikipedia.org\/wiki\/Jes%C3%BAs_Pereda\">Jes\u00fas Pereda<\/a>, exfutbolista y entrenador espa\u00f1ol (n. 1938).<\/li>\n<li><a title=\"2012\" href=\"https:\/\/es.wikipedia.org\/wiki\/2012\">2012<\/a>: <a title=\"Aleksandr Gorelik\" href=\"https:\/\/es.wikipedia.org\/wiki\/Aleksandr_Gorelik\">Aleksandr Gorelik<\/a>, patinador ruso (n. 1945).<\/li>\n<li>2012: <a title=\"Herbert Lom\" href=\"https:\/\/es.wikipedia.org\/wiki\/Herbert_Lom\">Herbert Lom<\/a>, actor brit\u00e1nico (n. 1917).<\/li>\n<li>2012: <a title=\"Ted Boy Marino\" href=\"https:\/\/es.wikipedia.org\/wiki\/Ted_Boy_Marino\">Ted Boy Marino<\/a>, luchador y actor italo-brasile\u00f1o (n. 1939).<\/li>\n<li>2012: <a title=\"John Silber\" href=\"https:\/\/es.wikipedia.org\/wiki\/John_Silber\">John Silber<\/a>, acad\u00e9mico estadounidense (n. 1926).<\/li>\n<li>2012: <a title=\"Frank Wilson\" href=\"https:\/\/es.wikipedia.org\/wiki\/Frank_Wilson\">Frank Wilson<\/a>, m\u00fasico estadounidense (n. 1940).<\/li>\n<li><a title=\"2014\" href=\"https:\/\/es.wikipedia.org\/wiki\/2014\">2014<\/a>: <a title=\"Ra\u00fal Carnota\" href=\"https:\/\/es.wikipedia.org\/wiki\/Ra%C3%BAl_Carnota\">Ra\u00fal Carnota<\/a>, cantautor folcl\u00f3rico argentino (n. 1947).<\/li>\n<li>2014: <a title=\"El Negro Garc\u00eda L\u00f3pez\" href=\"https:\/\/es.wikipedia.org\/wiki\/El_Negro_Garc%C3%ADa_L%C3%B3pez\">El Negro Garc\u00eda L\u00f3pez<\/a>, m\u00fasico y guitarrista de rock argentino (n. 1959).<\/li>\n<li>2014: <a class=\"mw-redirect\" title=\"Sarah Goldberg\" href=\"https:\/\/es.wikipedia.org\/wiki\/Sarah_Goldberg\">Sarah Goldberg<\/a>, actriz estadounidense (n. 1974).<\/li>\n<\/ul>\n<h2 style=\"text-align: justify;\"><span id=\"Celebraciones\" class=\"mw-headline\">Celebraciones<\/span><\/h2>\n<ul style=\"text-align: justify;\">\n<li><a title=\"M\u00e9xico\" href=\"https:\/\/es.wikipedia.org\/wiki\/M%C3%A9xico\">M\u00e9xico<\/a>: Consumaci\u00f3n de la Independencia en 1821.<\/li>\n<li><a title=\"D\u00eda Mundial del Turismo\" href=\"https:\/\/es.wikipedia.org\/wiki\/D%C3%ADa_Mundial_del_Turismo\">D\u00eda Mundial del Turismo<\/a>.<\/li>\n<li><a title=\"Argentina\" href=\"https:\/\/es.wikipedia.org\/wiki\/Argentina\">Argentina<\/a>: D\u00eda de la Conciencia Ambiental.<\/li>\n<li><a title=\"B\u00e9lgica\" href=\"https:\/\/es.wikipedia.org\/wiki\/B%C3%A9lgica\">B\u00e9lgica<\/a>: D\u00eda de la <a class=\"mw-redirect\" title=\"Comunidad francesa de B\u00e9lgica\" href=\"https:\/\/es.wikipedia.org\/wiki\/Comunidad_francesa_de_B%C3%A9lgica\">Comunidad francesa de B\u00e9lgica<\/a>.<\/li>\n<li><a title=\"Venezuela\" href=\"https:\/\/es.wikipedia.org\/wiki\/Venezuela\">Venezuela<\/a>: D\u00eda del Contador P\u00fablico.<\/li>\n<li><a title=\"Chile\" href=\"https:\/\/es.wikipedia.org\/wiki\/Chile\">Chile<\/a>: D\u00eda del Donante.<\/li>\n<li><a title=\"Chile\" href=\"https:\/\/es.wikipedia.org\/wiki\/Chile\">Chile<\/a>: D\u00eda del Odont\u00f3logo.<\/li>\n<\/ul>\n<h3 style=\"text-align: justify;\"><span id=\"Santoral_cat.C3.B3lico\" class=\"mw-headline\">Santoral cat\u00f3lico<\/span><\/h3>\n<ul>\n<li style=\"text-align: justify;\">San <a title=\"Bonfilio de Fara\" href=\"https:\/\/es.wikipedia.org\/wiki\/Bonfilio_de_Fara\">Bonfilio de Fara<\/a><\/li>\n<li style=\"text-align: justify;\">San <a title=\"Adolfo\" href=\"https:\/\/es.wikipedia.org\/wiki\/Adolfo\">Adolfo<\/a><\/li>\n<li style=\"text-align: justify;\">San <a class=\"new\" title=\"Cayo de Mil\u00e1n (a\u00fan no redactado)\" href=\"https:\/\/es.wikipedia.org\/w\/index.php?title=Cayo_de_Mil%C3%A1n&amp;action=edit&amp;redlink=1\">Cayo de Mil\u00e1n<\/a><\/li>\n<li style=\"text-align: justify;\">San <a class=\"new\" title=\"Elzearo de Sabran (a\u00fan no redactado)\" href=\"https:\/\/es.wikipedia.org\/w\/index.php?title=Elzearo_de_Sabran&amp;action=edit&amp;redlink=1\">Elzearo de Sabran<\/a><\/li>\n<li style=\"text-align: justify;\">San <a class=\"new\" title=\"Florentino de Sedunum (a\u00fan no redactado)\" href=\"https:\/\/es.wikipedia.org\/w\/index.php?title=Florentino_de_Sedunum&amp;action=edit&amp;redlink=1\">Florentino de Sedunum<\/a><\/li>\n<li style=\"text-align: justify;\">Santa <a class=\"new\" title=\"Hiltrudis de Liesse (a\u00fan no redactado)\" href=\"https:\/\/es.wikipedia.org\/w\/index.php?title=Hiltrudis_de_Liesse&amp;action=edit&amp;redlink=1\">Hiltrudis de Liesse<\/a><\/li>\n<li style=\"text-align: justify;\"><a title=\"Vicente de Pa\u00fal\" href=\"https:\/\/es.wikipedia.org\/wiki\/Vicente_de_Pa%C3%BAl\">San Vicente de Pa\u00fal<\/a>, <a title=\"Presb\u00edtero\" href=\"https:\/\/es.wikipedia.org\/wiki\/Presb%C3%ADtero\">sacerdote<\/a> y <a title=\"Congregaci\u00f3n de la Misi\u00f3n\" href=\"https:\/\/es.wikipedia.org\/wiki\/Congregaci%C3%B3n_de_la_Misi%C3%B3n\">fundador<\/a>.<sup id=\"cite_ref-3\" class=\"reference\"><a href=\"https:\/\/es.wikipedia.org\/wiki\/27_de_septiembre#cite_note-3\">3<\/a><\/sup><\/li>\n<li style=\"text-align: justify;\">Beato <a class=\"new\" title=\"Juan Bautista Laborier du Vivier (a\u00fan no redactado)\" href=\"https:\/\/es.wikipedia.org\/w\/index.php?title=Juan_Bautista_Laborier_du_Vivier&amp;action=edit&amp;redlink=1\">Juan Bautista Laborier du Vivier<\/a><\/li>\n<li style=\"text-align: justify;\">Beato <a class=\"new\" title=\"Lorenzo de Ripafratta (a\u00fan no redactado)\" href=\"https:\/\/es.wikipedia.org\/w\/index.php?title=Lorenzo_de_Ripafratta&amp;action=edit&amp;redlink=1\">Lorenzo de Ripafratta<\/a>.<\/li>\n<\/ul>\n","protected":false},"excerpt":{"rendered":"<p>Es el 270.\u00ba (ducent\u00e9simo septuag\u00e9simo) d\u00eda del a\u00f1o en el calendario gregoriano y el 271.\u00ba en los a\u00f1os bisiestos. Quedan 95\u00a0d\u00edas para finalizar el a\u00f1o.<\/p>\n","protected":false},"author":2,"featured_media":4922,"comment_status":"open","ping_status":"open","sticky":false,"template":"","format":"standard","meta":{"_acf_changed":false,"_monsterinsights_skip_tracking":false,"slim_seo":{"title":"Efem\u00e9rides 27 de Septiembre - Opini\u00f3n P\u00fablica","description":"Es el 270.\u00ba (ducent\u00e9simo septuag\u00e9simo) d\u00eda del a\u00f1o en el calendario gregoriano y el 271.\u00ba en los a\u00f1os bisiestos. Quedan 95\u00a0d\u00edas para finalizar el a\u00f1o. Acontecim"},"footnotes":""},"categories":[27],"tags":[],"class_list":["post-4923","post","type-post","status-publish","format-standard","has-post-thumbnail","hentry","category-un-dia-como-hoy"],"acf":[],"_links":{"self":[{"href":"https:\/\/www.opinionpublica.tv\/portada\/wp-json\/wp\/v2\/posts\/4923","targetHints":{"allow":["GET"]}}],"collection":[{"href":"https:\/\/www.opinionpublica.tv\/portada\/wp-json\/wp\/v2\/posts"}],"about":[{"href":"https:\/\/www.opinionpublica.tv\/portada\/wp-json\/wp\/v2\/types\/post"}],"author":[{"embeddable":true,"href":"https:\/\/www.opinionpublica.tv\/portada\/wp-json\/wp\/v2\/users\/2"}],"replies":[{"embeddable":true,"href":"https:\/\/www.opinionpublica.tv\/portada\/wp-json\/wp\/v2\/comments?post=4923"}],"version-history":[{"count":0,"href":"https:\/\/www.opinionpublica.tv\/portada\/wp-json\/wp\/v2\/posts\/4923\/revisions"}],"wp:featuredmedia":[{"embeddable":true,"href":"https:\/\/www.opinionpublica.tv\/portada\/wp-json\/wp\/v2\/media\/4922"}],"wp:attachment":[{"href":"https:\/\/www.opinionpublica.tv\/portada\/wp-json\/wp\/v2\/media?parent=4923"}],"wp:term":[{"taxonomy":"category","embeddable":true,"href":"https:\/\/www.opinionpublica.tv\/portada\/wp-json\/wp\/v2\/categories?post=4923"},{"taxonomy":"post_tag","embeddable":true,"href":"https:\/\/www.opinionpublica.tv\/portada\/wp-json\/wp\/v2\/tags?post=4923"}],"curies":[{"name":"wp","href":"https:\/\/api.w.org\/{rel}","templated":true}]}}