{"id":4921,"date":"2016-09-26T06:00:00","date_gmt":"2016-09-26T04:00:00","guid":{"rendered":"https:\/\/www.opinionpublica.tv\/portada\/2016\/09\/26\/efemerides-26-de-septiembre\/"},"modified":"2016-09-26T06:00:00","modified_gmt":"2016-09-26T04:00:00","slug":"efemerides-26-de-septiembre","status":"publish","type":"post","link":"https:\/\/www.opinionpublica.tv\/portada\/efemerides-26-de-septiembre\/","title":{"rendered":"Efem\u00e9rides 26 de Septiembre"},"content":{"rendered":"<img fetchpriority=\"high\" decoding=\"async\" class=\" size-full wp-image-4920\" src=\"https:\/\/www.opinionpublica.tv\/portada\/wp-content\/uploads\/2016\/09\/a9b9add5bcfb016b8b41446ea451af04.jpg\" alt=\"\" class=\"caption\" title=\"San Nilo, Nilo de Rossano, llamado tambi\u00e9n \"Nilo el Joven\", bautizado con el nombre de Nicol\u00e1s (Rossano, Calabria, 910 \u2013 Tusculum, 26 de septiembre de 1004)\" width=\"200\" height=\"267\" \/>\n<p style=\"text-align: justify;\">Es el 269.\u00ba (ducent\u00e9simo sexag\u00e9simo noveno) d\u00eda del a\u00f1o en el calendario gregoriano y el 270.\u00ba en los a\u00f1os bisiestos. Quedan 96\u00a0d\u00edas para finalizar el a\u00f1o.<\/p>\n<p><!--more--><\/p>\n<h2><span id=\"Acontecimientos\" class=\"mw-headline\">Acontecimientos<\/span><\/h2>\n<ul>\n<li><a title=\"A\u00f1os 40 a. C.\" href=\"https:\/\/es.wikipedia.org\/wiki\/A%C3%B1os_40_a._C.\">46\u00a0a.\u00a0C.<\/a>: en <a title=\"Italia\" href=\"https:\/\/es.wikipedia.org\/wiki\/Italia\">Italia<\/a>, <a class=\"mw-redirect\" title=\"Gaio Giulio Cesare\" href=\"https:\/\/es.wikipedia.org\/wiki\/Gaio_Giulio_Cesare\">Julio C\u00e9sar<\/a> inaugura el templo de su ancestra m\u00edtica <a title=\"Venus (mitolog\u00eda)\" href=\"https:\/\/es.wikipedia.org\/wiki\/Venus_(mitolog%C3%ADa)\">Venus Generatriz<\/a> en el Foro de C\u00e9sar, cumpliendo una promesa realizada antes de la<a title=\"Batalla de Farsalia\" href=\"https:\/\/es.wikipedia.org\/wiki\/Batalla_de_Farsalia\">Batalla de Farsalia<\/a>.<\/li>\n<li><a title=\"1580\" href=\"https:\/\/es.wikipedia.org\/wiki\/1580\">1580<\/a>: el brit\u00e1nico <a title=\"Francis Drake\" href=\"https:\/\/es.wikipedia.org\/wiki\/Francis_Drake\">Francis Drake<\/a> circunnavega el globo.<\/li>\n<li><a title=\"1591\" href=\"https:\/\/es.wikipedia.org\/wiki\/1591\">1591<\/a>: huye de Espa\u00f1a <a class=\"mw-redirect\" title=\"Antonio P\u00e9rez (secretario real)\" href=\"https:\/\/es.wikipedia.org\/wiki\/Antonio_P%C3%A9rez_(secretario_real)\">Antonio P\u00e9rez<\/a>, secretario del rey <a title=\"Felipe II de Espa\u00f1a\" href=\"https:\/\/es.wikipedia.org\/wiki\/Felipe_II_de_Espa%C3%B1a\">Felipe\u00a0II<\/a>.<\/li>\n<li><a title=\"1687\" href=\"https:\/\/es.wikipedia.org\/wiki\/1687\">1687<\/a>: en <a class=\"mw-redirect\" title=\"Atenas (Grecia)\" href=\"https:\/\/es.wikipedia.org\/wiki\/Atenas_(Grecia)\">Atenas (Grecia)<\/a> el <a title=\"Parten\u00f3n\" href=\"https:\/\/es.wikipedia.org\/wiki\/Parten%C3%B3n\">Parten\u00f3n<\/a> (que era utilizado como dep\u00f3sito de explosivos) queda parcialmente destruido por el bombardeo de las fuerzas<a title=\"Venecia\" href=\"https:\/\/es.wikipedia.org\/wiki\/Venecia\">venecianas<\/a> conducidas por Francesco Morosini, que estaban asediando a los <a title=\"Turqu\u00eda\" href=\"https:\/\/es.wikipedia.org\/wiki\/Turqu%C3%ADa\">turcos<\/a> <a class=\"mw-redirect\" title=\"Otomano\" href=\"https:\/\/es.wikipedia.org\/wiki\/Otomano\">otomanos<\/a>.<\/li>\n<li><a title=\"1706\" href=\"https:\/\/es.wikipedia.org\/wiki\/1706\">1706<\/a>: el duque de Saboya toma <a title=\"Ducado de Mil\u00e1n\" href=\"https:\/\/es.wikipedia.org\/wiki\/Ducado_de_Mil%C3%A1n\">Mil\u00e1n<\/a> durante la <a title=\"Guerra de Sucesi\u00f3n Espa\u00f1ola\" href=\"https:\/\/es.wikipedia.org\/wiki\/Guerra_de_Sucesi%C3%B3n_Espa%C3%B1ola\">Guerra de Sucesi\u00f3n Espa\u00f1ola<\/a>. De esta manera el <a title=\"Ducado de Mil\u00e1n\" href=\"https:\/\/es.wikipedia.org\/wiki\/Ducado_de_Mil%C3%A1n\">milanesado<\/a> pasa a ser gobernado por el archiduque<a title=\"Carlos VI del Sacro Imperio Romano Germ\u00e1nico\" href=\"https:\/\/es.wikipedia.org\/wiki\/Carlos_VI_del_Sacro_Imperio_Romano_Germ%C3%A1nico\">Carlos<\/a>.<\/li>\n<li><a title=\"1777\" href=\"https:\/\/es.wikipedia.org\/wiki\/1777\">1777<\/a>: en <a title=\"Estados Unidos\" href=\"https:\/\/es.wikipedia.org\/wiki\/Estados_Unidos\">Estados Unidos<\/a>, tropas brit\u00e1nicas ocupan <a title=\"Filadelfia\" href=\"https:\/\/es.wikipedia.org\/wiki\/Filadelfia\">Filadelfia<\/a> durante la <a class=\"mw-redirect\" title=\"Guerra de la Independencia de los Estados Unidos\" href=\"https:\/\/es.wikipedia.org\/wiki\/Guerra_de_la_Independencia_de_los_Estados_Unidos\">Guerra de Independencia<\/a>.<\/li>\n<li><a title=\"1789\" href=\"https:\/\/es.wikipedia.org\/wiki\/1789\">1789<\/a>: en Estados Unidos, <a title=\"Thomas Jefferson\" href=\"https:\/\/es.wikipedia.org\/wiki\/Thomas_Jefferson\">Thomas Jefferson<\/a> es nombrado primer <a class=\"mw-redirect\" title=\"Secretario de Estado de Estados Unidos\" href=\"https:\/\/es.wikipedia.org\/wiki\/Secretario_de_Estado_de_Estados_Unidos\">secretario de Estado<\/a>; John Jay es el primer presidente de la Corte Suprema; Samuel Osgood es el primer director general del servicio postal; y Edmund Randolph es el primer procurador general.<\/li>\n<li><a title=\"1810\" href=\"https:\/\/es.wikipedia.org\/wiki\/1810\">1810<\/a>: en <a title=\"Suecia\" href=\"https:\/\/es.wikipedia.org\/wiki\/Suecia\">Suecia<\/a>, el Parlamento adopta una nueva acta de sucesi\u00f3n y <a title=\"Carlos XIV Juan de Suecia\" href=\"https:\/\/es.wikipedia.org\/wiki\/Carlos_XIV_Juan_de_Suecia\">Jean Baptiste Bernadotte<\/a> se vuelve heredero del trono.<\/li>\n<li><a title=\"1812\" href=\"https:\/\/es.wikipedia.org\/wiki\/1812\">1812<\/a>: se funda el <a title=\"Partido de Carmen de Areco\" href=\"https:\/\/es.wikipedia.org\/wiki\/Partido_de_Carmen_de_Areco\">Partido de Carmen de Areco<\/a><\/li>\n<li><a title=\"1830\" href=\"https:\/\/es.wikipedia.org\/wiki\/1830\">1830<\/a>: <a title=\"B\u00e9lgica\" href=\"https:\/\/es.wikipedia.org\/wiki\/B%C3%A9lgica\">B\u00e9lgica<\/a> se independiza de los <a title=\"Pa\u00edses Bajos\" href=\"https:\/\/es.wikipedia.org\/wiki\/Pa%C3%ADses_Bajos\">Pa\u00edses Bajos<\/a>.<\/li>\n<li><a title=\"1878\" href=\"https:\/\/es.wikipedia.org\/wiki\/1878\">1878<\/a>: en la provincia de Buenos Aires (Argentina), <a title=\"Francisco Bernab\u00e9 Madero\" href=\"https:\/\/es.wikipedia.org\/wiki\/Francisco_Bernab%C3%A9_Madero\">Francisco Bernab\u00e9 Madero<\/a> funda la localidad de <a title=\"Maip\u00fa (Buenos Aires)\" href=\"https:\/\/es.wikipedia.org\/wiki\/Maip%C3%BA_(Buenos_Aires)\">Maip\u00fa<\/a>.<\/li>\n<li><a title=\"1881\" href=\"https:\/\/es.wikipedia.org\/wiki\/1881\">1881<\/a>: en <a class=\"mw-redirect\" title=\"Miyazaki (ciudad)\" href=\"https:\/\/es.wikipedia.org\/wiki\/Miyazaki_(ciudad)\">Miyazaki<\/a> (<a title=\"Jap\u00f3n\" href=\"https:\/\/es.wikipedia.org\/wiki\/Jap%C3%B3n\">Jap\u00f3n<\/a>), el primer y m\u00e1s letal <a title=\"Tornado\" href=\"https:\/\/es.wikipedia.org\/wiki\/Tornado\">tornado<\/a> registrado en la Historia de ese pa\u00eds deja un saldo de 16\u00a0v\u00edctimas.<\/li>\n<li><a title=\"1892\" href=\"https:\/\/es.wikipedia.org\/wiki\/1892\">1892<\/a>: en <a title=\"Colombia\" href=\"https:\/\/es.wikipedia.org\/wiki\/Colombia\">Colombia<\/a>, el gobierno impone una multa de 200\u00a0000\u00a0pesos a <a title=\"El Espectador (peri\u00f3dico)\" href=\"https:\/\/es.wikipedia.org\/wiki\/El_Espectador_(peri%C3%B3dico)\"><i>El Espectador<\/i><\/a>, por ese entonces el mayor medio de oposici\u00f3n, porque consider\u00f3<a class=\"mw-redirect\" title=\"Subversivo\" href=\"https:\/\/es.wikipedia.org\/wiki\/Subversivo\">subversivo<\/a> uno de sus art\u00edculos.<\/li>\n<li><a title=\"1907\" href=\"https:\/\/es.wikipedia.org\/wiki\/1907\">1907<\/a>: las colonias de <a title=\"Nueva Zelanda\" href=\"https:\/\/es.wikipedia.org\/wiki\/Nueva_Zelanda\">Nueva Zelanda<\/a> y la <a class=\"mw-redirect\" title=\"Isla Terranova\" href=\"https:\/\/es.wikipedia.org\/wiki\/Isla_Terranova\">isla Terranova<\/a> se vuelven dominios del <a title=\"Imperio brit\u00e1nico\" href=\"https:\/\/es.wikipedia.org\/wiki\/Imperio_brit%C3%A1nico\">Imperio brit\u00e1nico<\/a>.<\/li>\n<li><a title=\"1918\" href=\"https:\/\/es.wikipedia.org\/wiki\/1918\">1918<\/a>: en <a title=\"Francia\" href=\"https:\/\/es.wikipedia.org\/wiki\/Francia\">Francia<\/a> \u2014en el marco de la <a title=\"Primera Guerra Mundial\" href=\"https:\/\/es.wikipedia.org\/wiki\/Primera_Guerra_Mundial\">Primera Guerra Mundial<\/a>\u2014 se libra la batalla del <a title=\"R\u00edo Mosela\" href=\"https:\/\/es.wikipedia.org\/wiki\/R%C3%ADo_Mosela\">Mosela<\/a>, contra las tropas alemanas.<\/li>\n<li><a title=\"1933\" href=\"https:\/\/es.wikipedia.org\/wiki\/1933\">1933<\/a>: en <a title=\"M\u00e9xico\" href=\"https:\/\/es.wikipedia.org\/wiki\/M%C3%A9xico\">M\u00e9xico<\/a>, un <a class=\"mw-redirect\" title=\"Hurac\u00e1n\" href=\"https:\/\/es.wikipedia.org\/wiki\/Hurac%C3%A1n\">hurac\u00e1n<\/a> devasta <a title=\"Tampico\" href=\"https:\/\/es.wikipedia.org\/wiki\/Tampico\">Tampico<\/a> y deja m\u00e1s de mil\u00a0muertos.<\/li>\n<li><a title=\"1934\" href=\"https:\/\/es.wikipedia.org\/wiki\/1934\">1934<\/a>: en <a title=\"Reino Unido\" href=\"https:\/\/es.wikipedia.org\/wiki\/Reino_Unido\">Reino Unido<\/a> se bota el <a title=\"Transatl\u00e1ntico\" href=\"https:\/\/es.wikipedia.org\/wiki\/Transatl%C3%A1ntico\">transatl\u00e1ntico<\/a> <a class=\"mw-redirect\" title=\"Queen Mary\" href=\"https:\/\/es.wikipedia.org\/wiki\/Queen_Mary\">Queen Mary<\/a>.<\/li>\n<li>1934: <a title=\"Afganist\u00e1n\" href=\"https:\/\/es.wikipedia.org\/wiki\/Afganist%C3%A1n\">Afganist\u00e1n<\/a> es admitido en la <a class=\"mw-redirect\" title=\"Sociedad de Naciones\" href=\"https:\/\/es.wikipedia.org\/wiki\/Sociedad_de_Naciones\">Sociedad de Naciones<\/a>.<\/li>\n<li><a title=\"1936\" href=\"https:\/\/es.wikipedia.org\/wiki\/1936\">1936<\/a>: en Espa\u00f1a \u2014en el marco de la <a title=\"Guerra Civil Espa\u00f1ola\" href=\"https:\/\/es.wikipedia.org\/wiki\/Guerra_Civil_Espa%C3%B1ola\">Guerra Civil Espa\u00f1ola<\/a>\u2014, la 112.\u00aa\u00a0Divisi\u00f3n de <a title=\"Gonzalo Queipo de Llano\" href=\"https:\/\/es.wikipedia.org\/wiki\/Gonzalo_Queipo_de_Llano\">Queipo de Llano<\/a> conquista <a title=\"Granja de Torrehermosa\" href=\"https:\/\/es.wikipedia.org\/wiki\/Granja_de_Torrehermosa\">Granja de Torrehermosa<\/a>.<\/li>\n<li>1936: durante la <a title=\"Guerra Civil Espa\u00f1ola\" href=\"https:\/\/es.wikipedia.org\/wiki\/Guerra_Civil_Espa%C3%B1ola\">Guerra Civil Espa\u00f1ola<\/a>, el <a class=\"mw-redirect\" title=\"Destructor Almirante Ferr\u00e1ndiz (AF)\" href=\"https:\/\/es.wikipedia.org\/wiki\/Destructor_Almirante_Ferr%C3%A1ndiz_(AF)\">destructor Almirante Ferr\u00e1ndiz (AF)<\/a> es hundido por tiro casi imposible en la <a title=\"Batalla del Cabo Espartel (1936)\" href=\"https:\/\/es.wikipedia.org\/wiki\/Batalla_del_Cabo_Espartel_(1936)\">Batalla del Cabo Espartel<\/a>, en la lucha por el control del <a title=\"Estrecho de Gibraltar\" href=\"https:\/\/es.wikipedia.org\/wiki\/Estrecho_de_Gibraltar\">estrecho de Gibraltar<\/a>.<\/li>\n<li><a title=\"1941\" href=\"https:\/\/es.wikipedia.org\/wiki\/1941\">1941<\/a>: en la <a title=\"Segunda Guerra Mundial\" href=\"https:\/\/es.wikipedia.org\/wiki\/Segunda_Guerra_Mundial\">Segunda Guerra Mundial<\/a> termina la <a title=\"Batalla de Kiev (1941)\" href=\"https:\/\/es.wikipedia.org\/wiki\/Batalla_de_Kiev_(1941)\">Batalla de Kiev<\/a> con una aplastante victoria alemana.<\/li>\n<li><a title=\"1944\" href=\"https:\/\/es.wikipedia.org\/wiki\/1944\">1944<\/a>: en la <a title=\"Segunda Guerra Mundial\" href=\"https:\/\/es.wikipedia.org\/wiki\/Segunda_Guerra_Mundial\">Segunda Guerra Mundial<\/a> falla la <a title=\"Operaci\u00f3n Market Garden\" href=\"https:\/\/es.wikipedia.org\/wiki\/Operaci%C3%B3n_Market_Garden\">operaci\u00f3n Market Garden<\/a>.<\/li>\n<li><a title=\"1950\" href=\"https:\/\/es.wikipedia.org\/wiki\/1950\">1950<\/a>: la <a class=\"mw-redirect\" title=\"OTAN\" href=\"https:\/\/es.wikipedia.org\/wiki\/OTAN\">OTAN<\/a> acuerda admitir a la <a class=\"mw-redirect\" title=\"Rep\u00fablica Federal Alemana\" href=\"https:\/\/es.wikipedia.org\/wiki\/Rep%C3%BAblica_Federal_Alemana\">Rep\u00fablica Federal Alemana<\/a> como miembro.<\/li>\n<li>1950: en <a title=\"Corea del Sur\" href=\"https:\/\/es.wikipedia.org\/wiki\/Corea_del_Sur\">Corea del Sur<\/a>, tropas de la <a title=\"Organizaci\u00f3n de las Naciones Unidas\" href=\"https:\/\/es.wikipedia.org\/wiki\/Organizaci%C3%B3n_de_las_Naciones_Unidas\">Organizaci\u00f3n de las Naciones Unidas<\/a> recapturan <a title=\"Se\u00fal\" href=\"https:\/\/es.wikipedia.org\/wiki\/Se%C3%BAl\">Se\u00fal<\/a>, que estaba en manos de los <a title=\"Corea del Norte\" href=\"https:\/\/es.wikipedia.org\/wiki\/Corea_del_Norte\">norcoreanos<\/a>.<\/li>\n<li><a title=\"1955\" href=\"https:\/\/es.wikipedia.org\/wiki\/1955\">1955<\/a>: en <a title=\"Ecuador\" href=\"https:\/\/es.wikipedia.org\/wiki\/Ecuador\">Ecuador<\/a>, El Congreso Nacional declara el 26 de septiembre como D\u00eda de la Bandera Ecuatoriana.<\/li>\n<li><a title=\"1957\" href=\"https:\/\/es.wikipedia.org\/wiki\/1957\">1957<\/a>: en Estados Unidos se estrena <a title=\"West Side Story (musical)\" href=\"https:\/\/es.wikipedia.org\/wiki\/West_Side_Story_(musical)\"><i>West Side Story<\/i><\/a>, de <a title=\"Leonard Bernstein\" href=\"https:\/\/es.wikipedia.org\/wiki\/Leonard_Bernstein\">Leonard Bernstein<\/a>.<\/li>\n<li><a title=\"1958\" href=\"https:\/\/es.wikipedia.org\/wiki\/1958\">1958<\/a>: a 150\u00a0metros bajo tierra, en el \u00c1rea U3r del <a class=\"mw-redirect\" title=\"Sitio de pruebas de Nevada\" href=\"https:\/\/es.wikipedia.org\/wiki\/Sitio_de_pruebas_de_Nevada\">Sitio de pruebas de Nevada<\/a>, a las 12:00 (hora local), Estados Unidos detona su <a title=\"Bomba at\u00f3mica\" href=\"https:\/\/es.wikipedia.org\/wiki\/Bomba_at%C3%B3mica\">bomba at\u00f3mica<\/a> <a title=\"Operaci\u00f3n Hardtack II\" href=\"https:\/\/es.wikipedia.org\/wiki\/Operaci%C3%B3n_Hardtack_II\"><i>Valencia<\/i><\/a>, de 0,002\u00a0<a class=\"mw-redirect\" title=\"Kilotones\" href=\"https:\/\/es.wikipedia.org\/wiki\/Kilotones\">kt<\/a>. (En comparaci\u00f3n, la <a class=\"mw-redirect\" title=\"Bomba de Hiroshima\" href=\"https:\/\/es.wikipedia.org\/wiki\/Bomba_de_Hiroshima\">bomba de Hiroshima<\/a> fue de 13\u00a0kt). Es la bomba n.\u00ba\u00a0165 de las 1054 que Estados Unidos hizo explotar entre 1945 y 1992.<\/li>\n<li><a title=\"1959\" href=\"https:\/\/es.wikipedia.org\/wiki\/1959\">1959<\/a>: en Jap\u00f3n se registra el tif\u00f3n Vera, el m\u00e1s fuerte de la historia de ese pa\u00eds. Mueren 4580 personas y 1,6\u00a0millones quedan sin hogar.<\/li>\n<li>1959: en <a title=\"Sri Lanka\" href=\"https:\/\/es.wikipedia.org\/wiki\/Sri_Lanka\">Sri Lanka<\/a> es asesinado el primer ministro <a title=\"Solomon Bandaranaike\" href=\"https:\/\/es.wikipedia.org\/wiki\/Solomon_Bandaranaike\">Solomon Bandaranaike<\/a>.<\/li>\n<li><a title=\"1960\" href=\"https:\/\/es.wikipedia.org\/wiki\/1960\">1960<\/a>: en <a class=\"mw-redirect\" title=\"Chicago (Illinois)\" href=\"https:\/\/es.wikipedia.org\/wiki\/Chicago_(Illinois)\">Chicago (Estados Unidos)<\/a> se lleva a cabo el primer debate televisado de la historia, entre los candidatos presidenciales <a class=\"mw-redirect\" title=\"Richard M. Nixon\" href=\"https:\/\/es.wikipedia.org\/wiki\/Richard_M._Nixon\">Richard M. Nixon<\/a> y <a title=\"John F. Kennedy\" href=\"https:\/\/es.wikipedia.org\/wiki\/John_F._Kennedy\">John F. Kennedy<\/a>.<\/li>\n<li><a title=\"1961\" href=\"https:\/\/es.wikipedia.org\/wiki\/1961\">1961<\/a>: en Estados Unidos, <a title=\"Bob Dylan\" href=\"https:\/\/es.wikipedia.org\/wiki\/Bob_Dylan\">Bob Dylan<\/a> hace su debut en p\u00fablico.<\/li>\n<li><a title=\"1961\" href=\"https:\/\/es.wikipedia.org\/wiki\/1961\">1961<\/a>: en la <a title=\"Provincia de Sancti Sp\u00edritus\" href=\"https:\/\/es.wikipedia.org\/wiki\/Provincia_de_Sancti_Sp%C3%ADritus\">provincia de Sancti Sp\u00edritus<\/a> (<a title=\"Cuba\" href=\"https:\/\/es.wikipedia.org\/wiki\/Cuba\">Cuba<\/a>), la banda de <a class=\"new\" title=\"Arnoldo Mart\u00ednez Andrade (a\u00fan no redactado)\" href=\"https:\/\/es.wikipedia.org\/w\/index.php?title=Arnoldo_Mart%C3%ADnez_Andrade&amp;action=edit&amp;redlink=1\">Arnoldo Mart\u00ednez Andrade<\/a> \u2015en el marco de los ataques terroristas organizados por la<a title=\"Agencia Central de Inteligencia\" href=\"https:\/\/es.wikipedia.org\/wiki\/Agencia_Central_de_Inteligencia\">CIA<\/a>\u00a0estadounidense, por \u00f3rdenes del presidente <a class=\"mw-redirect\" title=\"John Fitzgerald Kennedy\" href=\"https:\/\/es.wikipedia.org\/wiki\/John_Fitzgerald_Kennedy\">J.\u00a0F.\u00a0Kennedy<\/a>\u2015 ataca el poblado de <a class=\"new\" title=\"R\u00edo Mayajigua (a\u00fan no redactado)\" href=\"https:\/\/es.wikipedia.org\/w\/index.php?title=R%C3%ADo_Mayajigua&amp;action=edit&amp;redlink=1\">R\u00edo Mayajigua<\/a>. Resultan heridos dos milicianos y una <a class=\"mw-redirect\" title=\"Campa\u00f1a de Alfabetizaci\u00f3n Nacional en Cuba\" href=\"https:\/\/es.wikipedia.org\/wiki\/Campa%C3%B1a_de_Alfabetizaci%C3%B3n_Nacional_en_Cuba\">brigadista alfabetizadora<\/a>.<sup id=\"cite_ref-Asesinatos_y_otras_agresiones_1-0\" class=\"reference\"><a href=\"https:\/\/es.wikipedia.org\/wiki\/26_de_septiembre#cite_note-Asesinatos_y_otras_agresiones-1\">1<\/a><\/sup><\/li>\n<li>1961: en el pueblo <a class=\"new\" title=\"Quemado de G\u00fcines (a\u00fan no redactado)\" href=\"https:\/\/es.wikipedia.org\/w\/index.php?title=Quemado_de_G%C3%BCines&amp;action=edit&amp;redlink=1\">Quemado de G\u00fcines<\/a> (<a class=\"mw-redirect\" title=\"Provincia de Las Villas\" href=\"https:\/\/es.wikipedia.org\/wiki\/Provincia_de_Las_Villas\">provincia de Las Villas<\/a>), los hombres de <a class=\"new\" title=\"Jes\u00fas Claro Mollinedo (a\u00fan no redactado)\" href=\"https:\/\/es.wikipedia.org\/w\/index.php?title=Jes%C3%BAs_Claro_Mollinedo&amp;action=edit&amp;redlink=1\">Jes\u00fas Claro Mollinedo<\/a>, pertenecientes a la banda de <a class=\"new\" title=\"Thondike (a\u00fan no redactado)\" href=\"https:\/\/es.wikipedia.org\/w\/index.php?title=Thondike&amp;action=edit&amp;redlink=1\">Thondike<\/a> (<a class=\"new\" title=\"Margarito Lanza Flores (a\u00fan no redactado)\" href=\"https:\/\/es.wikipedia.org\/w\/index.php?title=Margarito_Lanza_Flores&amp;action=edit&amp;redlink=1\">Margarito Lanza Flores<\/a>) \u2015en el marco de los ataques terroristas organizados por la CIA\u2015 asaltan la tienda de la cooperativa Guayabo y la casa del campesino Isidro Machado, de la que sustraen valores y dinero en efectivo.<sup id=\"cite_ref-Asesinatos_y_otras_agresiones_1-1\" class=\"reference\"><a href=\"https:\/\/es.wikipedia.org\/wiki\/26_de_septiembre#cite_note-Asesinatos_y_otras_agresiones-1\">1<\/a><\/sup><\/li>\n<li><a title=\"1962\" href=\"https:\/\/es.wikipedia.org\/wiki\/1962\">1962<\/a>: <a title=\"Yemen\" href=\"https:\/\/es.wikipedia.org\/wiki\/Yemen\">Yemen<\/a> proclama la rep\u00fablica.<\/li>\n<li><a title=\"1968\" href=\"https:\/\/es.wikipedia.org\/wiki\/1968\">1968<\/a>: en <a title=\"Italia\" href=\"https:\/\/es.wikipedia.org\/wiki\/Italia\">Italia<\/a>, la empresa Edilnord Sas, propiedad de <a title=\"Silvio Berlusconi\" href=\"https:\/\/es.wikipedia.org\/wiki\/Silvio_Berlusconi\">Silvio Berlusconi<\/a> (de 32\u00a0a\u00f1os de edad) es comprada por el conde Bonzi, por 3000\u00a0millones de liras (25\u00a0millones de euros de 2005), el \u00e1rea donde surgir\u00e1 Milano2.<\/li>\n<li><a title=\"1969\" href=\"https:\/\/es.wikipedia.org\/wiki\/1969\">1969<\/a>: en Inglaterra se publica el \u00e1lbum de <a title=\"The Beatles\" href=\"https:\/\/es.wikipedia.org\/wiki\/The_Beatles\">The Beatles<\/a> <i><a title=\"Abbey Road (\u00e1lbum)\" href=\"https:\/\/es.wikipedia.org\/wiki\/Abbey_Road_(%C3%A1lbum)\">Abbey Road<\/a><\/i>.<\/li>\n<li>1969: en Estados Unidos se estrena la comedia <i>La tribu de Brady<\/i> en el canal de televisi\u00f3n <a title=\"American Broadcasting Company\" href=\"https:\/\/es.wikipedia.org\/wiki\/American_Broadcasting_Company\">ABC<\/a> (durar\u00e1 cinco\u00a0a\u00f1os).<\/li>\n<li><a title=\"1970\" href=\"https:\/\/es.wikipedia.org\/wiki\/1970\">1970<\/a>: en el condado de <a title=\"San Diego (California)\" href=\"https:\/\/es.wikipedia.org\/wiki\/San_Diego_(California)\">San Diego (California)<\/a> comienza el <a title=\"Incendio forestal\" href=\"https:\/\/es.wikipedia.org\/wiki\/Incendio_forestal\">incendio forestal<\/a> Laguna, que quemar\u00e1 710\u00a0<a title=\"Kil\u00f3metro cuadrado\" href=\"https:\/\/es.wikipedia.org\/wiki\/Kil%C3%B3metro_cuadrado\">km<sup>2<\/sup><\/a>.<\/li>\n<li>1970: en <a title=\"Copenhague\" href=\"https:\/\/es.wikipedia.org\/wiki\/Copenhague\">Copenhague<\/a> (capital de <a title=\"Dinamarca\" href=\"https:\/\/es.wikipedia.org\/wiki\/Dinamarca\">Dinamarca<\/a>) se funda la <a class=\"mw-redirect\" title=\"Ciudad de Christiania\" href=\"https:\/\/es.wikipedia.org\/wiki\/Ciudad_de_Christiania\">Ciudad de Christiania<\/a>, una comunidad independiente de unas 800\u00a0personas.<\/li>\n<li>1970: en <a title=\"Managua\" href=\"https:\/\/es.wikipedia.org\/wiki\/Managua\">Managua<\/a> (<a title=\"Nicaragua\" href=\"https:\/\/es.wikipedia.org\/wiki\/Nicaragua\">Nicaragua<\/a>), la Catedral, actual <a title=\"Antigua catedral de Managua\" href=\"https:\/\/es.wikipedia.org\/wiki\/Antigua_catedral_de_Managua\">Antigua Catedral<\/a>, es tomada por estudiantes de la <a title=\"Universidad Centroamericana\" href=\"https:\/\/es.wikipedia.org\/wiki\/Universidad_Centroamericana\">Universidad Centroamericana<\/a> (UCA) en protesta contra la dictadura somocista.<\/li>\n<li><a title=\"1973\" href=\"https:\/\/es.wikipedia.org\/wiki\/1973\">1973<\/a>: en <a title=\"Francia\" href=\"https:\/\/es.wikipedia.org\/wiki\/Francia\">Francia<\/a>, el avi\u00f3n <a title=\"Concorde\" href=\"https:\/\/es.wikipedia.org\/wiki\/Concorde\">Concorde<\/a> hace su primer cruce del Atl\u00e1ntico sin escalas, en tiempo r\u00e9cord.<\/li>\n<li><a title=\"1983\" href=\"https:\/\/es.wikipedia.org\/wiki\/1983\">1983<\/a>: en la <a class=\"mw-redirect\" title=\"Uni\u00f3n de Rep\u00fablicas Socialistas Sovi\u00e9ticas\" href=\"https:\/\/es.wikipedia.org\/wiki\/Uni%C3%B3n_de_Rep%C3%BAblicas_Socialistas_Sovi%C3%A9ticas\">URSS<\/a>, el <i><a title=\"Incidente del equinoccio de oto\u00f1o\" href=\"https:\/\/es.wikipedia.org\/wiki\/Incidente_del_equinoccio_de_oto%C3%B1o\">Incidente del Equinoccio de Oto\u00f1o<\/a><\/i> casi provoca una guerra <a class=\"mw-redirect\" title=\"Armas nucleares\" href=\"https:\/\/es.wikipedia.org\/wiki\/Armas_nucleares\">termonuclear<\/a>, evitada por el oficial sovi\u00e9tico <a title=\"Stanislav Petrov\" href=\"https:\/\/es.wikipedia.org\/wiki\/Stanislav_Petrov\">Stanislav Petrov<\/a>.<\/li>\n<li><a title=\"1984\" href=\"https:\/\/es.wikipedia.org\/wiki\/1984\">1984<\/a>: <a title=\"Hong Kong\" href=\"https:\/\/es.wikipedia.org\/wiki\/Hong_Kong\">Hong Kong<\/a>, <a title=\"Rep\u00fablica Popular China\" href=\"https:\/\/es.wikipedia.org\/wiki\/Rep%C3%BAblica_Popular_China\">China<\/a> y el <a title=\"Reino Unido\" href=\"https:\/\/es.wikipedia.org\/wiki\/Reino_Unido\">Reino Unido<\/a> acuerdan la cesi\u00f3n de la soberan\u00eda brit\u00e1nica sobre <a title=\"Hong Kong\" href=\"https:\/\/es.wikipedia.org\/wiki\/Hong_Kong\">Hong Kong<\/a> en <a title=\"1997\" href=\"https:\/\/es.wikipedia.org\/wiki\/1997\">1997<\/a>.<\/li>\n<li><a title=\"1985\" href=\"https:\/\/es.wikipedia.org\/wiki\/1985\">1985<\/a>: <a title=\"T\u00fanez\" href=\"https:\/\/es.wikipedia.org\/wiki\/T%C3%BAnez\">T\u00fanez<\/a> rompe sus relaciones diplom\u00e1ticas con <a title=\"Libia\" href=\"https:\/\/es.wikipedia.org\/wiki\/Libia\">Libia<\/a>.<\/li>\n<li><a title=\"1988\" href=\"https:\/\/es.wikipedia.org\/wiki\/1988\">1988<\/a>: en <a title=\"Corea del Sur\" href=\"https:\/\/es.wikipedia.org\/wiki\/Corea_del_Sur\">Corea del Sur<\/a>, el atleta <a title=\"Ben Johnson (atleta)\" href=\"https:\/\/es.wikipedia.org\/wiki\/Ben_Johnson_(atleta)\">Ben Johnson<\/a> debe devolver su medalla de oro de los <a title=\"Anexo:Atletismo en los Juegos Ol\u00edmpicos de Se\u00fal 1988\" href=\"https:\/\/es.wikipedia.org\/wiki\/Anexo:Atletismo_en_los_Juegos_Ol%C3%ADmpicos_de_Se%C3%BAl_1988\">100 metros lisos<\/a> conseguida en las <a title=\"Juegos Ol\u00edmpicos de Se\u00fal 1988\" href=\"https:\/\/es.wikipedia.org\/wiki\/Juegos_Ol%C3%ADmpicos_de_Se%C3%BAl_1988\">Olimpiadas de Se\u00fal<\/a> por dar positivo en el <a title=\"Dopaje en los Juegos Ol\u00edmpicos\" href=\"https:\/\/es.wikipedia.org\/wiki\/Dopaje_en_los_Juegos_Ol%C3%ADmpicos\">control antidopaje<\/a>.<\/li>\n<li><a title=\"1997\" href=\"https:\/\/es.wikipedia.org\/wiki\/1997\">1997<\/a>: cerca del aeropuerto de <a title=\"Medan\" href=\"https:\/\/es.wikipedia.org\/wiki\/Medan\">Medan<\/a> (<a title=\"Indonesia\" href=\"https:\/\/es.wikipedia.org\/wiki\/Indonesia\">Indonesia<\/a>) se estrella un avi\u00f3n <a title=\"Airbus\" href=\"https:\/\/es.wikipedia.org\/wiki\/Airbus\">Airbus<\/a> A-300 (de la compa\u00f1\u00eda <a title=\"Garuda Indonesia\" href=\"https:\/\/es.wikipedia.org\/wiki\/Garuda_Indonesia\">Garuda Indonesia<\/a>). Mueren 234\u00a0personas.<\/li>\n<li>1997: en las regiones de <a title=\"Umbr\u00eda (Italia)\" href=\"https:\/\/es.wikipedia.org\/wiki\/Umbr%C3%ADa_(Italia)\">Umbr\u00eda<\/a> y <a title=\"Marcas\" href=\"https:\/\/es.wikipedia.org\/wiki\/Marcas\">Marcas<\/a> (<a title=\"Italia\" href=\"https:\/\/es.wikipedia.org\/wiki\/Italia\">Italia<\/a>) un terremoto hace colapsar parte de la <a class=\"mw-redirect\" title=\"San Francisco de As\u00eds\" href=\"https:\/\/es.wikipedia.org\/wiki\/San_Francisco_de_As%C3%ADs\">bas\u00edlica de san Francisco de As\u00eds<\/a> (en el d\u00eda del natalicio del santo).<\/li>\n<li>1997: <a title=\"Bor\u00eds Yeltsin\" href=\"https:\/\/es.wikipedia.org\/wiki\/Bor%C3%ADs_Yeltsin\">Bor\u00eds Yeltsin<\/a> firma la ley de <a title=\"Libertad de culto\" href=\"https:\/\/es.wikipedia.org\/wiki\/Libertad_de_culto\">libertad de culto<\/a>, aunque la <a class=\"mw-redirect\" title=\"Iglesia Ortodoxa\" href=\"https:\/\/es.wikipedia.org\/wiki\/Iglesia_Ortodoxa\">Iglesia Ortodoxa<\/a> mantiene su situaci\u00f3n de privilegio.<\/li>\n<li><a title=\"2000\" href=\"https:\/\/es.wikipedia.org\/wiki\/2000\">2000<\/a>: en <a title=\"Praga\" href=\"https:\/\/es.wikipedia.org\/wiki\/Praga\">Praga<\/a> (<a title=\"Rep\u00fablica Checa\" href=\"https:\/\/es.wikipedia.org\/wiki\/Rep%C3%BAblica_Checa\">Rep\u00fablica Checa<\/a>), m\u00e1s de 20.000 personas protestan contra la <a title=\"Globalizaci\u00f3n\" href=\"https:\/\/es.wikipedia.org\/wiki\/Globalizaci%C3%B3n\">globalizaci\u00f3n<\/a> durante las cumbres del <a title=\"Fondo Monetario Internacional\" href=\"https:\/\/es.wikipedia.org\/wiki\/Fondo_Monetario_Internacional\">FMI<\/a> y el <a title=\"Banco Mundial\" href=\"https:\/\/es.wikipedia.org\/wiki\/Banco_Mundial\">Banco Mundial<\/a>.<\/li>\n<li>2000: El cantautor <a title=\"Espa\u00f1a\" href=\"https:\/\/es.wikipedia.org\/wiki\/Espa%C3%B1a\">espa\u00f1ol<\/a> <a title=\"Alejandro Sanz\" href=\"https:\/\/es.wikipedia.org\/wiki\/Alejandro_Sanz\">Alejandro Sanz<\/a> lanza al mercado su sexto <a class=\"mw-redirect\" title=\"\u00c1lbum musical\" href=\"https:\/\/es.wikipedia.org\/wiki\/%C3%81lbum_musical\">\u00e1lbum de estudio<\/a> y quinto oficial t\u00edtulado <i><a title=\"El alma al aire\" href=\"https:\/\/es.wikipedia.org\/wiki\/El_alma_al_aire\">El alma al aire<\/a><\/i> producido una vez m\u00e1s por el<a title=\"Italia\" href=\"https:\/\/es.wikipedia.org\/wiki\/Italia\">italiano<\/a> <a class=\"new\" title=\"Emanuele Ruffinengo (a\u00fan no redactado)\" href=\"https:\/\/es.wikipedia.org\/w\/index.php?title=Emanuele_Ruffinengo&amp;action=edit&amp;redlink=1\">Emanuele Ruffinengo<\/a>.<\/li>\n<li><a title=\"2002\" href=\"https:\/\/es.wikipedia.org\/wiki\/2002\">2002<\/a>: en <a title=\"Senegal\" href=\"https:\/\/es.wikipedia.org\/wiki\/Senegal\">Senegal<\/a>, el sobrecargado ferry <i><a class=\"new\" title=\"Le Joola (a\u00fan no redactado)\" href=\"https:\/\/es.wikipedia.org\/w\/index.php?title=Le_Joola&amp;action=edit&amp;redlink=1\">Le Joola<\/a><\/i> se hunde ante la costa de <a title=\"Gambia\" href=\"https:\/\/es.wikipedia.org\/wiki\/Gambia\">Gambia<\/a>. Mueren m\u00e1s de 950 personas, entre ellas cinco espa\u00f1oles.<\/li>\n<li>2003: en el templo de <a title=\"Gandhinagar\" href=\"https:\/\/es.wikipedia.org\/wiki\/Gandhinagar\">Gandhinagar<\/a> (<a title=\"India\" href=\"https:\/\/es.wikipedia.org\/wiki\/India\">India<\/a>), mueren asesinadas treinta personas en un ataque armado<\/li>\n<li><a title=\"2005\" href=\"https:\/\/es.wikipedia.org\/wiki\/2005\">2005<\/a>: en <a title=\"Italia\" href=\"https:\/\/es.wikipedia.org\/wiki\/Italia\">Italia<\/a>, <a title=\"Silvio Berlusconi\" href=\"https:\/\/es.wikipedia.org\/wiki\/Silvio_Berlusconi\">Silvio Berlusconi<\/a> y tres dirigentes de la <a title=\"Fininvest\" href=\"https:\/\/es.wikipedia.org\/wiki\/Fininvest\">Fininvest<\/a> son absueltos de sus cargos. Gracias a la ley sobre absoluciones (aprobada el d\u00eda anterior) est\u00e1 prohibida la apelaci\u00f3n.<\/li>\n<li><a title=\"2006\" href=\"https:\/\/es.wikipedia.org\/wiki\/2006\">2006<\/a>: El cantautor <a title=\"M\u00e9xico\" href=\"https:\/\/es.wikipedia.org\/wiki\/M%C3%A9xico\">mexicano<\/a> <a title=\"Marco Antonio Sol\u00eds\" href=\"https:\/\/es.wikipedia.org\/wiki\/Marco_Antonio_Sol%C3%ADs\">Marco Antonio Sol\u00eds<\/a> lanza al mercado su s\u00e9ptimo <a class=\"mw-redirect\" title=\"\u00c1lbum musical\" href=\"https:\/\/es.wikipedia.org\/wiki\/%C3%81lbum_musical\">\u00e1lbum de estudio<\/a> como solista t\u00edtulado <i><a title=\"Trozos de mi alma, vol. 2\" href=\"https:\/\/es.wikipedia.org\/wiki\/Trozos_de_mi_alma,_vol._2\">Trozos de mi alma, vol. 2<\/a><\/i>.<\/li>\n<li>2006: El cantautor <a title=\"Espa\u00f1a\" href=\"https:\/\/es.wikipedia.org\/wiki\/Espa%C3%B1a\">espa\u00f1ol<\/a> <a title=\"\u00c1lex Ubago\" href=\"https:\/\/es.wikipedia.org\/wiki\/%C3%81lex_Ubago\">\u00c1lex Ubago<\/a> lanza al mercado su tercer <a class=\"mw-redirect\" title=\"\u00c1lbum musical\" href=\"https:\/\/es.wikipedia.org\/wiki\/%C3%81lbum_musical\">\u00e1lbum de estudio<\/a> como solista t\u00edtulado <i><a title=\"Aviones de cristal\" href=\"https:\/\/es.wikipedia.org\/wiki\/Aviones_de_cristal\">Aviones de cristal<\/a><\/i>.<\/li>\n<li>2006: El cantautor <a title=\"Inmigraci\u00f3n italiana en Venezuela\" href=\"https:\/\/es.wikipedia.org\/wiki\/Inmigraci%C3%B3n_italiana_en_Venezuela\">\u00edtalo-venezolano<\/a> <a title=\"Franco de Vita\" href=\"https:\/\/es.wikipedia.org\/wiki\/Franco_de_Vita\">Franco De Vita<\/a> lanza al mercado su segundo <a title=\"\u00c1lbum en directo\" href=\"https:\/\/es.wikipedia.org\/wiki\/%C3%81lbum_en_directo\">\u00e1lbum en vivo<\/a> t\u00edtulado <i><a class=\"new\" title=\"Mil y una historias: en vivo (a\u00fan no redactado)\" href=\"https:\/\/es.wikipedia.org\/w\/index.php?title=Mil_y_una_historias:_en_vivo&amp;action=edit&amp;redlink=1\">Mil y una historias: en vivo<\/a><\/i>.<\/li>\n<li>2007: <a title=\"Bungie Studios\" href=\"https:\/\/es.wikipedia.org\/wiki\/Bungie_Studios\">Bungie Studios<\/a>, junto a <a title=\"Microsoft\" href=\"https:\/\/es.wikipedia.org\/wiki\/Microsoft\">Microsoft<\/a>, saca a la venta <a title=\"Halo 3\" href=\"https:\/\/es.wikipedia.org\/wiki\/Halo_3\">Halo 3<\/a> para <a class=\"mw-redirect\" title=\"XBOX 360\" href=\"https:\/\/es.wikipedia.org\/wiki\/XBOX_360\">XBOX 360<\/a>.<\/li>\n<li><a title=\"2009\" href=\"https:\/\/es.wikipedia.org\/wiki\/2009\">2009<\/a>: el tif\u00f3n Ketsana recorre Filipinas, China, Vietnam, Camboya, Laos y Tailandia, causando 700\u00a0fatalidades.<\/li>\n<li>2009: en Sudam\u00e9rica se constituye el <a title=\"Banco del Sur\" href=\"https:\/\/es.wikipedia.org\/wiki\/Banco_del_Sur\">Banco del Sur<\/a>, integrado por siete pa\u00edses latinoamericanos.<\/li>\n<li><a title=\"2014\" href=\"https:\/\/es.wikipedia.org\/wiki\/2014\">2014<\/a>: En Iguala (M\u00e9xico) las autoridades municipales y el crimen organizado desaparecen a 43 j\u00f3venes estudiantes de la Escuela Normal de Ayotzinapa con apoyo de las fuerzas federales.<\/li>\n<\/ul>\n<h2><span id=\"Nacimientos\" class=\"mw-headline\">Nacimientos<\/span><\/h2>\n<ul>\n<li><a title=\"1181\" href=\"https:\/\/es.wikipedia.org\/wiki\/1181\">1181<\/a>: <a title=\"Francisco de As\u00eds\" href=\"https:\/\/es.wikipedia.org\/wiki\/Francisco_de_As%C3%ADs\">Francisco de As\u00eds<\/a>, religioso italiano. Otras fuentes dan por fecha de nacimiento el <a title=\"5 de julio\" href=\"https:\/\/es.wikipedia.org\/wiki\/5_de_julio\">5 de julio<\/a> de <a title=\"1182\" href=\"https:\/\/es.wikipedia.org\/wiki\/1182\">1182<\/a>.<\/li>\n<li><a title=\"1329\" href=\"https:\/\/es.wikipedia.org\/wiki\/1329\">1329<\/a>: <a class=\"mw-redirect\" title=\"Ana de Bavaria\" href=\"https:\/\/es.wikipedia.org\/wiki\/Ana_de_Bavaria\">Ana de Baviera<\/a>, reina checa, segunda esposa de Carlos\u00a0IV de Luxemburgo (f. 1353).<\/li>\n<li><a title=\"1406\" href=\"https:\/\/es.wikipedia.org\/wiki\/1406\">1406<\/a>: <a class=\"new\" title=\"Thomas de Ros (a\u00fan no redactado)\" href=\"https:\/\/es.wikipedia.org\/w\/index.php?title=Thomas_de_Ros&amp;action=edit&amp;redlink=1\">Thomas de Ros<\/a>, bar\u00f3n, soldado y pol\u00edtico ingl\u00e9s (f. 1430).<\/li>\n<li><a title=\"1711\" href=\"https:\/\/es.wikipedia.org\/wiki\/1711\">1711<\/a>: <a class=\"new\" title=\"Richard Grenville-Temple (a\u00fan no redactado)\" href=\"https:\/\/es.wikipedia.org\/w\/index.php?title=Richard_Grenville-Temple&amp;action=edit&amp;redlink=1\">Richard Grenville-Temple<\/a>, conde y pol\u00edtico brit\u00e1nico (f. 1779).<\/li>\n<li><a title=\"1750\" href=\"https:\/\/es.wikipedia.org\/wiki\/1750\">1750<\/a>: <a title=\"Cuthbert Collingwood\" href=\"https:\/\/es.wikipedia.org\/wiki\/Cuthbert_Collingwood\">Cuthbert Collingwood<\/a>, bar\u00f3n y almirante brit\u00e1nico (f. 1810).<\/li>\n<li><a title=\"1754\" href=\"https:\/\/es.wikipedia.org\/wiki\/1754\">1754<\/a>: <a title=\"Louis Proust\" href=\"https:\/\/es.wikipedia.org\/wiki\/Louis_Proust\">Louis Proust<\/a>, qu\u00edmico franc\u00e9s (f. 1826).<\/li>\n<li><a title=\"1758\" href=\"https:\/\/es.wikipedia.org\/wiki\/1758\">1758<\/a>: <a class=\"mw-redirect\" title=\"Cosme Argerich\" href=\"https:\/\/es.wikipedia.org\/wiki\/Cosme_Argerich\">Cosme Argerich<\/a>, m\u00e9dico argentino (f. 1820).<\/li>\n<li>((1756B<\/li>\n<li><a title=\"1774\" href=\"https:\/\/es.wikipedia.org\/wiki\/1774\">1774<\/a>: <a title=\"Johnny Appleseed\" href=\"https:\/\/es.wikipedia.org\/wiki\/Johnny_Appleseed\">Johnny Appleseed<\/a>, bot\u00e1nico estadounidense (f. 1845).<\/li>\n<li><a title=\"1791\" href=\"https:\/\/es.wikipedia.org\/wiki\/1791\">1791<\/a>: <a title=\"Th\u00e9odore G\u00e9ricault\" href=\"https:\/\/es.wikipedia.org\/wiki\/Th%C3%A9odore_G%C3%A9ricault\">Th\u00e9odore G\u00e9ricault<\/a>, pintor franc\u00e9s (f. 1824).<\/li>\n<li><a title=\"1792\" href=\"https:\/\/es.wikipedia.org\/wiki\/1792\">1792<\/a>: <a title=\"William Hobson\" href=\"https:\/\/es.wikipedia.org\/wiki\/William_Hobson\">William Hobson<\/a>, pol\u00edtico neozeland\u00e9s, primer gobernador (f. 1842).<\/li>\n<li><a title=\"1809\" href=\"https:\/\/es.wikipedia.org\/wiki\/1809\">1809<\/a>: <a title=\"Philipp von Jolly\" href=\"https:\/\/es.wikipedia.org\/wiki\/Philipp_von_Jolly\">Philipp von Jolly<\/a>, f\u00edsico y matem\u00e1tico alem\u00e1n (f. 1884).<\/li>\n<li><a title=\"1823\" href=\"https:\/\/es.wikipedia.org\/wiki\/1823\">1823<\/a>: <a title=\"Marcelino Men\u00e9ndez Pintado\" href=\"https:\/\/es.wikipedia.org\/wiki\/Marcelino_Men%C3%A9ndez_Pintado\">Marcelino Men\u00e9ndez Pintado<\/a>, catedr\u00e1tico espa\u00f1ol (f. 1899).<\/li>\n<li><a title=\"1849\" href=\"https:\/\/es.wikipedia.org\/wiki\/1849\">1849<\/a>: <a class=\"mw-redirect\" title=\"Iv\u00e1n Pavlov\" href=\"https:\/\/es.wikipedia.org\/wiki\/Iv%C3%A1n_Pavlov\">Iv\u00e1n Pavlov<\/a>, fisi\u00f3logo ruso (f. 1936).<\/li>\n<li><a title=\"1825\" href=\"https:\/\/es.wikipedia.org\/wiki\/1825\">1825<\/a>: <a title=\"Pedro Gamboni\" href=\"https:\/\/es.wikipedia.org\/wiki\/Pedro_Gamboni\">Pedro Gamboni<\/a>, ingeniero qu\u00edmico e industrial chileno (f.1895).<\/li>\n<li><a title=\"1869\" href=\"https:\/\/es.wikipedia.org\/wiki\/1869\">1869<\/a>: <a class=\"new\" title=\"Komitas (a\u00fan no redactado)\" href=\"https:\/\/es.wikipedia.org\/w\/index.php?title=Komitas&amp;action=edit&amp;redlink=1\">Komitas<\/a>, compositor estadounidense de origen armenio (f. 1935).<\/li>\n<li><a title=\"1870\" href=\"https:\/\/es.wikipedia.org\/wiki\/1870\">1870<\/a>: <a title=\"Cristi\u00e1n X de Dinamarca\" href=\"https:\/\/es.wikipedia.org\/wiki\/Cristi%C3%A1n_X_de_Dinamarca\">Cristi\u00e1n X<\/a>, rey dan\u00e9s (f. 1947).<\/li>\n<li><a title=\"1871\" href=\"https:\/\/es.wikipedia.org\/wiki\/1871\">1871<\/a>: <a title=\"Winsor McCay\" href=\"https:\/\/es.wikipedia.org\/wiki\/Winsor_McCay\">Winsor McCay<\/a>, dibujante estadounidense de historietas (f. 1934).<\/li>\n<li><a title=\"1873\" href=\"https:\/\/es.wikipedia.org\/wiki\/1873\">1873<\/a>: <a title=\"Wac\u0142aw Berent\" href=\"https:\/\/es.wikipedia.org\/wiki\/Wac%C5%82aw_Berent\">Wac\u0142aw Berent<\/a>, novelista y traductor polaco (f. 1940).<\/li>\n<li>1873: <a class=\"new\" title=\"Aleksey Shchusev (a\u00fan no redactado)\" href=\"https:\/\/es.wikipedia.org\/w\/index.php?title=Aleksey_Shchusev&amp;action=edit&amp;redlink=1\">Aleksey Shchusev<\/a>, arquitecto ruso (f. 1949).<\/li>\n<li><a title=\"1874\" href=\"https:\/\/es.wikipedia.org\/wiki\/1874\">1874<\/a>: <a title=\"Lewis Hine\" href=\"https:\/\/es.wikipedia.org\/wiki\/Lewis_Hine\">Lewis Hine<\/a>, activista social y fot\u00f3grafo estadounidense (f. 1940).<\/li>\n<li><a title=\"1875\" href=\"https:\/\/es.wikipedia.org\/wiki\/1875\">1875<\/a>: <a title=\"Edmund Gwenn\" href=\"https:\/\/es.wikipedia.org\/wiki\/Edmund_Gwenn\">Edmund Gwenn<\/a>, actor brit\u00e1nico (f. 1959).<\/li>\n<li><a title=\"1876\" href=\"https:\/\/es.wikipedia.org\/wiki\/1876\">1876<\/a>: <a class=\"new\" title=\"Edith Abbott (a\u00fan no redactado)\" href=\"https:\/\/es.wikipedia.org\/w\/index.php?title=Edith_Abbott&amp;action=edit&amp;redlink=1\">Edith Abbott<\/a>, trabajadora social, educadora y escritora estadounidense (f. 1957).<\/li>\n<li><a title=\"1877\" href=\"https:\/\/es.wikipedia.org\/wiki\/1877\">1877<\/a>: <a title=\"Julio Casares\" href=\"https:\/\/es.wikipedia.org\/wiki\/Julio_Casares\">Julio Casares<\/a>, fil\u00f3logo, diplom\u00e1tico y violinista espa\u00f1ol (f. 1964).<\/li>\n<li>1877: <a title=\"Alfred Cortot\" href=\"https:\/\/es.wikipedia.org\/wiki\/Alfred_Cortot\">Alfred Cortot<\/a>, pianista suizo (f. 1962).<\/li>\n<li><a title=\"1886\" href=\"https:\/\/es.wikipedia.org\/wiki\/1886\">1886<\/a>: <a title=\"Archibald Vivian Hill\" href=\"https:\/\/es.wikipedia.org\/wiki\/Archibald_Vivian_Hill\">Archibald Vivian Hill<\/a>, fisi\u00f3logo brit\u00e1nico, premio nobel de medicina en 1922 (f. 1877).<\/li>\n<li><a title=\"1887\" href=\"https:\/\/es.wikipedia.org\/wiki\/1887\">1887<\/a>: <a title=\"Antonio Moreno (actor)\" href=\"https:\/\/es.wikipedia.org\/wiki\/Antonio_Moreno_(actor)\">Antonio Moreno<\/a>, actor y cineasta hispano-estadounidense (f. 1967).<\/li>\n<li>1887: <a class=\"mw-redirect\" title=\"Barnes Neville Wallis\" href=\"https:\/\/es.wikipedia.org\/wiki\/Barnes_Neville_Wallis\">Barnes Neville Wallis<\/a>, cient\u00edfico, ingeniero e inventor brit\u00e1nico (f. 1979).<\/li>\n<li><a title=\"1888\" href=\"https:\/\/es.wikipedia.org\/wiki\/1888\">1888<\/a>: <a class=\"new\" title=\"J. Frank Dobie (a\u00fan no redactado)\" href=\"https:\/\/es.wikipedia.org\/w\/index.php?title=J._Frank_Dobie&amp;action=edit&amp;redlink=1\">J. Frank Dobie<\/a>, folclorista y columnista estadounidense (f. 1964).<\/li>\n<li>1888: <a title=\"T. S. Eliot\" href=\"https:\/\/es.wikipedia.org\/wiki\/T._S._Eliot\">T. S. Eliot<\/a>, escritor y editor brit\u00e1nico-estadounidense, premio nobel de literatura en 1948 (f. 1965).<\/li>\n<li><a title=\"1889\" href=\"https:\/\/es.wikipedia.org\/wiki\/1889\">1889<\/a>: <a title=\"Martin Heidegger\" href=\"https:\/\/es.wikipedia.org\/wiki\/Martin_Heidegger\">Martin Heidegger<\/a>, fil\u00f3sofo alem\u00e1n (f. 1976).<\/li>\n<li><a title=\"1891\" href=\"https:\/\/es.wikipedia.org\/wiki\/1891\">1891<\/a>: <a title=\"Charles Munch\" href=\"https:\/\/es.wikipedia.org\/wiki\/Charles_Munch\">Charles Munch<\/a>, director de orquesta y violinista franc\u00e9s (f. 1968).<\/li>\n<li>1891: <a title=\"Hans Reichenbach\" href=\"https:\/\/es.wikipedia.org\/wiki\/Hans_Reichenbach\">Hans Reichenbach<\/a>, f\u00edsico alem\u00e1n (f. 1953).<\/li>\n<li><a title=\"1893\" href=\"https:\/\/es.wikipedia.org\/wiki\/1893\">1893<\/a>: <a title=\"Mauricio Cravotto\" href=\"https:\/\/es.wikipedia.org\/wiki\/Mauricio_Cravotto\">Mauricio Cravotto<\/a>, arquitecto uruguayo (f. 1962).<\/li>\n<li><a title=\"1895\" href=\"https:\/\/es.wikipedia.org\/wiki\/1895\">1895<\/a>: <a title=\"George Raft\" href=\"https:\/\/es.wikipedia.org\/wiki\/George_Raft\">George Raft<\/a>, actor estadounidense (f. 1980).<\/li>\n<li><a title=\"1895\" href=\"https:\/\/es.wikipedia.org\/wiki\/1895\">1895<\/a>: <a title=\"J\u00fcrgen Stroop\" href=\"https:\/\/es.wikipedia.org\/wiki\/J%C3%BCrgen_Stroop\">J\u00fcrgen Stroop<\/a>, oficial nazi de las SS (f. 1952).<\/li>\n<li><a title=\"1897\" href=\"https:\/\/es.wikipedia.org\/wiki\/1897\">1897<\/a>: <a class=\"mw-redirect\" title=\"Giovanni Montini\" href=\"https:\/\/es.wikipedia.org\/wiki\/Giovanni_Montini\">Giovanni Montini<\/a>, religioso cat\u00f3lico, papa Pablo\u00a0VI entre 1963 y 1978 (f. 1978).<\/li>\n<li>1897: <a class=\"new\" title=\"Arthur Rhys Davids (a\u00fan no redactado)\" href=\"https:\/\/es.wikipedia.org\/w\/index.php?title=Arthur_Rhys_Davids&amp;action=edit&amp;redlink=1\">Arthur Rhys Davids<\/a>, piloto brit\u00e1nico (f. 1917).<\/li>\n<li><a title=\"1898\" href=\"https:\/\/es.wikipedia.org\/wiki\/1898\">1898<\/a>: <a title=\"George Gershwin\" href=\"https:\/\/es.wikipedia.org\/wiki\/George_Gershwin\">George Gershwin<\/a>, compositor estadounidense (f. 1937).<\/li>\n<li><a title=\"1900\" href=\"https:\/\/es.wikipedia.org\/wiki\/1900\">1900<\/a>: <a title=\"Vito Dumas\" href=\"https:\/\/es.wikipedia.org\/wiki\/Vito_Dumas\">Vito Dumas<\/a>, navegante argentino (f. 1965).<\/li>\n<li><a title=\"1903\" href=\"https:\/\/es.wikipedia.org\/wiki\/1903\">1903<\/a>: <a title=\"Santiago G\u00f3mez Cou\" href=\"https:\/\/es.wikipedia.org\/wiki\/Santiago_G%C3%B3mez_Cou\">Santiago G\u00f3mez Cou<\/a>, actor uruguayo (f. 1984).<\/li>\n<li><a title=\"1905\" href=\"https:\/\/es.wikipedia.org\/wiki\/1905\">1905<\/a>: <a title=\"Max Bulla\" href=\"https:\/\/es.wikipedia.org\/wiki\/Max_Bulla\">Max Bulla<\/a>, ciclista austr\u00edaco (f. 1990).<\/li>\n<li><a title=\"1907\" href=\"https:\/\/es.wikipedia.org\/wiki\/1907\">1907<\/a>: <a title=\"Anthony Blunt\" href=\"https:\/\/es.wikipedia.org\/wiki\/Anthony_Blunt\">Anthony Blunt<\/a>, historiador de arte brit\u00e1nico y esp\u00eda sovi\u00e9tico (f. 1983).<\/li>\n<li><a title=\"1914\" href=\"https:\/\/es.wikipedia.org\/wiki\/1914\">1914<\/a>: <a title=\"Jack LaLanne\" href=\"https:\/\/es.wikipedia.org\/wiki\/Jack_LaLanne\">Jack LaLanne<\/a>, naturista estadounidense (f. 2011).<\/li>\n<li><a title=\"1914\" href=\"https:\/\/es.wikipedia.org\/wiki\/1914\">1914<\/a>: <a title=\"Achille Compagnoni\" href=\"https:\/\/es.wikipedia.org\/wiki\/Achille_Compagnoni\">Achille Compagnoni<\/a>, monta\u00f1ista italiano (f. 2009).<\/li>\n<li><a title=\"1918\" href=\"https:\/\/es.wikipedia.org\/wiki\/1918\">1918<\/a>: <a class=\"new\" title=\"Diego Salas Pombo (a\u00fan no redactado)\" href=\"https:\/\/es.wikipedia.org\/w\/index.php?title=Diego_Salas_Pombo&amp;action=edit&amp;redlink=1\">Diego Salas Pombo<\/a>, abogado y pol\u00edtico espa\u00f1ol (f. 1977).<\/li>\n<li><a title=\"1919\" href=\"https:\/\/es.wikipedia.org\/wiki\/1919\">1919<\/a>: <a title=\"Matilde Camus\" href=\"https:\/\/es.wikipedia.org\/wiki\/Matilde_Camus\">Matilde Camus<\/a>, poeta espa\u00f1ola (f. 2012).<\/li>\n<li>1919: <a title=\"Jos\u00e9 Gobello\" href=\"https:\/\/es.wikipedia.org\/wiki\/Jos%C3%A9_Gobello\">Jos\u00e9 Gobello<\/a>, escritor argentino (f. 2013).<\/li>\n<li><a title=\"1922\" href=\"https:\/\/es.wikipedia.org\/wiki\/1922\">1922<\/a>: <a title=\"Armando Barbeito\" href=\"https:\/\/es.wikipedia.org\/wiki\/Armando_Barbeito\">Armando Barbeito<\/a>, productor argentino.<\/li>\n<li><a title=\"1923\" href=\"https:\/\/es.wikipedia.org\/wiki\/1923\">1923<\/a>: <a title=\"Dev Anand\" href=\"https:\/\/es.wikipedia.org\/wiki\/Dev_Anand\">Dev Anand<\/a>, productor de pel\u00edculas y actor indio (f. 2011).<\/li>\n<li><a title=\"1924\" href=\"https:\/\/es.wikipedia.org\/wiki\/1924\">1924<\/a>: <a title=\"L\u00e1grima R\u00edos\" href=\"https:\/\/es.wikipedia.org\/wiki\/L%C3%A1grima_R%C3%ADos\">L\u00e1grima R\u00edos<\/a>, cantante uruguaya de tango y candombe (f. 2006).<\/li>\n<li><a title=\"1925\" href=\"https:\/\/es.wikipedia.org\/wiki\/1925\">1925<\/a>: <a title=\"Joe Holland\" href=\"https:\/\/es.wikipedia.org\/wiki\/Joe_Holland\">Joe Holland<\/a>, jugador de baloncesto estadounidense (f. 2010).<\/li>\n<li><a title=\"1926\" href=\"https:\/\/es.wikipedia.org\/wiki\/1926\">1926<\/a>: <a title=\"Julie London\" href=\"https:\/\/es.wikipedia.org\/wiki\/Julie_London\">Julie London<\/a>, actriz y cantante estadounidense (f. 2000).<\/li>\n<li><a title=\"1927\" href=\"https:\/\/es.wikipedia.org\/wiki\/1927\">1927<\/a>: <a title=\"Enzo Bearzot\" href=\"https:\/\/es.wikipedia.org\/wiki\/Enzo_Bearzot\">Enzo Bearzot<\/a>, jugador y entrenador italiano de f\u00fatbol (f. 2010).<\/li>\n<li>1927: <a title=\"Romano Mussolini\" href=\"https:\/\/es.wikipedia.org\/wiki\/Romano_Mussolini\">Romano Mussolini<\/a>, pianista italiano de jazz (f. 2006).<\/li>\n<li><a title=\"1930\" href=\"https:\/\/es.wikipedia.org\/wiki\/1930\">1930<\/a>: <a title=\"Fritz Wunderlich\" href=\"https:\/\/es.wikipedia.org\/wiki\/Fritz_Wunderlich\">Fritz Wunderlich<\/a>, tenor alem\u00e1n (f. 1966).<\/li>\n<li>1930: <a title=\"Michele Giordano\" href=\"https:\/\/es.wikipedia.org\/wiki\/Michele_Giordano\">Michele Giordano<\/a>, cardenal italiano (f. 2010).<\/li>\n<li>1930: <a title=\"Tito Fern\u00e1ndez (director)\" href=\"https:\/\/es.wikipedia.org\/wiki\/Tito_Fern%C3%A1ndez_(director)\">Tito Fern\u00e1ndez<\/a>, cineasta espa\u00f1ol.<\/li>\n<li><a title=\"1931\" href=\"https:\/\/es.wikipedia.org\/wiki\/1931\">1931<\/a>: <a title=\"Stanislas Dombeck\" href=\"https:\/\/es.wikipedia.org\/wiki\/Stanislas_Dombeck\">Stanislas Dombeck<\/a>, futbolista franc\u00e9s (f. 2013).<\/li>\n<li><a title=\"1932\" href=\"https:\/\/es.wikipedia.org\/wiki\/1932\">1932<\/a>: <a title=\"Alicia Hermida\" href=\"https:\/\/es.wikipedia.org\/wiki\/Alicia_Hermida\">Alicia Hermida<\/a>, actriz espa\u00f1ola.<\/li>\n<li>1932: <a title=\"Richard Herd\" href=\"https:\/\/es.wikipedia.org\/wiki\/Richard_Herd\">Richard Herd<\/a>, actor estadounidense.<\/li>\n<li>1932: <a title=\"Manmohan Singh\" href=\"https:\/\/es.wikipedia.org\/wiki\/Manmohan_Singh\">Manmohan Singh<\/a>, primer ministro indio.<\/li>\n<li>1932: <a title=\"Vlad\u00edmir Voin\u00f3vich\" href=\"https:\/\/es.wikipedia.org\/wiki\/Vlad%C3%ADmir_Voin%C3%B3vich\">Vlad\u00edmir Voin\u00f3vich<\/a>, escritor y disidente ruso.<\/li>\n<li><a title=\"1936\" href=\"https:\/\/es.wikipedia.org\/wiki\/1936\">1936<\/a>: <a title=\"Winnie Madikizela\" href=\"https:\/\/es.wikipedia.org\/wiki\/Winnie_Madikizela\">Winnie Madikizela<\/a>, pol\u00edtica sudafricana.<\/li>\n<li>1936: <a class=\"mw-redirect\" title=\"Luis Fernando Ver\u00edssimo\" href=\"https:\/\/es.wikipedia.org\/wiki\/Luis_Fernando_Ver%C3%ADssimo\">Luis Fernando Ver\u00edssimo<\/a>, escritor brasile\u00f1o.<\/li>\n<li>1936: <a title=\"Pedro Antonio Urbina\" href=\"https:\/\/es.wikipedia.org\/wiki\/Pedro_Antonio_Urbina\">Pedro Antonio Urbina<\/a>, poeta, escritor, cr\u00edtico de cine y traductor espa\u00f1ol.<\/li>\n<li><a title=\"1937\" href=\"https:\/\/es.wikipedia.org\/wiki\/1937\">1937<\/a>: <a title=\"Valent\u00edn P\u00e1vlov\" href=\"https:\/\/es.wikipedia.org\/wiki\/Valent%C3%ADn_P%C3%A1vlov\">Valent\u00edn P\u00e1vlov<\/a>, pol\u00edtico sovi\u00e9tico (f. 2003).<\/li>\n<li><a title=\"1939\" href=\"https:\/\/es.wikipedia.org\/wiki\/1939\">1939<\/a>: <a title=\"Adelardo Rodr\u00edguez\" href=\"https:\/\/es.wikipedia.org\/wiki\/Adelardo_Rodr%C3%ADguez\">Adelardo Rodr\u00edguez<\/a>, futbolista espa\u00f1ol.<\/li>\n<li><a title=\"1941\" href=\"https:\/\/es.wikipedia.org\/wiki\/1941\">1941<\/a>: <a title=\"Salvatore Accardo\" href=\"https:\/\/es.wikipedia.org\/wiki\/Salvatore_Accardo\">Salvatore Accardo<\/a>, violinista italiano.<\/li>\n<li><a title=\"1941\" href=\"https:\/\/es.wikipedia.org\/wiki\/1941\">1941<\/a>: <a title=\"Martine Beswick\" href=\"https:\/\/es.wikipedia.org\/wiki\/Martine_Beswick\">Martine Beswick<\/a>, actriz y modelo brit\u00e1nica.<\/li>\n<li><a title=\"1942\" href=\"https:\/\/es.wikipedia.org\/wiki\/1942\">1942<\/a>: <a title=\"Emilio Guti\u00e9rrez Caba\" href=\"https:\/\/es.wikipedia.org\/wiki\/Emilio_Guti%C3%A9rrez_Caba\">Emilio Guti\u00e9rrez Caba<\/a>, cineasta espa\u00f1ol.<\/li>\n<li>1942: <a title=\"Kent McCord\" href=\"https:\/\/es.wikipedia.org\/wiki\/Kent_McCord\">Kent McCord<\/a>, actor estadounidense.<\/li>\n<li><a title=\"1943\" href=\"https:\/\/es.wikipedia.org\/wiki\/1943\">1943<\/a>: <a title=\"Tim Schenken\" href=\"https:\/\/es.wikipedia.org\/wiki\/Tim_Schenken\">Tim Schenken<\/a>, piloto australiano.<\/li>\n<li><a title=\"1945\" href=\"https:\/\/es.wikipedia.org\/wiki\/1945\">1945<\/a>: <a title=\"Gal Costa\" href=\"https:\/\/es.wikipedia.org\/wiki\/Gal_Costa\">Gal Costa<\/a>, cantante brasile\u00f1a.<\/li>\n<li>1945: <a title=\"Bryan Ferry\" href=\"https:\/\/es.wikipedia.org\/wiki\/Bryan_Ferry\">Bryan Ferry<\/a>, cantante brit\u00e1nico de rock.<\/li>\n<li><a title=\"1947\" href=\"https:\/\/es.wikipedia.org\/wiki\/1947\">1947<\/a>: <a title=\"Lynn Anderson\" href=\"https:\/\/es.wikipedia.org\/wiki\/Lynn_Anderson\">Lynn Anderson<\/a>, cantante y m\u00fasica estadounidense.<\/li>\n<li><a title=\"1947\" href=\"https:\/\/es.wikipedia.org\/wiki\/1947\">1947<\/a>: <a title=\"Alfredo Sfeir\" href=\"https:\/\/es.wikipedia.org\/wiki\/Alfredo_Sfeir\">Alfredo Sfeir<\/a>, Cho Tab Khen Zambuling sacerdote Maya.<\/li>\n<li><a title=\"1948\" href=\"https:\/\/es.wikipedia.org\/wiki\/1948\">1948<\/a>: <a title=\"Olivia Newton-John\" href=\"https:\/\/es.wikipedia.org\/wiki\/Olivia_Newton-John\">Olivia Newton-John<\/a>, cantante y actriz australiana de origen brit\u00e1nico.<\/li>\n<li><a title=\"1949\" href=\"https:\/\/es.wikipedia.org\/wiki\/1949\">1949<\/a>: <a title=\"Clodoaldo Tavares de Santana\" href=\"https:\/\/es.wikipedia.org\/wiki\/Clodoaldo_Tavares_de_Santana\">Clodoaldo<\/a>, futbolista brasile\u00f1o.<\/li>\n<li>1949: <a title=\"Jane Smiley\" href=\"https:\/\/es.wikipedia.org\/wiki\/Jane_Smiley\">Jane Smiley<\/a>, escritora y novelista estadounidense.<\/li>\n<li>1949: <a title=\"Eduardo Gatti\" href=\"https:\/\/es.wikipedia.org\/wiki\/Eduardo_Gatti\">Eduardo Gatti<\/a>, cantautor y m\u00fasico chileno.<\/li>\n<li><a title=\"1951\" href=\"https:\/\/es.wikipedia.org\/wiki\/1951\">1951<\/a>: <a title=\"Stuart Tosh\" href=\"https:\/\/es.wikipedia.org\/wiki\/Stuart_Tosh\">Stuart Tosh<\/a>, m\u00fasico escoc\u00e9s.<\/li>\n<li><a title=\"1953\" href=\"https:\/\/es.wikipedia.org\/wiki\/1953\">1953<\/a>: <a title=\"Xabier Azkargorta\" href=\"https:\/\/es.wikipedia.org\/wiki\/Xabier_Azkargorta\">Xabier Azkargorta<\/a>, entrenador de f\u00fatbol espa\u00f1ol.<\/li>\n<li>1953: <a title=\"Guillermo Yunge\" href=\"https:\/\/es.wikipedia.org\/wiki\/Guillermo_Yunge\">Guillermo Yunge<\/a>, exdirigente estudiantil y diputado chileno, embajador de Costa Rica durante el <a class=\"mw-redirect\" title=\"Atentado a la embajada de Costa Rica\" href=\"https:\/\/es.wikipedia.org\/wiki\/Atentado_a_la_embajada_de_Costa_Rica\">atentado a la embajada<\/a>.<\/li>\n<li><a title=\"1954\" href=\"https:\/\/es.wikipedia.org\/wiki\/1954\">1954<\/a>: <a title=\"Alice (cantante)\" href=\"https:\/\/es.wikipedia.org\/wiki\/Alice_(cantante)\">Alice<\/a>, cantante italiana.<\/li>\n<li>1954: <a title=\"Craig Chaquico\" href=\"https:\/\/es.wikipedia.org\/wiki\/Craig_Chaquico\">Craig Chaquico<\/a>, guitarrista estadounidense.<\/li>\n<li><a title=\"1955\" href=\"https:\/\/es.wikipedia.org\/wiki\/1955\">1955<\/a>: <a title=\"Pancho Dotto\" href=\"https:\/\/es.wikipedia.org\/wiki\/Pancho_Dotto\">Pancho Dotto<\/a>, empresario argentino.<\/li>\n<li><a title=\"1956\" href=\"https:\/\/es.wikipedia.org\/wiki\/1956\">1956<\/a>: <a title=\"Linda Hamilton\" href=\"https:\/\/es.wikipedia.org\/wiki\/Linda_Hamilton\">Linda Hamilton<\/a>, actriz estadounidense.<\/li>\n<li><a title=\"1958\" href=\"https:\/\/es.wikipedia.org\/wiki\/1958\">1958<\/a>: <a title=\"Robert Kagan\" href=\"https:\/\/es.wikipedia.org\/wiki\/Robert_Kagan\">Robert Kagan<\/a>, historiador estadounidense.<\/li>\n<li><a title=\"1959\" href=\"https:\/\/es.wikipedia.org\/wiki\/1959\">1959<\/a>: <a title=\"Deborah Warren\" href=\"https:\/\/es.wikipedia.org\/wiki\/Deborah_Warren\">Deborah Warren<\/a>, actriz argentina (f. 2014).<\/li>\n<li><a title=\"1962\" href=\"https:\/\/es.wikipedia.org\/wiki\/1962\">1962<\/a>: <a title=\"Melissa Sue Anderson\" href=\"https:\/\/es.wikipedia.org\/wiki\/Melissa_Sue_Anderson\">Melissa Sue Anderson<\/a>, actriz estadounidense.<\/li>\n<li>1962: <a title=\"Jordi Gonz\u00e1lez\" href=\"https:\/\/es.wikipedia.org\/wiki\/Jordi_Gonz%C3%A1lez\">Jordi Gonz\u00e1lez<\/a>, periodista espa\u00f1ol.<\/li>\n<li>1962: <a title=\"Mark Haddon\" href=\"https:\/\/es.wikipedia.org\/wiki\/Mark_Haddon\">Mark Haddon<\/a>, escritor brit\u00e1nico.<\/li>\n<li>1962: <a title=\"Al Pitrelli\" href=\"https:\/\/es.wikipedia.org\/wiki\/Al_Pitrelli\">Al Pitrelli<\/a>, guitarrista estadounidense, de la banda Megadeth.<\/li>\n<li><a title=\"1963\" href=\"https:\/\/es.wikipedia.org\/wiki\/1963\">1963<\/a>: <a title=\"Lysette Anthony\" href=\"https:\/\/es.wikipedia.org\/wiki\/Lysette_Anthony\">Lysette Anthony<\/a>, actriz brit\u00e1nica.<\/li>\n<li><a title=\"1964\" href=\"https:\/\/es.wikipedia.org\/wiki\/1964\">1964<\/a>: <a title=\"Les Claypool\" href=\"https:\/\/es.wikipedia.org\/wiki\/Les_Claypool\">Les Claypool<\/a>, m\u00fasico estadounidense.<\/li>\n<li>1964: <a title=\"Raquel Mancini\" href=\"https:\/\/es.wikipedia.org\/wiki\/Raquel_Mancini\">Raquel Mancini<\/a>, modelo argentina.<\/li>\n<li><a title=\"1965\" href=\"https:\/\/es.wikipedia.org\/wiki\/1965\">1965<\/a>: <a title=\"Alexandra Lencastre\" href=\"https:\/\/es.wikipedia.org\/wiki\/Alexandra_Lencastre\">Alexandra Lencastre<\/a>, actriz portuguesa.<\/li>\n<li><a title=\"1967\" href=\"https:\/\/es.wikipedia.org\/wiki\/1967\">1967<\/a>: <a title=\"Shannon Hoon\" href=\"https:\/\/es.wikipedia.org\/wiki\/Shannon_Hoon\">Shannon Hoon<\/a>, cantante estadounidense (f. 1995).<\/li>\n<li><a title=\"1968\" href=\"https:\/\/es.wikipedia.org\/wiki\/1968\">1968<\/a>: <a title=\"James Caviezel\" href=\"https:\/\/es.wikipedia.org\/wiki\/James_Caviezel\">James Caviezel<\/a>, actor estadounidense.<\/li>\n<li><a title=\"1970\" href=\"https:\/\/es.wikipedia.org\/wiki\/1970\">1970<\/a>: <a title=\"Marco Etcheverry\" href=\"https:\/\/es.wikipedia.org\/wiki\/Marco_Etcheverry\">Marco <i>El Diablo<\/i> Etcheverry<\/a>, futbolista boliviano.<\/li>\n<li>1970: <a title=\"Vicente Luis Mora\" href=\"https:\/\/es.wikipedia.org\/wiki\/Vicente_Luis_Mora\">Vicente Luis Mora<\/a>, escritor espa\u00f1ol.<\/li>\n<li><a title=\"1971\" href=\"https:\/\/es.wikipedia.org\/wiki\/1971\">1971<\/a>: <a title=\"Alejandro Fantino\" href=\"https:\/\/es.wikipedia.org\/wiki\/Alejandro_Fantino\">Alejandro Fantino<\/a>, conductor de televisi\u00f3n y periodista deportivo argentino.<\/li>\n<li><a title=\"1972\" href=\"https:\/\/es.wikipedia.org\/wiki\/1972\">1972<\/a>: <a title=\"Ras Kass\" href=\"https:\/\/es.wikipedia.org\/wiki\/Ras_Kass\">Ras Kass<\/a>, rapero estadounidense.<\/li>\n<li>1972: <a title=\"Alfonso P\u00e9rez\" href=\"https:\/\/es.wikipedia.org\/wiki\/Alfonso_P%C3%A9rez\">Alfonso P\u00e9rez Mu\u00f1oz<\/a>, futbolista espa\u00f1ol.<\/li>\n<li>1972: <a title=\"Shawn Stockman\" href=\"https:\/\/es.wikipedia.org\/wiki\/Shawn_Stockman\">Shawn Stockman<\/a>, cantante estadounidense, de la banda Boyz II Men.<\/li>\n<li><a title=\"1974\" href=\"https:\/\/es.wikipedia.org\/wiki\/1974\">1974<\/a>: <a title=\"Gary Hall Jr.\" href=\"https:\/\/es.wikipedia.org\/wiki\/Gary_Hall_Jr.\">Gary Hall Jr.<\/a>, nadador estadounidense.<\/li>\n<li>1974: <a title=\"Martin M\u00fc\u00fcrsepp\" href=\"https:\/\/es.wikipedia.org\/wiki\/Martin_M%C3%BC%C3%BCrsepp\">Martin M\u00fc\u00fcrsepp<\/a>, baloncestista estonio.<\/li>\n<li><a title=\"1975\" href=\"https:\/\/es.wikipedia.org\/wiki\/1975\">1975<\/a>: <a title=\"Emma H\u00e4rdelin\" href=\"https:\/\/es.wikipedia.org\/wiki\/Emma_H%C3%A4rdelin\">Emma H\u00e4rdelin<\/a>, cantante sueca.<\/li>\n<li>1975: <a title=\"Jake Paltrow\" href=\"https:\/\/es.wikipedia.org\/wiki\/Jake_Paltrow\">Jake Paltrow<\/a>, director de cine estadounidense.<\/li>\n<li><a title=\"1976\" href=\"https:\/\/es.wikipedia.org\/wiki\/1976\">1976<\/a>: <a title=\"Michael Ballack\" href=\"https:\/\/es.wikipedia.org\/wiki\/Michael_Ballack\">Michael Ballack<\/a>, futbolista alem\u00e1n.<\/li>\n<li>1976: <a title=\"Dean Butterworth\" href=\"https:\/\/es.wikipedia.org\/wiki\/Dean_Butterworth\">Dean Butterworth<\/a>, baterista brit\u00e1nico, de las bandas The Used y Good Charlotte.<\/li>\n<li>1976: <a class=\"mw-redirect\" title=\"Sami Vanska\" href=\"https:\/\/es.wikipedia.org\/wiki\/Sami_Vanska\">Sami Vanska<\/a>, bajista finland\u00e9s, de la banda Nightwish.<\/li>\n<li><a title=\"1977\" href=\"https:\/\/es.wikipedia.org\/wiki\/1977\">1977<\/a>: <a title=\"Kaylynn\" href=\"https:\/\/es.wikipedia.org\/wiki\/Kaylynn\">Kaylynn<\/a>, actriz pornogr\u00e1fica estadounidense.<\/li>\n<li><a title=\"1979\" href=\"https:\/\/es.wikipedia.org\/wiki\/1979\">1979<\/a>: <a title=\"Jon Harley\" href=\"https:\/\/es.wikipedia.org\/wiki\/Jon_Harley\">Jon Harley<\/a>, rugbista brit\u00e1nico.<\/li>\n<li>1979: <a title=\"Naomichi Marufuji\" href=\"https:\/\/es.wikipedia.org\/wiki\/Naomichi_Marufuji\">Naomichi Marufuji<\/a>, luchador japon\u00e9s.<\/li>\n<li>1979: <a title=\"Jacob Tierney\" href=\"https:\/\/es.wikipedia.org\/wiki\/Jacob_Tierney\">Jacob Tierney<\/a>, actor canadiense.<\/li>\n<li><a title=\"1980\" href=\"https:\/\/es.wikipedia.org\/wiki\/1980\">1980<\/a>: <a title=\"Jane Darling\" href=\"https:\/\/es.wikipedia.org\/wiki\/Jane_Darling\">Jane Darling<\/a>, actriz pornogr\u00e1fica y modelo checa.<\/li>\n<li><a title=\"1981\" href=\"https:\/\/es.wikipedia.org\/wiki\/1981\">1981<\/a>: <a title=\"Christina Milian\" href=\"https:\/\/es.wikipedia.org\/wiki\/Christina_Milian\">Christina Milian<\/a>, cantante y actriz estadounidense.<\/li>\n<li>1981: <a title=\"Serena Williams\" href=\"https:\/\/es.wikipedia.org\/wiki\/Serena_Williams\">Serena Williams<\/a>, tenista estadounidense.<\/li>\n<li><a title=\"1982\" href=\"https:\/\/es.wikipedia.org\/wiki\/1982\">1982<\/a>: <a class=\"mw-redirect\" title=\"Miguel Alfredo Portillo\" href=\"https:\/\/es.wikipedia.org\/wiki\/Miguel_Alfredo_Portillo\">Miguel Alfredo Portillo<\/a>, futbolista argentino.<\/li>\n<li><a title=\"1983\" href=\"https:\/\/es.wikipedia.org\/wiki\/1983\">1983<\/a>: <a title=\"Ricardo Quaresma\" href=\"https:\/\/es.wikipedia.org\/wiki\/Ricardo_Quaresma\">Ricardo Quaresma<\/a>, futbolista portugu\u00e9s.<\/li>\n<li><a title=\"1985\" href=\"https:\/\/es.wikipedia.org\/wiki\/1985\">1985<\/a>: <a title=\"Lenna Kuurmaa\" href=\"https:\/\/es.wikipedia.org\/wiki\/Lenna_Kuurmaa\">Lenna Kuurmaa<\/a>, cantante y m\u00fasica estona, de la banda Vanilla Ninja.<\/li>\n<li><a title=\"1986\" href=\"https:\/\/es.wikipedia.org\/wiki\/1986\">1986<\/a>: <a title=\"Ashley Leggat\" href=\"https:\/\/es.wikipedia.org\/wiki\/Ashley_Leggat\">Ashley Leggat<\/a>, actriz canadiense.<\/li>\n<li><a title=\"1988\" href=\"https:\/\/es.wikipedia.org\/wiki\/1988\">1988<\/a>: <a title=\"Guillermo Burdisso\" href=\"https:\/\/es.wikipedia.org\/wiki\/Guillermo_Burdisso\">Guillermo Burdisso<\/a>, futbolista argentino.<\/li>\n<li><a title=\"1989\" href=\"https:\/\/es.wikipedia.org\/wiki\/1989\">1989<\/a>: <a title=\"Emma Rigby\" href=\"https:\/\/es.wikipedia.org\/wiki\/Emma_Rigby\">Emma Rigby<\/a>, actriz brit\u00e1nica.<\/li>\n<li>1989: <a title=\"Ciaran Clark\" href=\"https:\/\/es.wikipedia.org\/wiki\/Ciaran_Clark\">Ciaran Clark<\/a>, futbolista irland\u00e9s.<\/li>\n<li><a title=\"1993\" href=\"https:\/\/es.wikipedia.org\/wiki\/1993\">1993<\/a>: <a title=\"Michael Kidd-Gilchrist\" href=\"https:\/\/es.wikipedia.org\/wiki\/Michael_Kidd-Gilchrist\">Michael Kidd-Gilchrist<\/a>, baloncestista estadounidense.<\/li>\n<li><a title=\"2000\" href=\"https:\/\/es.wikipedia.org\/wiki\/2000\">2000<\/a>: <a title=\"Natasha Binder\" href=\"https:\/\/es.wikipedia.org\/wiki\/Natasha_Binder\">Natasha Binder<\/a>, pianista belga<\/li>\n<\/ul>\n<h2><span id=\"Fallecimientos\" class=\"mw-headline\">Fallecimientos<\/span><\/h2>\n<ul>\n<li><a title=\"1468\" href=\"https:\/\/es.wikipedia.org\/wiki\/1468\">1468<\/a>: <a class=\"mw-redirect\" title=\"Juan Torquemada (cardenal)\" href=\"https:\/\/es.wikipedia.org\/wiki\/Juan_Torquemada_(cardenal)\">Juan de Torquemada<\/a>, cardenal espa\u00f1ol, t\u00edo del inquisidor <a title=\"Tom\u00e1s de Torquemada\" href=\"https:\/\/es.wikipedia.org\/wiki\/Tom%C3%A1s_de_Torquemada\">Tom\u00e1s de Torquemada<\/a> (n. 1388).<\/li>\n<li><a title=\"1620\" href=\"https:\/\/es.wikipedia.org\/wiki\/1620\">1620<\/a>: <a title=\"Taichang\" href=\"https:\/\/es.wikipedia.org\/wiki\/Taichang\">Taichang<\/a>, emperador chino (n. 1582).<\/li>\n<li><a title=\"1626\" href=\"https:\/\/es.wikipedia.org\/wiki\/1626\">1626<\/a>: <a class=\"mw-redirect\" title=\"Wakisaka Yasuharu\" href=\"https:\/\/es.wikipedia.org\/wiki\/Wakisaka_Yasuharu\">Wakisaka Yasuharu<\/a>, guerrero japon\u00e9s (n. 1554).<\/li>\n<li><a title=\"1736\" href=\"https:\/\/es.wikipedia.org\/wiki\/1736\">1736<\/a>: <a title=\"Luisa Diana de Orleans\" href=\"https:\/\/es.wikipedia.org\/wiki\/Luisa_Diana_de_Orleans\">Luisa Diana de Orleans<\/a>, arist\u00f3crata y regente franc\u00e9s (n. 1716).<\/li>\n<li><a title=\"1763\" href=\"https:\/\/es.wikipedia.org\/wiki\/1763\">1763<\/a>: <a title=\"John Byron\" href=\"https:\/\/es.wikipedia.org\/wiki\/John_Byron\">John Byron<\/a>, almirante brit\u00e1nico (n. 1692).<\/li>\n<li><a title=\"1764\" href=\"https:\/\/es.wikipedia.org\/wiki\/1764\">1764<\/a>: <a class=\"mw-redirect\" title=\"Benito Jer\u00f3nimo Feij\u00f3o y Montenegro\" href=\"https:\/\/es.wikipedia.org\/wiki\/Benito_Jer%C3%B3nimo_Feij%C3%B3o_y_Montenegro\">Benito Jer\u00f3nimo Feij\u00f3o y Montenegro<\/a>, erudito espa\u00f1ol (n. 1767).<\/li>\n<li><a title=\"1800\" href=\"https:\/\/es.wikipedia.org\/wiki\/1800\">1800<\/a>: <a title=\"William Billings\" href=\"https:\/\/es.wikipedia.org\/wiki\/William_Billings\">William Billings<\/a>, compositor estadounidense de m\u00fasica coral (n. 1746).<\/li>\n<li><a title=\"1802\" href=\"https:\/\/es.wikipedia.org\/wiki\/1802\">1802<\/a>: <a title=\"Jurij Bartolomej Vega\" href=\"https:\/\/es.wikipedia.org\/wiki\/Jurij_Bartolomej_Vega\">Jurij Bartolomej Vega<\/a>, oficial de artiller\u00eda, matem\u00e1tico y f\u00edsico esloveno (n. 1754).<\/li>\n<li><a title=\"1820\" href=\"https:\/\/es.wikipedia.org\/wiki\/1820\">1820<\/a>: <a title=\"Daniel Boone\" href=\"https:\/\/es.wikipedia.org\/wiki\/Daniel_Boone\">Daniel Boone<\/a>, pionero y colonizador estadounidense (n. 1734).<\/li>\n<li><a title=\"1826\" href=\"https:\/\/es.wikipedia.org\/wiki\/1826\">1826<\/a>: <a title=\"Alexander Gordon Laing\" href=\"https:\/\/es.wikipedia.org\/wiki\/Alexander_Gordon_Laing\">Alexander Gordon Laing<\/a>, explorador escoc\u00e9s.<\/li>\n<li><a title=\"1863\" href=\"https:\/\/es.wikipedia.org\/wiki\/1863\">1863<\/a>: <a title=\"Jos\u00e9 Venancio L\u00f3pez\" href=\"https:\/\/es.wikipedia.org\/wiki\/Jos%C3%A9_Venancio_L%C3%B3pez\">Jos\u00e9 Venancio L\u00f3pez<\/a>, jurisconsulto y pol\u00edtico guatemalteco (n. 1791).<\/li>\n<li><a title=\"1867\" href=\"https:\/\/es.wikipedia.org\/wiki\/1867\">1867<\/a>: <a title=\"James Ferguson\" href=\"https:\/\/es.wikipedia.org\/wiki\/James_Ferguson\">James Ferguson<\/a>, astr\u00f3nomo escoc\u00e9s.<\/li>\n<li><a title=\"1868\" href=\"https:\/\/es.wikipedia.org\/wiki\/1868\">1868<\/a>: <a title=\"August M\u00f6bius\" href=\"https:\/\/es.wikipedia.org\/wiki\/August_M%C3%B6bius\">August M\u00f6bius<\/a>, matem\u00e1tico y astr\u00f3nomo alem\u00e1n (n. 1790).<\/li>\n<li><a title=\"1873\" href=\"https:\/\/es.wikipedia.org\/wiki\/1873\">1873<\/a>: <a title=\"William Wheelwright\" href=\"https:\/\/es.wikipedia.org\/wiki\/William_Wheelwright\">William Wheelwright<\/a>, empresario estadounidense.<\/li>\n<li><a title=\"1877\" href=\"https:\/\/es.wikipedia.org\/wiki\/1877\">1877<\/a>: <a title=\"Hermann Grassmann\" href=\"https:\/\/es.wikipedia.org\/wiki\/Hermann_Grassmann\">Hermann Grassmann<\/a>, ling\u00fcista y matem\u00e1tico alem\u00e1n.<\/li>\n<li><a title=\"1902\" href=\"https:\/\/es.wikipedia.org\/wiki\/1902\">1902<\/a>: <a title=\"Levi Strauss\" href=\"https:\/\/es.wikipedia.org\/wiki\/Levi_Strauss\">Levi Strauss<\/a>, industrial textil estadounidense.<\/li>\n<li><a title=\"1904\" href=\"https:\/\/es.wikipedia.org\/wiki\/1904\">1904<\/a>: <a title=\"Lafcadio Hearn\" href=\"https:\/\/es.wikipedia.org\/wiki\/Lafcadio_Hearn\">Lafcadio Hearn<\/a>, escritor japon\u00e9s de origen grecoirland\u00e9s (n. 1850).<\/li>\n<li><a title=\"1923\" href=\"https:\/\/es.wikipedia.org\/wiki\/1923\">1923<\/a>: <a title=\"Luis Tezza\" href=\"https:\/\/es.wikipedia.org\/wiki\/Luis_Tezza\">Luis Tezza<\/a>, beato italiano (n. 1841).<\/li>\n<li><a title=\"1929\" href=\"https:\/\/es.wikipedia.org\/wiki\/1929\">1929<\/a>: <a title=\"Agust\u00edn Riancho\" href=\"https:\/\/es.wikipedia.org\/wiki\/Agust%C3%ADn_Riancho\">Agust\u00edn Riancho<\/a>, pintor espa\u00f1ol (n. 1841).<\/li>\n<li><a title=\"1937\" href=\"https:\/\/es.wikipedia.org\/wiki\/1937\">1937<\/a>: <a title=\"Bessie Smith\" href=\"https:\/\/es.wikipedia.org\/wiki\/Bessie_Smith\">Bessie Smith<\/a>, cantante estadounidense de blues (n. 1894).<\/li>\n<li><a title=\"1941\" href=\"https:\/\/es.wikipedia.org\/wiki\/1941\">1941<\/a>: <a class=\"new\" title=\"Ugo Agostoni (a\u00fan no redactado)\" href=\"https:\/\/es.wikipedia.org\/w\/index.php?title=Ugo_Agostoni&amp;action=edit&amp;redlink=1\">Ugo Agostoni<\/a>, ciclista italiano (n. 1893).<\/li>\n<li><a title=\"1945\" href=\"https:\/\/es.wikipedia.org\/wiki\/1945\">1945<\/a>: <a title=\"B\u00e9la Bart\u00f3k\" href=\"https:\/\/es.wikipedia.org\/wiki\/B%C3%A9la_Bart%C3%B3k\">B\u00e9la Bart\u00f3k<\/a>, compositor h\u00fangaro (n. 1881).<\/li>\n<li><a title=\"1947\" href=\"https:\/\/es.wikipedia.org\/wiki\/1947\">1947<\/a>: <a title=\"Hugh Lofting\" href=\"https:\/\/es.wikipedia.org\/wiki\/Hugh_Lofting\">Hugh Lofting<\/a>, escritor brit\u00e1nico (n. 1886).<\/li>\n<li><a title=\"1952\" href=\"https:\/\/es.wikipedia.org\/wiki\/1952\">1952<\/a>: <a title=\"George Santayana\" href=\"https:\/\/es.wikipedia.org\/wiki\/George_Santayana\">George Santayana<\/a>, fil\u00f3sofo espa\u00f1ol (n. 1863).<\/li>\n<li><a title=\"1959\" href=\"https:\/\/es.wikipedia.org\/wiki\/1959\">1959<\/a>: <a class=\"new\" title=\"Carlos Noriega Carreras (a\u00fan no redactado)\" href=\"https:\/\/es.wikipedia.org\/w\/index.php?title=Carlos_Noriega_Carreras&amp;action=edit&amp;redlink=1\">Carlos Noriega Carreras<\/a>, periodista y escritor puertorrique\u00f1o.<\/li>\n<li><a title=\"1967\" href=\"https:\/\/es.wikipedia.org\/wiki\/1967\">1967<\/a>: <a title=\"Luis Ceballos y Fern\u00e1ndez de C\u00f3rdoba\" href=\"https:\/\/es.wikipedia.org\/wiki\/Luis_Ceballos_y_Fern%C3%A1ndez_de_C%C3%B3rdoba\">Luis Ceballos y Fern\u00e1ndez de C\u00f3rdoba<\/a>, ingeniero y naturista espa\u00f1ol (n. 1896).<\/li>\n<li>1967: <a title=\"Rafael Fern\u00e1ndez-Shaw Yturralde\" href=\"https:\/\/es.wikipedia.org\/wiki\/Rafael_Fern%C3%A1ndez-Shaw_Yturralde\">Rafael Fern\u00e1ndez-Shaw Yturralde<\/a>, escritor espa\u00f1ol (n. 1905).<\/li>\n<li><a title=\"1970\" href=\"https:\/\/es.wikipedia.org\/wiki\/1970\">1970<\/a>: <a title=\"Josep Maria Mill\u00e0s Vallicrosa\" href=\"https:\/\/es.wikipedia.org\/wiki\/Josep_Maria_Mill%C3%A0s_Vallicrosa\">Josep Maria Mill\u00e0s Vallicrosa<\/a>, historiador espa\u00f1ol (n. 1897).<\/li>\n<li><a title=\"1973\" href=\"https:\/\/es.wikipedia.org\/wiki\/1973\">1973<\/a>: <a class=\"new\" title=\"Ralph Earnhardt (a\u00fan no redactado)\" href=\"https:\/\/es.wikipedia.org\/w\/index.php?title=Ralph_Earnhardt&amp;action=edit&amp;redlink=1\">Ralph Earnhardt<\/a>, piloto de carreras (n. 1923).<\/li>\n<li>1973: <a title=\"Anna Magnani\" href=\"https:\/\/es.wikipedia.org\/wiki\/Anna_Magnani\">Anna Magnani<\/a>, actriz italiana.<\/li>\n<li><a title=\"1976\" href=\"https:\/\/es.wikipedia.org\/wiki\/1976\">1976<\/a>: <a class=\"mw-redirect\" title=\"Leopold Ruzicka\" href=\"https:\/\/es.wikipedia.org\/wiki\/Leopold_Ruzicka\">Leopold Ruzicka<\/a> (<a class=\"mw-redirect\" title=\"Lavoslav Ru\u017ei\u010dka\" href=\"https:\/\/es.wikipedia.org\/wiki\/Lavoslav_Ru%C5%BEi%C4%8Dka\">Lavoslav Ru\u017ei\u010dka<\/a>), qu\u00edmico croata\u2013suizo, premio nobel de qu\u00edmica en 1939 (n. 1887).<\/li>\n<li><a title=\"1978\" href=\"https:\/\/es.wikipedia.org\/wiki\/1978\">1978<\/a>: <a title=\"Manne Siegbahn\" href=\"https:\/\/es.wikipedia.org\/wiki\/Manne_Siegbahn\">Manne Siegbahn<\/a>, f\u00edsico sueco, premio nobel de f\u00edsica en 1924 (n. 1886).<\/li>\n<li><a title=\"1979\" href=\"https:\/\/es.wikipedia.org\/wiki\/1979\">1979<\/a>: <a title=\"Arthur Hunnicutt\" href=\"https:\/\/es.wikipedia.org\/wiki\/Arthur_Hunnicutt\">Arthur Hunnicutt<\/a>, actor estadounidense (n. 1910).<\/li>\n<li><a title=\"1982\" href=\"https:\/\/es.wikipedia.org\/wiki\/1982\">1982<\/a>: <a title=\"Luis Custodio Mu\u00f1oz Mu\u00f1oz\" href=\"https:\/\/es.wikipedia.org\/wiki\/Luis_Custodio_Mu%C3%B1oz_Mu%C3%B1oz\">Luis Custodio Mu\u00f1oz Mu\u00f1oz<\/a>, m\u00e9dico y escritor chileno (n. 1897).<\/li>\n<li><a title=\"1983\" href=\"https:\/\/es.wikipedia.org\/wiki\/1983\">1983<\/a>: <a title=\"Tino Rossi\" href=\"https:\/\/es.wikipedia.org\/wiki\/Tino_Rossi\">Tino Rossi<\/a>, actor y cantante franc\u00e9s (n. 1907).<\/li>\n<li><a title=\"1984\" href=\"https:\/\/es.wikipedia.org\/wiki\/1984\">1984<\/a>: <a title=\"Francisco Rivera\" href=\"https:\/\/es.wikipedia.org\/wiki\/Francisco_Rivera\"><i>Paquirri<\/i><\/a> (Francisco Rivera), torero espa\u00f1ol (n. 1948).<\/li>\n<li><a title=\"1985\" href=\"https:\/\/es.wikipedia.org\/wiki\/1985\">1985<\/a>: <a class=\"mw-redirect\" title=\"Yona Walach\" href=\"https:\/\/es.wikipedia.org\/wiki\/Yona_Walach\">Yona Wallach<\/a>, poetisa israel\u00ed (n. 1944).<\/li>\n<li><a title=\"1987\" href=\"https:\/\/es.wikipedia.org\/wiki\/1987\">1987<\/a>: <a class=\"mw-redirect\" title=\"Sergio Santander Benavente\" href=\"https:\/\/es.wikipedia.org\/wiki\/Sergio_Santander_Benavente\">Sergio Santander Benavente<\/a>, piloto chileno de F\u00f3rmula 3.<\/li>\n<li><a title=\"1987\" href=\"https:\/\/es.wikipedia.org\/wiki\/1987\">1987<\/a>: <a title=\"Herbert Tichy\" href=\"https:\/\/es.wikipedia.org\/wiki\/Herbert_Tichy\">Herbert Tichy<\/a>, monta\u00f1ista austriaco (n. 1912).<\/li>\n<li><a title=\"1988\" href=\"https:\/\/es.wikipedia.org\/wiki\/1988\">1988<\/a>: <a title=\"Guillermo Battaglia\" href=\"https:\/\/es.wikipedia.org\/wiki\/Guillermo_Battaglia\">Guillermo Battaglia<\/a>, actor argentino (n. 1899).<\/li>\n<li><a title=\"1990\" href=\"https:\/\/es.wikipedia.org\/wiki\/1990\">1990<\/a>: <a title=\"Alberto Moravia\" href=\"https:\/\/es.wikipedia.org\/wiki\/Alberto_Moravia\">Alberto Moravia<\/a>, escritor italiano.<\/li>\n<li><a title=\"1993\" href=\"https:\/\/es.wikipedia.org\/wiki\/1993\">1993<\/a>: <a title=\"Nina Berb\u00e9rova\" href=\"https:\/\/es.wikipedia.org\/wiki\/Nina_Berb%C3%A9rova\">Nina Berb\u00e9rova<\/a>, escritora rusa.<\/li>\n<li><a title=\"1996\" href=\"https:\/\/es.wikipedia.org\/wiki\/1996\">1996<\/a>: <a title=\"Geoffrey Wilkinson\" href=\"https:\/\/es.wikipedia.org\/wiki\/Geoffrey_Wilkinson\">Geoffrey Wilkinson<\/a>, qu\u00edmico brit\u00e1nico, premio nobel de qu\u00edmica en 1973.<\/li>\n<li><a title=\"1998\" href=\"https:\/\/es.wikipedia.org\/wiki\/1998\">1998<\/a>: <a title=\"Betty Carter\" href=\"https:\/\/es.wikipedia.org\/wiki\/Betty_Carter\">Betty Carter<\/a>, cantante estadounidense de jazz (n. 1930).<\/li>\n<li>1998: <a title=\"Aurelio Mir\u00f3 Quesada Sosa\" href=\"https:\/\/es.wikipedia.org\/wiki\/Aurelio_Mir%C3%B3_Quesada_Sosa\">Aurelio Mir\u00f3 Quesada Sosa<\/a>, periodista e historiador peruano (n. 1907).<\/li>\n<li><a title=\"2000\" href=\"https:\/\/es.wikipedia.org\/wiki\/2000\">2000<\/a>: <a class=\"mw-redirect\" title=\"Baden Powell de Aquino\" href=\"https:\/\/es.wikipedia.org\/wiki\/Baden_Powell_de_Aquino\">Baden Powell<\/a>, guitarrista y cantautor brasile\u00f1o (n. 1937).<\/li>\n<li><a title=\"2001\" href=\"https:\/\/es.wikipedia.org\/wiki\/2001\">2001<\/a>: <a title=\"Miguel Dante\" href=\"https:\/\/es.wikipedia.org\/wiki\/Miguel_Dante\">Miguel Dante<\/a>, actor argentino.<\/li>\n<li><a title=\"2003\" href=\"https:\/\/es.wikipedia.org\/wiki\/2003\">2003<\/a>: <a title=\"Shawn Lane\" href=\"https:\/\/es.wikipedia.org\/wiki\/Shawn_Lane\">Shawn Lane<\/a>, guitarrista estadounidense (n. 1963).<\/li>\n<li><a title=\"2004\" href=\"https:\/\/es.wikipedia.org\/wiki\/2004\">2004<\/a>: <a title=\"Manuel Agud\" href=\"https:\/\/es.wikipedia.org\/wiki\/Manuel_Agud\">Manuel Agud<\/a>, fil\u00f3logo argentino (f. 1914).<\/li>\n<li><a title=\"2006\" href=\"https:\/\/es.wikipedia.org\/wiki\/2006\">2006<\/a>: <a title=\"Luis Adaro Ruiz-Falc\u00f3\" href=\"https:\/\/es.wikipedia.org\/wiki\/Luis_Adaro_Ruiz-Falc%C3%B3\">Luis Adaro Ruiz-Falc\u00f3<\/a>, empresario espa\u00f1ol (n. 1914).<\/li>\n<li><a title=\"2008\" href=\"https:\/\/es.wikipedia.org\/wiki\/2008\">2008<\/a>: <a title=\"Marc Moulin\" href=\"https:\/\/es.wikipedia.org\/wiki\/Marc_Moulin\">Marc Moulin<\/a>, m\u00fasico y periodista belga (n. 1942).<\/li>\n<li>2008: <a title=\"Paul Newman\" href=\"https:\/\/es.wikipedia.org\/wiki\/Paul_Newman\">Paul Newman<\/a>, actor cinematogr\u00e1fico estadounidense (n. 1925).<\/li>\n<li><a title=\"2010\" href=\"https:\/\/es.wikipedia.org\/wiki\/2010\">2010<\/a>: <a title=\"Constantino Kochifas\" href=\"https:\/\/es.wikipedia.org\/wiki\/Constantino_Kochifas\">Constantino Kochifas<\/a>, armador y empresario chileno (n. 1931).<\/li>\n<li>2010: <a title=\"Gloria Stuart\" href=\"https:\/\/es.wikipedia.org\/wiki\/Gloria_Stuart\">Gloria Stuart<\/a>, actriz de cine, teatro y televisi\u00f3n y centenaria estadounidense, la anciana en <i>Titanic<\/i> (n. 1910).<\/li>\n<li>2010: <a title=\"Jimi Heselden\" href=\"https:\/\/es.wikipedia.org\/wiki\/Jimi_Heselden\">Jimi Heselden<\/a>, empresario brit\u00e1nico (n. 1948).<\/li>\n<li><a title=\"2011\" href=\"https:\/\/es.wikipedia.org\/wiki\/2011\">2011<\/a>: <a title=\"Jerry Haynes\" href=\"https:\/\/es.wikipedia.org\/wiki\/Jerry_Haynes\">Jerry Haynes<\/a>, actor estadounidense (n. 1927).<\/li>\n<li><a title=\"2012\" href=\"https:\/\/es.wikipedia.org\/wiki\/2012\">2012<\/a>: <a title=\"Maya Naser\" href=\"https:\/\/es.wikipedia.org\/wiki\/Maya_Naser\">Maya Naser<\/a>, periodista sirio (n. 1979).<\/li>\n<li><a title=\"2013\" href=\"https:\/\/es.wikipedia.org\/wiki\/2013\">2013<\/a>: <a class=\"mw-redirect\" title=\"Adriana Carmen Vignoli\" href=\"https:\/\/es.wikipedia.org\/wiki\/Adriana_Carmen_Vignoli\">Adriana Vignoli<\/a>, artista y escen\u00f3grafa argentina (n. 1966).<\/li>\n<\/ul>\n<h2><span id=\"Celebraciones\" class=\"mw-headline\">Celebraciones<\/span><\/h2>\n<ul>\n<li>D\u00eda Internacional de la <a title=\"Sordera\" href=\"https:\/\/es.wikipedia.org\/wiki\/Sordera\">Sordera<\/a>.<\/li>\n<li><a title=\"D\u00eda Internacional para la Eliminaci\u00f3n Total de las Armas Nucleares\" href=\"https:\/\/es.wikipedia.org\/wiki\/D%C3%ADa_Internacional_para_la_Eliminaci%C3%B3n_Total_de_las_Armas_Nucleares\">D\u00eda Internacional para la Eliminaci\u00f3n Total de las Armas Nucleares<\/a><\/li>\n<li><a title=\"D\u00eda Europeo de las Lenguas\" href=\"https:\/\/es.wikipedia.org\/wiki\/D%C3%ADa_Europeo_de_las_Lenguas\">D\u00eda Europeo de las Lenguas<\/a><\/li>\n<li><a title=\"Xaloztoc\" href=\"https:\/\/es.wikipedia.org\/wiki\/Xaloztoc\">Xaloztoc<\/a> (estado de <a title=\"Tlaxcala\" href=\"https:\/\/es.wikipedia.org\/wiki\/Tlaxcala\">Tlaxcala<\/a>) <img decoding=\"async\" class=\"thumbborder\" src=\"https:\/\/upload.wikimedia.org\/wikipedia\/commons\/thumb\/f\/fc\/Flag_of_Mexico.svg\/20px-Flag_of_Mexico.svg.png\" srcset=\"\/\/upload.wikimedia.org\/wikipedia\/commons\/thumb\/f\/fc\/Flag_of_Mexico.svg\/30px-Flag_of_Mexico.svg.png 1.5x, \/\/upload.wikimedia.org\/wikipedia\/commons\/thumb\/f\/fc\/Flag_of_Mexico.svg\/40px-Flag_of_Mexico.svg.png 2x\" alt=\"Flag of Mexico.svg\" width=\"20\" height=\"11\" data-file-width=\"840\" data-file-height=\"480\" \/> <a title=\"M\u00e9xico\" href=\"https:\/\/es.wikipedia.org\/wiki\/M%C3%A9xico\">M\u00e9xico<\/a>: <a class=\"mw-redirect\" title=\"San Cosme Xaloztoc\" href=\"https:\/\/es.wikipedia.org\/wiki\/San_Cosme_Xaloztoc\">San Cosme Xaloztoc<\/a>, fiesta patronal en honor a <a class=\"mw-redirect\" title=\"San Cosme\" href=\"https:\/\/es.wikipedia.org\/wiki\/San_Cosme\">San Cosme<\/a> y <a class=\"mw-redirect\" title=\"San Dami\u00e1n\" href=\"https:\/\/es.wikipedia.org\/wiki\/San_Dami%C3%A1n\">San Dami\u00e1n<\/a>.<\/li>\n<li><a title=\"Torredonjimeno\" href=\"https:\/\/es.wikipedia.org\/wiki\/Torredonjimeno\">Torredonjimeno<\/a> (<a title=\"Provincia de Ja\u00e9n (Espa\u00f1a)\" href=\"https:\/\/es.wikipedia.org\/wiki\/Provincia_de_Ja%C3%A9n_(Espa%C3%B1a)\">Ja\u00e9n<\/a> <span class=\"flagicon\"><img decoding=\"async\" class=\"thumbborder\" src=\"https:\/\/upload.wikimedia.org\/wikipedia\/commons\/thumb\/9\/9a\/Flag_of_Spain.svg\/20px-Flag_of_Spain.svg.png\" srcset=\"\/\/upload.wikimedia.org\/wikipedia\/commons\/thumb\/9\/9a\/Flag_of_Spain.svg\/30px-Flag_of_Spain.svg.png 1.5x, \/\/upload.wikimedia.org\/wikipedia\/commons\/thumb\/9\/9a\/Flag_of_Spain.svg\/40px-Flag_of_Spain.svg.png 2x\" alt=\"Flag of Spain.svg\" width=\"20\" height=\"13\" data-file-width=\"750\" data-file-height=\"500\" \/>\u00a0<\/span><a title=\"Espa\u00f1a\" href=\"https:\/\/es.wikipedia.org\/wiki\/Espa%C3%B1a\">Espa\u00f1a<\/a>): fiesta patronal en honor a <a class=\"mw-redirect\" title=\"San Cosme\" href=\"https:\/\/es.wikipedia.org\/wiki\/San_Cosme\">San Cosme<\/a> y <a class=\"mw-redirect\" title=\"San Dami\u00e1n\" href=\"https:\/\/es.wikipedia.org\/wiki\/San_Dami%C3%A1n\">San Dami\u00e1n<\/a>.<\/li>\n<li><a title=\"San Mill\u00e1n de la Cogolla\" href=\"https:\/\/es.wikipedia.org\/wiki\/San_Mill%C3%A1n_de_la_Cogolla\">San Mill\u00e1n de la Cogolla<\/a>, (<a title=\"La Rioja (Espa\u00f1a)\" href=\"https:\/\/es.wikipedia.org\/wiki\/La_Rioja_(Espa%C3%B1a)\">La Rioja<\/a>, <span class=\"flagicon\"><img decoding=\"async\" class=\"thumbborder\" src=\"https:\/\/upload.wikimedia.org\/wikipedia\/commons\/thumb\/9\/9a\/Flag_of_Spain.svg\/20px-Flag_of_Spain.svg.png\" srcset=\"\/\/upload.wikimedia.org\/wikipedia\/commons\/thumb\/9\/9a\/Flag_of_Spain.svg\/30px-Flag_of_Spain.svg.png 1.5x, \/\/upload.wikimedia.org\/wikipedia\/commons\/thumb\/9\/9a\/Flag_of_Spain.svg\/40px-Flag_of_Spain.svg.png 2x\" alt=\"Flag of Spain.svg\" width=\"20\" height=\"13\" data-file-width=\"750\" data-file-height=\"500\" \/>\u00a0<\/span><a title=\"Espa\u00f1a\" href=\"https:\/\/es.wikipedia.org\/wiki\/Espa%C3%B1a\">Espa\u00f1a<\/a>): fiestas de la Traslaci\u00f3n en honor al traslado de los restos del santo y la fundaci\u00f3n del <a class=\"mw-redirect\" title=\"Monasterio de Yuso\" href=\"https:\/\/es.wikipedia.org\/wiki\/Monasterio_de_Yuso\">Monasterio de Yuso<\/a>.<\/li>\n<li><a class=\"mw-redirect\" title=\"Basconcillos del Tozo (Burgos)\" href=\"https:\/\/es.wikipedia.org\/wiki\/Basconcillos_del_Tozo_(Burgos)\">Basconcillos del Tozo<\/a> (<a title=\"Provincia de Burgos\" href=\"https:\/\/es.wikipedia.org\/wiki\/Provincia_de_Burgos\">Burgos<\/a>, <span class=\"flagicon\"><img decoding=\"async\" class=\"thumbborder\" src=\"https:\/\/upload.wikimedia.org\/wikipedia\/commons\/thumb\/9\/9a\/Flag_of_Spain.svg\/20px-Flag_of_Spain.svg.png\" srcset=\"\/\/upload.wikimedia.org\/wikipedia\/commons\/thumb\/9\/9a\/Flag_of_Spain.svg\/30px-Flag_of_Spain.svg.png 1.5x, \/\/upload.wikimedia.org\/wikipedia\/commons\/thumb\/9\/9a\/Flag_of_Spain.svg\/40px-Flag_of_Spain.svg.png 2x\" alt=\"Flag of Spain.svg\" width=\"20\" height=\"13\" data-file-width=\"750\" data-file-height=\"500\" \/>\u00a0<\/span><a title=\"Espa\u00f1a\" href=\"https:\/\/es.wikipedia.org\/wiki\/Espa%C3%B1a\">Espa\u00f1a<\/a>): fiesta patronal en honor a san Cosme y san Dami\u00e1n.<\/li>\n<li><a class=\"mw-redirect\" title=\"El Prat de Llobregat (Barcelona)\" href=\"https:\/\/es.wikipedia.org\/wiki\/El_Prat_de_Llobregat_(Barcelona)\">El Prat de Llobregat (Barcelona)<\/a>, <span class=\"flagicon\"><img decoding=\"async\" class=\"thumbborder\" src=\"https:\/\/upload.wikimedia.org\/wikipedia\/commons\/thumb\/9\/9a\/Flag_of_Spain.svg\/20px-Flag_of_Spain.svg.png\" srcset=\"\/\/upload.wikimedia.org\/wikipedia\/commons\/thumb\/9\/9a\/Flag_of_Spain.svg\/30px-Flag_of_Spain.svg.png 1.5x, \/\/upload.wikimedia.org\/wikipedia\/commons\/thumb\/9\/9a\/Flag_of_Spain.svg\/40px-Flag_of_Spain.svg.png 2x\" alt=\"Flag of Spain.svg\" width=\"20\" height=\"13\" data-file-width=\"750\" data-file-height=\"500\" \/>\u00a0<\/span><a title=\"Espa\u00f1a\" href=\"https:\/\/es.wikipedia.org\/wiki\/Espa%C3%B1a\">Espa\u00f1a<\/a>): Festa Mayor, fiesta patronal en honor a san Cosme y san Dami\u00e1n.<\/li>\n<li>D\u00eda de la <a title=\"Bandera de Ecuador\" href=\"https:\/\/es.wikipedia.org\/wiki\/Bandera_de_Ecuador\">Bandera de Ecuador<\/a> <span class=\"flagicon\"><img loading=\"lazy\" decoding=\"async\" class=\"thumbborder\" src=\"https:\/\/upload.wikimedia.org\/wikipedia\/commons\/thumb\/e\/e8\/Flag_of_Ecuador.svg\/20px-Flag_of_Ecuador.svg.png\" srcset=\"\/\/upload.wikimedia.org\/wikipedia\/commons\/thumb\/e\/e8\/Flag_of_Ecuador.svg\/30px-Flag_of_Ecuador.svg.png 1.5x, \/\/upload.wikimedia.org\/wikipedia\/commons\/thumb\/e\/e8\/Flag_of_Ecuador.svg\/40px-Flag_of_Ecuador.svg.png 2x\" alt=\"Flag of Ecuador.svg\" width=\"20\" height=\"13\" data-file-width=\"1440\" data-file-height=\"960\" \/>\u00a0<\/span><a title=\"Ecuador\" href=\"https:\/\/es.wikipedia.org\/wiki\/Ecuador\">Ecuador<\/a>: Homenaje para la Bandera Ecuatoriana adoptada en 1860.<\/li>\n<li>D\u00eda del Empleado de Comercio <span class=\"flagicon\"><img loading=\"lazy\" decoding=\"async\" class=\"thumbborder\" src=\"https:\/\/upload.wikimedia.org\/wikipedia\/commons\/thumb\/1\/1a\/Flag_of_Argentina.svg\/20px-Flag_of_Argentina.svg.png\" srcset=\"\/\/upload.wikimedia.org\/wikipedia\/commons\/thumb\/1\/1a\/Flag_of_Argentina.svg\/30px-Flag_of_Argentina.svg.png 1.5x, \/\/upload.wikimedia.org\/wikipedia\/commons\/thumb\/1\/1a\/Flag_of_Argentina.svg\/40px-Flag_of_Argentina.svg.png 2x\" alt=\"Flag of Argentina.svg\" width=\"20\" height=\"13\" data-file-width=\"800\" data-file-height=\"500\" \/>\u00a0<\/span><a title=\"Argentina\" href=\"https:\/\/es.wikipedia.org\/wiki\/Argentina\">Argentina<\/a><\/li>\n<li>D\u00eda Interamericano de las <a class=\"mw-redirect\" title=\"Relaciones P\u00fablicas\" href=\"https:\/\/es.wikipedia.org\/wiki\/Relaciones_P%C3%BAblicas\">Relaciones P\u00fablicas<\/a>.<\/li>\n<li>D\u00eda Nacional de Donaci\u00f3n y Trasplante de \u00d3rganos <img decoding=\"async\" class=\"thumbborder\" src=\"https:\/\/upload.wikimedia.org\/wikipedia\/commons\/thumb\/f\/fc\/Flag_of_Mexico.svg\/20px-Flag_of_Mexico.svg.png\" srcset=\"\/\/upload.wikimedia.org\/wikipedia\/commons\/thumb\/f\/fc\/Flag_of_Mexico.svg\/30px-Flag_of_Mexico.svg.png 1.5x, \/\/upload.wikimedia.org\/wikipedia\/commons\/thumb\/f\/fc\/Flag_of_Mexico.svg\/40px-Flag_of_Mexico.svg.png 2x\" alt=\"Flag of Mexico.svg\" width=\"20\" height=\"11\" data-file-width=\"840\" data-file-height=\"480\" \/> <a title=\"M\u00e9xico\" href=\"https:\/\/es.wikipedia.org\/wiki\/M%C3%A9xico\">M\u00e9xico<\/a>.<\/li>\n<li>D\u00eda mundial de la prevenci\u00f3n del embarazo adolescente.<\/li>\n<\/ul>\n<h3><span id=\"Santoral_cat.C3.B3lico\" class=\"mw-headline\">Santoral cat\u00f3lico<\/span><\/h3>\n<ul>\n<li>santos <a title=\"Cosme y Dami\u00e1n\" href=\"https:\/\/es.wikipedia.org\/wiki\/Cosme_y_Dami%C3%A1n\">Cosme y Dami\u00e1n<\/a>, <a title=\"M\u00e1rtir\" href=\"https:\/\/es.wikipedia.org\/wiki\/M%C3%A1rtir\">m\u00e1rtires<\/a>.<sup id=\"cite_ref-2\" class=\"reference\"><a href=\"https:\/\/es.wikipedia.org\/wiki\/26_de_septiembre#cite_note-2\">2<\/a><\/sup><\/li>\n<li>san <a title=\"Nilo de Rossano\" href=\"https:\/\/es.wikipedia.org\/wiki\/Nilo_de_Rossano\">Nilo de Rossano<\/a>, <a title=\"Ermita\u00f1o\" href=\"https:\/\/es.wikipedia.org\/wiki\/Ermita%C3%B1o\">ermita\u00f1o<\/a>.<sup id=\"cite_ref-3\" class=\"reference\"><a href=\"https:\/\/es.wikipedia.org\/wiki\/26_de_septiembre#cite_note-3\">3<\/a><\/sup><\/li>\n<li>santa <a title=\"Teresa Couderc\" href=\"https:\/\/es.wikipedia.org\/wiki\/Teresa_Couderc\">Teresa Couderc<\/a>, <a title=\"Congregaci\u00f3n religiosa cat\u00f3lica\" href=\"https:\/\/es.wikipedia.org\/wiki\/Congregaci%C3%B3n_religiosa_cat%C3%B3lica\">fundadora<\/a>.<sup id=\"cite_ref-4\" class=\"reference\"><a href=\"https:\/\/es.wikipedia.org\/wiki\/26_de_septiembre#cite_note-4\">4<\/a><\/sup><\/li>\n<\/ul>\n","protected":false},"excerpt":{"rendered":"<p>Es el 269.\u00ba (ducent\u00e9simo sexag\u00e9simo noveno) d\u00eda del a\u00f1o en el calendario gregoriano y el 270.\u00ba en los a\u00f1os bisiestos. Quedan 96\u00a0d\u00edas para finalizar el a\u00f1o.<\/p>\n","protected":false},"author":2,"featured_media":4920,"comment_status":"open","ping_status":"open","sticky":false,"template":"","format":"standard","meta":{"_acf_changed":false,"_monsterinsights_skip_tracking":false,"slim_seo":{"title":"Efem\u00e9rides 26 de Septiembre - Opini\u00f3n P\u00fablica","description":"Es el 269.\u00ba (ducent\u00e9simo sexag\u00e9simo noveno) d\u00eda del a\u00f1o en el calendario gregoriano y el 270.\u00ba en los a\u00f1os bisiestos. Quedan 96\u00a0d\u00edas para finalizar el a\u00f1o. Acon"},"footnotes":""},"categories":[27],"tags":[],"class_list":["post-4921","post","type-post","status-publish","format-standard","has-post-thumbnail","hentry","category-un-dia-como-hoy"],"acf":[],"_links":{"self":[{"href":"https:\/\/www.opinionpublica.tv\/portada\/wp-json\/wp\/v2\/posts\/4921","targetHints":{"allow":["GET"]}}],"collection":[{"href":"https:\/\/www.opinionpublica.tv\/portada\/wp-json\/wp\/v2\/posts"}],"about":[{"href":"https:\/\/www.opinionpublica.tv\/portada\/wp-json\/wp\/v2\/types\/post"}],"author":[{"embeddable":true,"href":"https:\/\/www.opinionpublica.tv\/portada\/wp-json\/wp\/v2\/users\/2"}],"replies":[{"embeddable":true,"href":"https:\/\/www.opinionpublica.tv\/portada\/wp-json\/wp\/v2\/comments?post=4921"}],"version-history":[{"count":0,"href":"https:\/\/www.opinionpublica.tv\/portada\/wp-json\/wp\/v2\/posts\/4921\/revisions"}],"wp:featuredmedia":[{"embeddable":true,"href":"https:\/\/www.opinionpublica.tv\/portada\/wp-json\/wp\/v2\/media\/4920"}],"wp:attachment":[{"href":"https:\/\/www.opinionpublica.tv\/portada\/wp-json\/wp\/v2\/media?parent=4921"}],"wp:term":[{"taxonomy":"category","embeddable":true,"href":"https:\/\/www.opinionpublica.tv\/portada\/wp-json\/wp\/v2\/categories?post=4921"},{"taxonomy":"post_tag","embeddable":true,"href":"https:\/\/www.opinionpublica.tv\/portada\/wp-json\/wp\/v2\/tags?post=4921"}],"curies":[{"name":"wp","href":"https:\/\/api.w.org\/{rel}","templated":true}]}}