{"id":49189,"date":"2024-12-13T00:01:00","date_gmt":"2024-12-13T07:01:00","guid":{"rendered":"https:\/\/www.opinionpublica.tv\/portada\/?p=49189"},"modified":"2024-12-12T14:28:40","modified_gmt":"2024-12-12T21:28:40","slug":"cien-anos-de-soledad-1ra-parte-detras-del-vestuario-netflix","status":"publish","type":"post","link":"https:\/\/www.opinionpublica.tv\/portada\/cien-anos-de-soledad-1ra-parte-detras-del-vestuario-netflix\/","title":{"rendered":"Video: Cien A\u00f1os de Soledad | Detr\u00e1s del Vestuario | Netflix"},"content":{"rendered":"\n<figure class=\"wp-block-embed is-type-video is-provider-youtube wp-block-embed-youtube wp-embed-aspect-16-9 wp-has-aspect-ratio\"><div class=\"wp-block-embed__wrapper\">\n<iframe title=\"Cien A\u00f1os de Soledad: Primera Parte | Detr\u00e1s del Vestuario | Netflix\" width=\"800\" height=\"450\" src=\"https:\/\/www.youtube.com\/embed\/1ETt-bAdr-w?feature=oembed\" frameborder=\"0\" allow=\"accelerometer; autoplay; clipboard-write; encrypted-media; gyroscope; picture-in-picture; web-share\" referrerpolicy=\"strict-origin-when-cross-origin\" allowfullscreen><\/iframe>\n<\/div><\/figure>\n\n\n\n<p class=\"wp-block-paragraph\">Un vistazo a la inspiraci\u00f3n, investigaci\u00f3n y realizaci\u00f3n del vestuario de Cien A\u00f1os de Soledad a cargo de Catherine Rodriguez.<a href=\"https:\/\/www.youtube.com\/@NetflixLATAM\"><\/a><\/p>\n","protected":false},"excerpt":{"rendered":"<p>Un vistazo a la inspiraci\u00f3n, investigaci\u00f3n y realizaci\u00f3n del vestuario de Cien A\u00f1os de Soledad a cargo de Catherine Rodriguez.<\/p>\n","protected":false},"author":6,"featured_media":49195,"comment_status":"open","ping_status":"open","sticky":false,"template":"","format":"standard","meta":{"_acf_changed":false,"_monsterinsights_skip_tracking":false,"slim_seo":{"title":"Video: Cien A\u00f1os de Soledad | Detr\u00e1s del Vestuario | Netflix - Opini\u00f3n P\u00fablica","description":"https:\/\/youtu.be\/1ETt-bAdr-w?si=iMIUN_poyB5cfr-C Un vistazo a la inspiraci\u00f3n, investigaci\u00f3n y realizaci\u00f3n del vestuario de Cien A\u00f1os de Soledad a cargo de Cathe"},"footnotes":""},"categories":[13,2,8],"tags":[],"class_list":["post-49189","post","type-post","status-publish","format-standard","has-post-thumbnail","hentry","category-videos-destacados-contenido","category-videos-destacados","category-videos"],"acf":[],"_links":{"self":[{"href":"https:\/\/www.opinionpublica.tv\/portada\/wp-json\/wp\/v2\/posts\/49189","targetHints":{"allow":["GET"]}}],"collection":[{"href":"https:\/\/www.opinionpublica.tv\/portada\/wp-json\/wp\/v2\/posts"}],"about":[{"href":"https:\/\/www.opinionpublica.tv\/portada\/wp-json\/wp\/v2\/types\/post"}],"author":[{"embeddable":true,"href":"https:\/\/www.opinionpublica.tv\/portada\/wp-json\/wp\/v2\/users\/6"}],"replies":[{"embeddable":true,"href":"https:\/\/www.opinionpublica.tv\/portada\/wp-json\/wp\/v2\/comments?post=49189"}],"version-history":[{"count":4,"href":"https:\/\/www.opinionpublica.tv\/portada\/wp-json\/wp\/v2\/posts\/49189\/revisions"}],"predecessor-version":[{"id":49196,"href":"https:\/\/www.opinionpublica.tv\/portada\/wp-json\/wp\/v2\/posts\/49189\/revisions\/49196"}],"wp:featuredmedia":[{"embeddable":true,"href":"https:\/\/www.opinionpublica.tv\/portada\/wp-json\/wp\/v2\/media\/49195"}],"wp:attachment":[{"href":"https:\/\/www.opinionpublica.tv\/portada\/wp-json\/wp\/v2\/media?parent=49189"}],"wp:term":[{"taxonomy":"category","embeddable":true,"href":"https:\/\/www.opinionpublica.tv\/portada\/wp-json\/wp\/v2\/categories?post=49189"},{"taxonomy":"post_tag","embeddable":true,"href":"https:\/\/www.opinionpublica.tv\/portada\/wp-json\/wp\/v2\/tags?post=49189"}],"curies":[{"name":"wp","href":"https:\/\/api.w.org\/{rel}","templated":true}]}}