{"id":49056,"date":"2024-12-11T00:01:00","date_gmt":"2024-12-11T07:01:00","guid":{"rendered":"https:\/\/www.opinionpublica.tv\/portada\/?p=49056"},"modified":"2024-12-10T23:03:12","modified_gmt":"2024-12-11T06:03:12","slug":"cuatro-formas-en-las-que-milei-cambio-a-argentina-en-un-ano-como-presidente-bbc-mundo","status":"publish","type":"post","link":"https:\/\/www.opinionpublica.tv\/portada\/cuatro-formas-en-las-que-milei-cambio-a-argentina-en-un-ano-como-presidente-bbc-mundo\/","title":{"rendered":"Video BBC: 4 formas en las que Milei cambi\u00f3 a Argentina en un a\u00f1o"},"content":{"rendered":"\n<p class=\"wp-block-paragraph\"><a href=\"https:\/\/www.youtube.com\/@BBCMundo\"><\/a><\/p>\n\n\n\n<figure class=\"wp-block-embed is-type-video is-provider-youtube wp-block-embed-youtube wp-embed-aspect-16-9 wp-has-aspect-ratio\"><div class=\"wp-block-embed__wrapper\">\n<iframe title=\"4 formas en las que Javier Milei cambi\u00f3 a Argentina en su primer a\u00f1o como presidente | BBC Mundo\" width=\"800\" height=\"450\" src=\"https:\/\/www.youtube.com\/embed\/km4kVZGLOAM?feature=oembed\" frameborder=\"0\" allow=\"accelerometer; autoplay; clipboard-write; encrypted-media; gyroscope; picture-in-picture; web-share\" referrerpolicy=\"strict-origin-when-cross-origin\" allowfullscreen><\/iframe>\n<\/div><\/figure>\n\n\n\n<p class=\"wp-block-paragraph\">El presidente argentino Javier Milei cumple un a\u00f1o en el poder, marcando hitos hist\u00f3ricos como el primer libertario en gobernar un pa\u00eds y el primer economista en asumir la presidencia de Argentina. Pero estos no son los \u00fanicos hitos que ha establecido. Milei asumi\u00f3 la presidencia con la promesa de sanear la econom\u00eda, lo que incluye una dr\u00e1stica reducci\u00f3n del tama\u00f1o del Estado. En solo un a\u00f1o, logr\u00f3 reducir la inflaci\u00f3n. A pesar de enfrentar la peor recesi\u00f3n de Am\u00e9rica Latina y un aumento de la pobreza, Milei mantiene un 56% de aprobaci\u00f3n, similar a los votos que obtuvo en la segunda vuelta.<\/p>\n\n\n\n<p class=\"wp-block-paragraph\">En este video, BBC Mundo analiza cuatro cosas in\u00e9ditas que ha implementado y que suponen un cambio radical para Argentina.<\/p>\n\n\n\n<p class=\"wp-block-paragraph\"><em>Cr\u00e9ditos: BBC Mundo<\/em>.<\/p>\n","protected":false},"excerpt":{"rendered":"<p>El presidente argentino Javier Milei cumple un a\u00f1o en el poder, marcando hitos hist\u00f3ricos como el primer libertario en gobernar un pa\u00eds y el primer economista en asumir la presidencia de Argentina. Pero estos no son los \u00fanicos hitos que ha establecido. Milei asumi\u00f3 la presidencia con la promesa de sanear la econom\u00eda, lo que [&hellip;]<\/p>\n","protected":false},"author":6,"featured_media":49064,"comment_status":"open","ping_status":"open","sticky":false,"template":"","format":"standard","meta":{"_acf_changed":false,"_monsterinsights_skip_tracking":false,"slim_seo":{"title":"Video BBC: 4 formas en las que Milei cambi\u00f3 a Argentina en un a\u00f1o - Opini\u00f3n P\u00fablica","description":"https:\/\/youtu.be\/km4kVZGLOAM?si=QmlxDH4yJPH-5N0x El presidente argentino Javier Milei cumple un a\u00f1o en el poder, marcando hitos hist\u00f3ricos como el primer libert"},"footnotes":""},"categories":[13,2,8],"tags":[],"class_list":["post-49056","post","type-post","status-publish","format-standard","has-post-thumbnail","hentry","category-videos-destacados-contenido","category-videos-destacados","category-videos"],"acf":[],"_links":{"self":[{"href":"https:\/\/www.opinionpublica.tv\/portada\/wp-json\/wp\/v2\/posts\/49056","targetHints":{"allow":["GET"]}}],"collection":[{"href":"https:\/\/www.opinionpublica.tv\/portada\/wp-json\/wp\/v2\/posts"}],"about":[{"href":"https:\/\/www.opinionpublica.tv\/portada\/wp-json\/wp\/v2\/types\/post"}],"author":[{"embeddable":true,"href":"https:\/\/www.opinionpublica.tv\/portada\/wp-json\/wp\/v2\/users\/6"}],"replies":[{"embeddable":true,"href":"https:\/\/www.opinionpublica.tv\/portada\/wp-json\/wp\/v2\/comments?post=49056"}],"version-history":[{"count":7,"href":"https:\/\/www.opinionpublica.tv\/portada\/wp-json\/wp\/v2\/posts\/49056\/revisions"}],"predecessor-version":[{"id":49063,"href":"https:\/\/www.opinionpublica.tv\/portada\/wp-json\/wp\/v2\/posts\/49056\/revisions\/49063"}],"wp:featuredmedia":[{"embeddable":true,"href":"https:\/\/www.opinionpublica.tv\/portada\/wp-json\/wp\/v2\/media\/49064"}],"wp:attachment":[{"href":"https:\/\/www.opinionpublica.tv\/portada\/wp-json\/wp\/v2\/media?parent=49056"}],"wp:term":[{"taxonomy":"category","embeddable":true,"href":"https:\/\/www.opinionpublica.tv\/portada\/wp-json\/wp\/v2\/categories?post=49056"},{"taxonomy":"post_tag","embeddable":true,"href":"https:\/\/www.opinionpublica.tv\/portada\/wp-json\/wp\/v2\/tags?post=49056"}],"curies":[{"name":"wp","href":"https:\/\/api.w.org\/{rel}","templated":true}]}}