{"id":49000,"date":"2024-12-10T07:14:51","date_gmt":"2024-12-10T14:14:51","guid":{"rendered":"https:\/\/www.opinionpublica.tv\/portada\/?p=49000"},"modified":"2024-12-10T07:17:31","modified_gmt":"2024-12-10T14:17:31","slug":"presupuesto-de-egresos-de-la-federacion-2025-reasigna-mas-de-40-mil-mdp-ine-y-poder-judicial-los-mas-afectados","status":"publish","type":"post","link":"https:\/\/www.opinionpublica.tv\/portada\/presupuesto-de-egresos-de-la-federacion-2025-reasigna-mas-de-40-mil-mdp-ine-y-poder-judicial-los-mas-afectados\/","title":{"rendered":"Presupuesto de Egresos 2025 reasigna m\u00e1s de 40 mil millones de pesos; INE y Poder Judicial entre los m\u00e1s afectados"},"content":{"rendered":"\n<figure class=\"wp-block-image size-full\"><img fetchpriority=\"high\" decoding=\"async\" width=\"1100\" height=\"666\" src=\"https:\/\/www.opinionpublica.tv\/portada\/wp-content\/uploads\/2024\/12\/Presupuesto-de-Egresos-2025-reasigna-mas-de-40-mil-millones-de-pesos-INE-y-Poder-Judicial-entre-los-mas-afectados.avif\" alt=\"Presupuesto De Egresos 2025 Reasigna Ma\u0301s De 40 Mil Millones De Pesos; Ine Y Poder Judicial Entre Los Ma\u0301s Afectados\" class=\"wp-image-49007\"\/><\/figure>\n\n\n\n<p class=\"wp-block-paragraph\"><em>Ciudad de M\u00e9xico<\/em>.- El proyecto de Presupuesto de Egresos de la Federaci\u00f3n (PEF) para el a\u00f1o 2025, ya fue circulado, propone reasignaciones por casi m\u00e1s de 40 mil millones de pesos, de los cuales 28 mil ser\u00e1n recortados al Poder Judicial y al Instituto Nacional Electoral (INE).<\/p>\n\n\n\n<p class=\"wp-block-paragraph\">Los recursos para el Poder Judicial se reducen en 14 mil 042.2 millones de pesos, por lo que se los 84 mil millones de pesos que solicitaron, tendr\u00e1n solo 70 mil 983.6 millones.<\/p>\n\n\n\n<p class=\"wp-block-paragraph\">Dichas reducciones implican una disminuci\u00f3n de 714.4 millones de pesos para la Suprema Corte de Justicia de la Naci\u00f3n, 13 mil 117.2 millones de pesos para el Consejo de la Judicatura Federal y 210.6 millones de pesos al Tribunal Electoral del Poder Judicial de la Federaci\u00f3n.<\/p>\n\n\n\n<p class=\"wp-block-paragraph\">De esta manera, el INE tendr\u00e1 una reducci\u00f3n de 13 mil 476 millones de pesos para pasar de 40 mil 476.1 millones que solicitaron, a quedar con 27 mil millones de pesos.<\/p>\n\n\n\n<p class=\"wp-block-paragraph\">Con esos recursos deber\u00e1 llevar a cabo sus funciones ordinarias, adem\u00e1s de la elecci\u00f3n para renovar el poder judicial.<\/p>\n\n\n\n<p class=\"wp-block-paragraph\">Al respecto, el proyecto se\u00f1ala que \u201cla presupuestaci\u00f3n de este proceso se bas\u00f3 en estimaciones y no en cifras reales, debido a que no existe en M\u00e9xico un precedente como este. En este tenor, la elecci\u00f3n extraordinaria que se llevar\u00e1 a cabo en 2025, representa \u00fanicamente el 7% de candidaturas a elecci\u00f3n en comparaci\u00f3n con la que se realiz\u00f3 en 2024\u201d.<\/p>\n\n\n\n<p class=\"wp-block-paragraph\">Para la COFECE se propone una disminuci\u00f3n de 488 millones de pesos, para quedar en un presupuesto de 199.9 millones de pesos; para el IFT una reducci\u00f3n de 1 mil 180 millones de pesos y al INAI una reducci\u00f3n de 494 millones de pesos.<\/p>\n\n\n\n<p class=\"wp-block-paragraph\">Al Poder Legislativo le reducir\u00e1n los recursos en poco m\u00e1s de mil millones de pesos, se los cuales, 540.5 millones corresponden a reducciones en la C\u00e1mara de Diputados, 123.9 millones de pesos a la C\u00e1mara de Senadores, y 416.6 millones a la Auditor\u00eda Superior de la Federaci\u00f3n.<\/p>\n\n\n\n<p class=\"wp-block-paragraph\">Al interior del Gobierno Federal se prev\u00e9 una reducci\u00f3n al Ramo 02 Oficina de la Presidencia por 44.1 millones de pesos; otra al Ramo 04 Gobernaci\u00f3n por 1 mil 126.9 millones de pesos; al Ramo 09 Infraestructura, Comunicaciones y Transportes por 4 mil 007.9 millones de pesos; a la Financiera para el Bienestar por 1 mil 106.3 millones de pesos; al Servicio Postal Mexicano por 2 mil 687.8 millones de pesos; al Organismo Promotor de Inversiones en Telecomunicaciones por 143.8 millones de pesos; un recorte por 69.9 millones de pesos a la Agencia Espacial Mexicana; al Ramo 10 Econom\u00eda una reducci\u00f3n en la Comisi\u00f3n de Mejora Regulatoria por 64.4 millones de pesos; y por \u00faltimo, una reducci\u00f3n al Instituto Nacional de las Mujeres (antes Secretar\u00eda de las Mujeres) por 966.6 millones de pesos.<\/p>\n\n\n\n<p class=\"wp-block-paragraph\">Adem\u00e1s, se plantea una reducci\u00f3n al Ramo General 23 \u201cProvisiones Salariales y Econ\u00f3micas\u201d de 5 mil 675 millones de pesos.<\/p>\n\n\n\n<p class=\"wp-block-paragraph\">Resignaciones presupuestales<\/p>\n\n\n\n<p class=\"wp-block-paragraph\">Con los recortes se proponen adecuaciones en los presupuestos de las Universidades mismo que asciende a un monto total de 14 mil 984 millones de pesos, de los cu\u00e1les 125.7 millones de pesos son para la Universidad Pedag\u00f3gica Nacional, la Universidad Aut\u00f3noma Metropolita tendr\u00e1 un aumento de 1 mil 668.8 millones de pesos, la Universidad Nacional Aut\u00f3noma de M\u00e9xico de 7 mil 124.7 millones de pesos, el Instituto Polit\u00e9cnico Nacional de 2 mil 938.3 millones de pesos, entre otras.<\/p>\n\n\n\n<p class=\"wp-block-paragraph\">En materia de infraestructura de Caminos Rurales, se ampliar\u00e1n recursos al Ramo 9 Infraestructura, Comunicaciones y Transportes, por 10 mil 720.4 millones de pesos, \u201ccon el objetivo de que se brinde atenci\u00f3n a la construcci\u00f3n, modernizaci\u00f3n, conservaci\u00f3n, reconstrucci\u00f3n y la realizaci\u00f3n de estudios t\u00e9cnicos para dar continuidad al programa mejora en la conectividad municipal a trav\u00e9s de caminos rurales y carreteras alimentadoras\u00bb.<\/p>\n\n\n\n<p class=\"wp-block-paragraph\">La Secretar\u00eda de Cultura, tendr\u00e1 un incremento de 3 mil millones de pesos; tambi\u00e9n se propone una ampliaci\u00f3n al Ramo 08 Agricultura y Desarrollo Rural por 898.5 millones de pesos; as\u00ed como una ampliaci\u00f3n de 6 mil 292.8 millones de pesos al Ramo 07 Defensa Nacional, en su mayor\u00eda para fortalecer el programa de la \u201cSEDENA en Apoyo a la Seguridad P\u00fablica\u201d.<\/p>\n\n\n\n<p class=\"wp-block-paragraph\">Finalmente, se considera una reasignaci\u00f3n presupuestal para el nuevo Ramo 54 Mujeres por 2 mil 093.5 millones de pesos; se proyectan reasignar 3 mil 010.1 millones de pesos para el nuevo Ramo 55 Agencia de Transformaci\u00f3n Digital y Telecomunicaciones; as\u00ed como reasignar 1 mil 106.3 millones de pesos para la resectorizaci\u00f3n de la Financiera para el Bienestar al Ramo 06 Hacienda y Cr\u00e9dito P\u00fablico.<\/p>\n\n\n\n<p class=\"wp-block-paragraph\"><em>Con informaci\u00f3n de El Universal<\/em>.<\/p>\n","protected":false},"excerpt":{"rendered":"<p>Ciudad de M\u00e9xico.- El proyecto de Presupuesto de Egresos de la Federaci\u00f3n (PEF) para el a\u00f1o 2025, ya fue circulado, propone reasignaciones por casi m\u00e1s de 40 mil millones de pesos, de los cuales 28 mil ser\u00e1n recortados al Poder Judicial y al Instituto Nacional Electoral (INE). Los recursos para el Poder Judicial se reducen [&hellip;]<\/p>\n","protected":false},"author":6,"featured_media":49007,"comment_status":"open","ping_status":"open","sticky":false,"template":"","format":"standard","meta":{"_acf_changed":false,"_monsterinsights_skip_tracking":false,"slim_seo":{"title":"Presupuesto de Egresos 2025 reasigna m\u00e1s de 40 mil millones de pesos; INE y Poder Judicial entre los m\u00e1s afectados - Opini\u00f3n P\u00fablica","description":"Ciudad de M\u00e9xico .- El proyecto de Presupuesto de Egresos de la Federaci\u00f3n (PEF) para el a\u00f1o 2025, ya fue circulado, propone reasignaciones por casi m\u00e1s de 40 m"},"footnotes":""},"categories":[3],"tags":[],"class_list":["post-49000","post","type-post","status-publish","format-standard","has-post-thumbnail","hentry","category-principal"],"acf":[],"_links":{"self":[{"href":"https:\/\/www.opinionpublica.tv\/portada\/wp-json\/wp\/v2\/posts\/49000","targetHints":{"allow":["GET"]}}],"collection":[{"href":"https:\/\/www.opinionpublica.tv\/portada\/wp-json\/wp\/v2\/posts"}],"about":[{"href":"https:\/\/www.opinionpublica.tv\/portada\/wp-json\/wp\/v2\/types\/post"}],"author":[{"embeddable":true,"href":"https:\/\/www.opinionpublica.tv\/portada\/wp-json\/wp\/v2\/users\/6"}],"replies":[{"embeddable":true,"href":"https:\/\/www.opinionpublica.tv\/portada\/wp-json\/wp\/v2\/comments?post=49000"}],"version-history":[{"count":6,"href":"https:\/\/www.opinionpublica.tv\/portada\/wp-json\/wp\/v2\/posts\/49000\/revisions"}],"predecessor-version":[{"id":49008,"href":"https:\/\/www.opinionpublica.tv\/portada\/wp-json\/wp\/v2\/posts\/49000\/revisions\/49008"}],"wp:featuredmedia":[{"embeddable":true,"href":"https:\/\/www.opinionpublica.tv\/portada\/wp-json\/wp\/v2\/media\/49007"}],"wp:attachment":[{"href":"https:\/\/www.opinionpublica.tv\/portada\/wp-json\/wp\/v2\/media?parent=49000"}],"wp:term":[{"taxonomy":"category","embeddable":true,"href":"https:\/\/www.opinionpublica.tv\/portada\/wp-json\/wp\/v2\/categories?post=49000"},{"taxonomy":"post_tag","embeddable":true,"href":"https:\/\/www.opinionpublica.tv\/portada\/wp-json\/wp\/v2\/tags?post=49000"}],"curies":[{"name":"wp","href":"https:\/\/api.w.org\/{rel}","templated":true}]}}