{"id":48936,"date":"2024-12-09T00:01:00","date_gmt":"2024-12-09T07:01:00","guid":{"rendered":"https:\/\/www.opinionpublica.tv\/portada\/?p=48936"},"modified":"2024-12-08T14:47:59","modified_gmt":"2024-12-08T21:47:59","slug":"reitera-donald-trump-que-deportara-a-familias-completas-para-no-separar-hijos-de-sus-padre","status":"publish","type":"post","link":"https:\/\/www.opinionpublica.tv\/portada\/reitera-donald-trump-que-deportara-a-familias-completas-para-no-separar-hijos-de-sus-padre\/","title":{"rendered":"Reitera Trump que deportar\u00e1 a familias completas y no separar hijos de padres"},"content":{"rendered":"\n<figure class=\"wp-block-image size-full\"><img fetchpriority=\"high\" decoding=\"async\" width=\"1600\" height=\"900\" src=\"https:\/\/www.opinionpublica.tv\/portada\/wp-content\/uploads\/2024\/12\/Reitera-Trump-que-deportara-a-familias-completas-y-no-separar-hijos-de-padres.avif\" alt=\"Reitera Trump Que Deportara\u0301 A Familias Completas Y No Separar Hijos De Padres\" class=\"wp-image-48940\"\/><\/figure>\n\n\n\n<p class=\"wp-block-paragraph\"><em>Nueva York, EU<\/em>.- El presidente electo de Estados Unidos, Donald Trump, sugiri\u00f3 durante una entrevista la posibilidad de deportar a familias completas para no incurrir en la pr\u00e1ctica de separaci\u00f3n, fuertemente criticada durante su gesti\u00f3n pasada.<\/p>\n\n\n\n<p class=\"wp-block-paragraph\">Cuestionado sobre las familias de estatus migratorio mixto en una entrevista con NBC News, el futuro Mandatario replic\u00f3 propuestas de su Zar fronterizo Tom Homan.<\/p>\n\n\n\n<p class=\"wp-block-paragraph\">\u00abNo quiero separar a las familias, as\u00ed que la \u00fanica manera de no separar a la familia es mantenerlos juntos y tener que enviarlos de regreso\u00bb, declar\u00f3.<\/p>\n\n\n\n<p class=\"wp-block-paragraph\">Trump mencion\u00f3 repetidamente sus promesas de sellar la frontera entre Estados Unidos y M\u00e9xico y deportar a millones de personas que se encuentran ilegalmente en Estados Unidos a trav\u00e9s de un programa de deportaci\u00f3n masiva.<\/p>\n\n\n\n<p class=\"wp-block-paragraph\">\u00abCreo que tienes que hacerlo\u00bb, dijo.<\/p>\n\n\n\n<p class=\"wp-block-paragraph\">Sugiri\u00f3 que intentar\u00eda usar la acci\u00f3n ejecutiva para terminar con la ciudadan\u00eda por derecho de nacimiento, bajo la cual las personas nacidas en Estados Unidos son consideradas ciudadanos, aunque tales protecciones est\u00e1n detalladas en la Constituci\u00f3n.<\/p>\n\n\n\n<p class=\"wp-block-paragraph\">Cuando se le pregunt\u00f3 espec\u00edficamente sobre el futuro de las personas que fueron tra\u00eddas al pa\u00eds ilegalmente cuando eran ni\u00f1os y que han estado protegidas de la deportaci\u00f3n en los \u00faltimos a\u00f1os, Trump dijo: \u00abQuiero resolver algo\u00bb, indicando que podr\u00eda buscar una soluci\u00f3n con el Congreso.<\/p>\n\n\n\n<p class=\"wp-block-paragraph\">\u00abDevolveremos a toda la familia, con toda la humanidad, al pa\u00eds de donde vinieron. De esa manera, la familia no se separar\u00e1\u00bb, expres\u00f3.<\/p>\n\n\n\n<p class=\"wp-block-paragraph\">&#8216;Aranceles son hermosos&#8217;<\/p>\n\n\n\n<p class=\"wp-block-paragraph\">Por otra parte, Donald Trump dijo tambi\u00e9n que su pa\u00eds no deber\u00eda \u00absubsidiar\u00bb a M\u00e9xico y que conf\u00eda en sus amenazas de instaurar aranceles a productos de importaci\u00f3n.<\/p>\n\n\n\n<p class=\"wp-block-paragraph\">El futuro Mandatario dijo que no pod\u00eda garantizar que los precios al consumidor se mantengan estables si implementa aranceles comerciales, pero que conf\u00eda en el papel que juegan los aranceles en su propuesta econ\u00f3mica.<\/p>\n\n\n\n<p class=\"wp-block-paragraph\">\u00abCreo que los aranceles son la palabra m\u00e1s hermosa. Creo que son hermosos. Nos har\u00e1n ricos\u00bb, expres\u00f3.<\/p>\n\n\n\n<p class=\"wp-block-paragraph\">\u00abEstamos subsidiando a M\u00e9xico por casi 300 mil millones de d\u00f3lares. No deber\u00edamos&#8230; \u00bfPor qu\u00e9 subsidiamos a estos pa\u00edses? Si vamos a hacerlo que se conviertan en un estado. Estamos subsidiando a M\u00e9xico, a Canad\u00e1 y a muchos pa\u00edses de todo el mundo. Y lo \u00fanico que quiero es tener un campo de juego parejo, r\u00e1pido, pero justo\u00bb.<\/p>\n\n\n\n<p class=\"wp-block-paragraph\">El republicano volver\u00e1 a la Casa Blanca el pr\u00f3ximo 20 de enero y ha amenazado con aranceles si M\u00e9xico no atiende la crisis migratoria en la frontera con EU.<\/p>\n\n\n\n<p class=\"wp-block-paragraph\">Durante la entrevista fue cuestionado sobre si estos aranceles afectar\u00edan a los consumidores estadounidenses, ante lo que Trump sostuvo que no ser\u00eda as\u00ed.<\/p>\n\n\n\n<p class=\"wp-block-paragraph\">\u00abNo puedo garantizar nada. No puedo garantizar el ma\u00f1ana\u00bb, dijo Trump, aparentemente abriendo la puerta a la aceptaci\u00f3n de la realidad de c\u00f3mo funcionan normalmente los grav\u00e1menes a las importaciones cuando los bienes llegan al mercado minorista.<\/p>\n\n\n\n<p class=\"wp-block-paragraph\">Este es un enfoque diferente de los discursos t\u00edpicos de Trump a lo largo de la campa\u00f1a de 2024, cuando present\u00f3 su elecci\u00f3n como una forma segura de frenar la inflaci\u00f3n.<\/p>\n\n\n\n<p class=\"wp-block-paragraph\"><em>Con informaci\u00f3n de Grupo Reforma<\/em>.<\/p>\n","protected":false},"excerpt":{"rendered":"<p>Nueva York, EU.- El presidente electo de Estados Unidos, Donald Trump, sugiri\u00f3 durante una entrevista la posibilidad de deportar a familias completas para no incurrir en la pr\u00e1ctica de separaci\u00f3n, fuertemente criticada durante su gesti\u00f3n pasada. Cuestionado sobre las familias de estatus migratorio mixto en una entrevista con NBC News, el futuro Mandatario replic\u00f3 propuestas [&hellip;]<\/p>\n","protected":false},"author":6,"featured_media":48940,"comment_status":"open","ping_status":"open","sticky":false,"template":"","format":"standard","meta":{"_acf_changed":false,"_monsterinsights_skip_tracking":false,"slim_seo":{"title":"Reitera Trump que deportar\u00e1 a familias completas y no separar hijos de padres - Opini\u00f3n P\u00fablica","description":"Nueva York, EU .- El presidente electo de Estados Unidos, Donald Trump, sugiri\u00f3 durante una entrevista la posibilidad de deportar a familias completas para no i"},"footnotes":""},"categories":[3],"tags":[],"class_list":["post-48936","post","type-post","status-publish","format-standard","has-post-thumbnail","hentry","category-principal"],"acf":[],"_links":{"self":[{"href":"https:\/\/www.opinionpublica.tv\/portada\/wp-json\/wp\/v2\/posts\/48936","targetHints":{"allow":["GET"]}}],"collection":[{"href":"https:\/\/www.opinionpublica.tv\/portada\/wp-json\/wp\/v2\/posts"}],"about":[{"href":"https:\/\/www.opinionpublica.tv\/portada\/wp-json\/wp\/v2\/types\/post"}],"author":[{"embeddable":true,"href":"https:\/\/www.opinionpublica.tv\/portada\/wp-json\/wp\/v2\/users\/6"}],"replies":[{"embeddable":true,"href":"https:\/\/www.opinionpublica.tv\/portada\/wp-json\/wp\/v2\/comments?post=48936"}],"version-history":[{"count":4,"href":"https:\/\/www.opinionpublica.tv\/portada\/wp-json\/wp\/v2\/posts\/48936\/revisions"}],"predecessor-version":[{"id":48941,"href":"https:\/\/www.opinionpublica.tv\/portada\/wp-json\/wp\/v2\/posts\/48936\/revisions\/48941"}],"wp:featuredmedia":[{"embeddable":true,"href":"https:\/\/www.opinionpublica.tv\/portada\/wp-json\/wp\/v2\/media\/48940"}],"wp:attachment":[{"href":"https:\/\/www.opinionpublica.tv\/portada\/wp-json\/wp\/v2\/media?parent=48936"}],"wp:term":[{"taxonomy":"category","embeddable":true,"href":"https:\/\/www.opinionpublica.tv\/portada\/wp-json\/wp\/v2\/categories?post=48936"},{"taxonomy":"post_tag","embeddable":true,"href":"https:\/\/www.opinionpublica.tv\/portada\/wp-json\/wp\/v2\/tags?post=48936"}],"curies":[{"name":"wp","href":"https:\/\/api.w.org\/{rel}","templated":true}]}}