{"id":4892,"date":"2016-09-25T06:00:00","date_gmt":"2016-09-25T04:00:00","guid":{"rendered":"https:\/\/www.opinionpublica.tv\/portada\/2016\/09\/25\/javier-corral-entre-alianzas-y-uniones\/"},"modified":"2016-09-25T06:00:00","modified_gmt":"2016-09-25T04:00:00","slug":"javier-corral-entre-alianzas-y-uniones","status":"publish","type":"post","link":"https:\/\/www.opinionpublica.tv\/portada\/javier-corral-entre-alianzas-y-uniones\/","title":{"rendered":"Javier Corral, entre Alianzas y Uniones\u2026"},"content":{"rendered":"<p style=\"text-align: justify;\">Parecen en ocasiones empalmarse las denominaciones y los personajes que las componen, sus objetivos en buena medida coincidieron en el acompa\u00f1amiento a la candidatura de Javier Corral Jurado con la ruta finalmente exitosa a la Gubernatura del estado de Chihuahua.<\/p>\n<p><!--more--><\/p>\n<p style=\"text-align: justify;\"><em>Uni\u00f3n Ciudadana<\/em> es presidida por Jaime Garc\u00eda Ch\u00e1vez, el reconocido abogado militante consistente en a\u00f1os y razones en las causas populares de izquierdas, <em>Alianza Ciudadana<\/em> es a su vez dirigida en buena medida por V\u00edctor Quintana Silveyra, tambi\u00e9n l\u00edder de causas sociales y pol\u00edticas en las luchas de agricultores y campesinos en el estado, formado como acad\u00e9mico e intelectual, congruente en sus posiciones ideol\u00f3gicas hasta el punto de rupturas importantes, como la que realiz\u00f3 con el famoso Peje AMLO.<\/p>\n<p style=\"text-align: justify;\">Ambos personajes vitales para lo que ya viene denomin\u00e1ndose como \u201cCorralismo\u201d, remiti\u00e9ndose por supuesto a lo que sin duda ser\u00e1 una manera de ser, pensar y actuar durante el pr\u00f3ximo quinquenio estatal al frente del poder pol\u00edtico en el estado de Chihuahua.<\/p>\n<p style=\"text-align: justify;\">Uni\u00f3n Ciudadana ha sido pieza clave en el cuestionamiento al feneciente r\u00e9gimen duartista, ah\u00ed se forj\u00f3 la denuncia penal en contra de la corrupci\u00f3n de C\u00e9sar Duarte J\u00e1quez, saliente gobernador; al respecto, poderoso personaje ejecutivo de TV Azteca en M\u00e9xico, en el espacio de sus amplias oficinas en la misma Ciudad de M\u00e9xico, impecablemente vestido por un traje fino gris a rayas azules tenues y luciendo una no menos fina corbata brillante y sedosa color azul intenso, argumenta respecto al tema de la corrupci\u00f3n del a\u00fan gobernador de Chihuahua, <em>\u201c\u2026la presencia reciente de C\u00e9sar Duarte en la PGR se dio por una rega\u00f1ada que le dieron a su Padrino Emilio Gamboa Patr\u00f3n, llamando la atenci\u00f3n por la secuela de situaciones escandalosas de malos manejos que de lo p\u00fablico viene acumulando el c\u00ednico personaje chihuahuense\u2026\u201d<\/em><\/p>\n<p style=\"text-align: justify;\"><em>\u201c\u2026La carpeta de investigaci\u00f3n que puntualmente detalla las maniobras corruptas de Duarte J\u00e1quez, est\u00e1 muy bien guardada pero totalmente a la mano de Miguel Angel Osorio Chong, el Secretario de Gobernaci\u00f3n, a Duarte no se le ha \u201climpiado\u201d nada de lo contenido en esa carpeta, as\u00ed que se podr\u00e1 proceder en su contra, en el momento que la voluntad pol\u00edtica de \u201carriba\u201d as\u00ed lo determine\u2026\u201d<\/em><\/p>\n<p style=\"text-align: justify;\">As\u00ed de importante es lo construido legalmente por Uni\u00f3n Ciudadana, pilar indiscutible de lo que ser\u00e1 ineluctablemente el oscuro futuro de C\u00e9sar Duarte, por eso mismo, los acontecimientos funestos de la llamada \u201cToma de Palacio\u201d de Chihuahua, en la cual se dieron extra\u00f1os hechos de provocaci\u00f3n y vandalismo, impactaron negativamente en la imagen p\u00fablica que este organismo civil ven\u00eda construyendo de manera n\u00edtida y valiosa.<\/p>\n<p style=\"text-align: justify;\">El mismo Garc\u00eda Ch\u00e1vez se vio en la necesidad de explicitar p\u00fablicamente lo acontecido para controlar los da\u00f1os y reafirmar el car\u00e1cter civilizador y no an\u00e1rquico del organismo del cual es el indudable l\u00edder. Uni\u00f3n Ciudadana es el factor que moviliza \u201cla calle\u201d para lo que ser\u00e1 el r\u00e9gimen Corralista, as\u00ed surgi\u00f3, sustentado por supuesto en el proceso de apelaci\u00f3n a las instituciones y a la ley para demandar el inaplazable cambio social en Chihuahua.<\/p>\n<p style=\"text-align: justify;\">Alianza Ciudadana se percibe como un tejido de organizaciones y personajes tanto de car\u00e1cter estatal como nacional, compuesta por agrupaciones urbanas y rurales de la sociedad civil, pero tambi\u00e9n integrada por acad\u00e9micos, comunicadores e intelectuales con \u00e1mbito de prestigio nacional e internacional incluso. V\u00edctor Quintana Silveyra, seguro pr\u00f3ximo integrante del gabinete de Javier Corral, es la figura m\u00e1s visible del referido movimiento, perceptible tambi\u00e9n como orador de la famosa \u201cToma de Palacio\u201d, en su momento, al lado del mismo Garc\u00eda Ch\u00e1vez.<\/p>\n<p style=\"text-align: justify;\">Intelectual y analista pol\u00edtico en diversos medios, congruente en militancia en causas de izquierdas, se legitim\u00f3 de manera creciente con la acertada decisi\u00f3n de romper de manera inteligente con AMLO en su precisa y justa valoraci\u00f3n de apoyar lo que representaba la candidatura de Javier Corral para la gubernatura de Chihuahua. Alianza Ciudadana acaba de asumir la \u201cpaternidad\u201d estrat\u00e9gica de la \u201cToma del Congreso\u201d para impedir la aprobaci\u00f3n de la creaci\u00f3n del Consejo de la Judicatura estatal que el frenes\u00ed angustiado de C\u00e9sar Duarte proyecta en su \u00e1nimo de impunidad y de obstaculizaci\u00f3n de lo que viene con la administraci\u00f3n de Corral, inminente por cierto.<\/p>\n<p style=\"text-align: justify;\">Al parecer la mencionada \u201cToma\u201d sali\u00f3 bien, fue efectiva en su objetivo de no permitir la agenda duartista de salida y el nuevo y \u00faltimo oprobio de la manipulaci\u00f3n de una legislatura estatal infumable, para el olvido, sin embargo, se har\u00e1 una nueva intentona por darle a Duarte su satisfacci\u00f3n, los riesgos evidentes flotan en el enrarecido aire pol\u00edtico chihuahuense.<\/p>\n<p style=\"text-align: justify;\">Movilizadores reconocidos ambos, Garc\u00eda Ch\u00e1vez y Quintana Silveyra, parecieron entrar en la peligrosa coyunturalmente hablando disputa de opini\u00f3n p\u00fablica, en la cual dirimen paternidades y posiciones en cuanto al tema de las \u201cTomas\u201d de Palacio y Congreso, en el escenario de ponderar inteligencia estrat\u00e9gica y t\u00e1ctica para enfrentar a los \u00faltimos coletazos del agonizante duartismo. Indeseable que esto vaya a generar alg\u00fan tipo de fractura en este momento al interior de la columna vertebral del equipo Corralista, m\u00e1s a\u00fan despu\u00e9s de darse esa especie de \u201cborr\u00f3n\u201d panista que represent\u00f3 la despedida de su anterior coordinador en jefe del grupo de transici\u00f3n, Francisco Barrio.<\/p>\n<p style=\"text-align: justify;\">A derecha e izquierda, el grupo gobernante pr\u00f3ximo necesita indudablemente fortalecerse para equilibrarse, no para radicalizarse, menos para diluirse y dar la impresi\u00f3n a la percepci\u00f3n p\u00fablica de acrecentar prematuramente la soledad del pr\u00f3ximo \u201chombre de palacio\u201d.<\/p>\n<p style=\"text-align: justify;\">Tanto Uni\u00f3n Ciudadana como Alianza Ciudadana, representan movimientos democr\u00e1ticos fundamentales para enfrentar el enorme desaf\u00edo de gobernar a Chihuahua, sobre todo despu\u00e9s del efecto depredador voraz, corruptor del duartismo. Por cierto en contexto relativo y al respecto, nuestro personaje de Grupo Salinas en TV Azteca, al despedirse refiri\u00f3 con precisi\u00f3n<em>:<\/em><\/p>\n<p style=\"text-align: justify;\"><em>\u201c\u2026Al parecer la idea es proceder por zonas en contra de los corruptos gobernadores, EPN necesita con urgencia un respiro legitimador, adem\u00e1s si decidi\u00f3 despachar a su amigo, maestro y c\u00f3mplice presidenciable, Luis Videgaray, \u00bfpor qu\u00e9 no lo har\u00e1 con los Duarte y Borge?\u2026\u201d<\/em><\/p>\n<p style=\"text-align: justify;\">Todo esto dicho a media voz, como es necesario hacerlo en un espacio impresionante de inteligencia estrat\u00e9gica y de un inmenso poder de expansi\u00f3n y generaci\u00f3n de mensajes, hoy, el n\u00facleo del Poder mismo.<\/p>\n","protected":false},"excerpt":{"rendered":"<p>Parecen en ocasiones empalmarse las denominaciones y los personajes que las componen, sus objetivos en buena medida coincidieron en el acompa\u00f1amiento a la candidatura de Javier Corral Jurado con la ruta finalmente exitosa a la Gubernatura del estado de Chihuahua.<\/p>\n","protected":false},"author":5,"featured_media":0,"comment_status":"open","ping_status":"open","sticky":false,"template":"","format":"standard","meta":{"_acf_changed":false,"_monsterinsights_skip_tracking":false,"slim_seo":{"title":"Javier Corral, entre Alianzas y Uniones\u2026 - Opini\u00f3n P\u00fablica","description":"Parecen en ocasiones empalmarse las denominaciones y los personajes que las componen, sus objetivos en buena medida coincidieron en el acompa\u00f1amiento a la candi"},"footnotes":""},"categories":[29],"tags":[],"class_list":["post-4892","post","type-post","status-publish","format-standard","hentry","category-voces-libres"],"acf":[],"_links":{"self":[{"href":"https:\/\/www.opinionpublica.tv\/portada\/wp-json\/wp\/v2\/posts\/4892","targetHints":{"allow":["GET"]}}],"collection":[{"href":"https:\/\/www.opinionpublica.tv\/portada\/wp-json\/wp\/v2\/posts"}],"about":[{"href":"https:\/\/www.opinionpublica.tv\/portada\/wp-json\/wp\/v2\/types\/post"}],"author":[{"embeddable":true,"href":"https:\/\/www.opinionpublica.tv\/portada\/wp-json\/wp\/v2\/users\/5"}],"replies":[{"embeddable":true,"href":"https:\/\/www.opinionpublica.tv\/portada\/wp-json\/wp\/v2\/comments?post=4892"}],"version-history":[{"count":0,"href":"https:\/\/www.opinionpublica.tv\/portada\/wp-json\/wp\/v2\/posts\/4892\/revisions"}],"wp:attachment":[{"href":"https:\/\/www.opinionpublica.tv\/portada\/wp-json\/wp\/v2\/media?parent=4892"}],"wp:term":[{"taxonomy":"category","embeddable":true,"href":"https:\/\/www.opinionpublica.tv\/portada\/wp-json\/wp\/v2\/categories?post=4892"},{"taxonomy":"post_tag","embeddable":true,"href":"https:\/\/www.opinionpublica.tv\/portada\/wp-json\/wp\/v2\/tags?post=4892"}],"curies":[{"name":"wp","href":"https:\/\/api.w.org\/{rel}","templated":true}]}}