{"id":48909,"date":"2024-12-08T00:01:00","date_gmt":"2024-12-08T07:01:00","guid":{"rendered":"https:\/\/www.opinionpublica.tv\/portada\/?p=48909"},"modified":"2024-12-07T18:57:54","modified_gmt":"2024-12-08T01:57:54","slug":"financial-times-elige-a-claudia-sheinbaum-entre-las-25-mujeres-mas-influyentes-del-2024","status":"publish","type":"post","link":"https:\/\/www.opinionpublica.tv\/portada\/financial-times-elige-a-claudia-sheinbaum-entre-las-25-mujeres-mas-influyentes-del-2024\/","title":{"rendered":"Sheinbaum entre las 25 mujeres m\u00e1s influyentes de 2024 del Financial Times"},"content":{"rendered":"\n<figure class=\"wp-block-image size-full\"><img fetchpriority=\"high\" decoding=\"async\" width=\"1440\" height=\"960\" src=\"https:\/\/www.opinionpublica.tv\/portada\/wp-content\/uploads\/2024\/12\/Sheinbaum-entre-las-25-mujeres-mas-influyentes-de-2024-del-Financial-Times.avif\" alt=\"Sheinbaum Entre Las 25 Mujeres Ma\u0301s Influyentes De 2024 Del Financial Times\" class=\"wp-image-48917\"\/><\/figure>\n\n\n\n<p class=\"wp-block-paragraph\">La presidenta de M\u00e9xico, Claudia Sheinbaum Pardo, figura en la lista de las \u201825 mujeres m\u00e1s influyentes de 2024\u00b4 que divulga la revista de fin de semana del Financial Times (FT).<\/p>\n\n\n\n<p class=\"wp-block-paragraph\">La directora del FT, Roula Khalaf, indica que \u201cla influencia se ejerce de muchas maneras, mediante actos pol\u00edticos, haza\u00f1as creativas, descubrimientos tecnol\u00f3gicos y desarrollo comunitario\u201d y recuerda que \u201ccualquiera sea su forma, se define por lo que logra, cambiando el mundo en el que vivimos\u201d.<\/p>\n\n\n\n<p class=\"wp-block-paragraph\">\u201cEste a\u00f1o celebramos a mujeres que han rehecho el mundo en el que vivimos hoy, desde la comisaria de competencia para Europa Margrethe Vestager, cuya d\u00e9cada modelando la conversaci\u00f3n sobre competencia justa en mercados digitales llega a una conclusi\u00f3n este a\u00f1o con dos sentencias hist\u00f3ricas; hasta el fen\u00f3meno que es Taylor Swift, que ha revolucionado una industria con la gira que m\u00e1s ha recaudado de todos los tiempos\u201d, dice Khalaf.<\/p>\n\n\n\n<p class=\"wp-block-paragraph\">La directora del FT apunta asimismo que este \u201cproyecto especial\u201d de seleccionar a estas 25 mujeres fue elaborado a lo largo de varios meses en consulta con cientos de periodistas del FT de docenas de delegaciones, con los lectores y l\u00edderes industriales.<\/p>\n\n\n\n<p class=\"wp-block-paragraph\">\u00bfPor qu\u00e9 Claudia Sheinbaum es una de las mujeres m\u00e1s influyentes del mundo?<\/p>\n\n\n\n<p class=\"wp-block-paragraph\">Entre ellas figura la mexicana Claudia Sheinbaum, que asumi\u00f3 la presidencia de M\u00e9xico el pasado octubre \u201ce hizo historia de muchas maneras\u201d, seg\u00fan recuerda la publicaci\u00f3n.<\/p>\n\n\n\n<p class=\"wp-block-paragraph\">\u201cNo solo es la primera mujer presidenta del pa\u00eds, sino tambi\u00e9n la primera excient\u00edfica clim\u00e1tica que asume el puesto\u201d, apunta la columnista del FT Gillian Tett\u201cNo solo es la primera mujer presidenta del pa\u00eds, sino tambi\u00e9n la primera excient\u00edfica clim\u00e1tica que asume el puesto\u201d, apunta la columnista del FT Gillian Tett, que indica que Sheinbaum \u201ctiene mucha experiencia lidiando con desaf\u00edos dif\u00edciles y se caracteriza por su car\u00e1cter f\u00e9rreo\u201d.<\/p>\n\n\n\n<p class=\"wp-block-paragraph\">\u201cTras ganar las elecciones, ha disfrutado de un mandato fuerte, pero la tarea que le espera ahora ser\u00e1 trascendental, ya que procede de un partido de izquierdas que abraza los principios que el equipo de (el reci\u00e9n elegido presidente de Estados Unidos, el republicano Donald Trump) aborrece\u201d.<\/p>\n\n\n\n<p class=\"wp-block-paragraph\">\u201cComo feminista desde hace mucho tiempo, est\u00e1 determinada a presentar un fuerte s\u00f3lido contra t\u00e1cticas abusonas\u201d, se\u00f1ala Tett.<\/p>\n\n\n\n<p class=\"wp-block-paragraph\">Tambi\u00e9n est\u00e1n en esta lista de mujeres la dise\u00f1adora de Chlo\u00e9 Chemna Kamalia, la escritora Sally Rooney (\u2018Gente normal\u2019, \u2018Conversaciones con amigos\u2019), la actriz Emma Stone, la candidata dem\u00f3crata en las pasadas elecciones presidenciales estadounidenses, Kamala Harris o la artista Charli XCX.<\/p>\n\n\n\n<p class=\"wp-block-paragraph\">Figuran asimismo otras mujeres destacables como la ministra brit\u00e1nica laborista de Econom\u00eda, Rachel Reeves, la primera mujer en ocupar ese cargo; la presidenta del Banco Central Europeo (BCE), Christine Lagarde, la presidenta de la Comisi\u00f3n Europea (CE), Ursula von der Leyen, la emprendedora brasile\u00f1a Cristina Junqueira, cofundadora de Nubank, el mayor banco digital, la gimnasta norteamericana Simone Biles o la alcaldesa de Par\u00eds, Anne Hidalgo. (El Financiero)<\/p>\n","protected":false},"excerpt":{"rendered":"<p>La presidenta de M\u00e9xico, Claudia Sheinbaum Pardo, figura en la lista de las \u201825 mujeres m\u00e1s influyentes de 2024\u00b4 que divulga la revista de fin de semana del Financial Times (FT). La directora del FT, Roula Khalaf, indica que \u201cla influencia se ejerce de muchas maneras, mediante actos pol\u00edticos, haza\u00f1as creativas, descubrimientos tecnol\u00f3gicos y desarrollo [&hellip;]<\/p>\n","protected":false},"author":6,"featured_media":48917,"comment_status":"open","ping_status":"open","sticky":false,"template":"","format":"standard","meta":{"_acf_changed":false,"_monsterinsights_skip_tracking":false,"slim_seo":{"title":"Sheinbaum entre las 25 mujeres m\u00e1s influyentes de 2024 del Financial Times - Opini\u00f3n P\u00fablica","description":"La presidenta de M\u00e9xico, Claudia Sheinbaum Pardo, figura en la lista de las \u201825 mujeres m\u00e1s influyentes de 2024\u00b4 que divulga la revista de fin de semana del Fin"},"footnotes":""},"categories":[11],"tags":[],"class_list":["post-48909","post","type-post","status-publish","format-standard","has-post-thumbnail","hentry","category-tendencias"],"acf":[],"_links":{"self":[{"href":"https:\/\/www.opinionpublica.tv\/portada\/wp-json\/wp\/v2\/posts\/48909","targetHints":{"allow":["GET"]}}],"collection":[{"href":"https:\/\/www.opinionpublica.tv\/portada\/wp-json\/wp\/v2\/posts"}],"about":[{"href":"https:\/\/www.opinionpublica.tv\/portada\/wp-json\/wp\/v2\/types\/post"}],"author":[{"embeddable":true,"href":"https:\/\/www.opinionpublica.tv\/portada\/wp-json\/wp\/v2\/users\/6"}],"replies":[{"embeddable":true,"href":"https:\/\/www.opinionpublica.tv\/portada\/wp-json\/wp\/v2\/comments?post=48909"}],"version-history":[{"count":7,"href":"https:\/\/www.opinionpublica.tv\/portada\/wp-json\/wp\/v2\/posts\/48909\/revisions"}],"predecessor-version":[{"id":48919,"href":"https:\/\/www.opinionpublica.tv\/portada\/wp-json\/wp\/v2\/posts\/48909\/revisions\/48919"}],"wp:featuredmedia":[{"embeddable":true,"href":"https:\/\/www.opinionpublica.tv\/portada\/wp-json\/wp\/v2\/media\/48917"}],"wp:attachment":[{"href":"https:\/\/www.opinionpublica.tv\/portada\/wp-json\/wp\/v2\/media?parent=48909"}],"wp:term":[{"taxonomy":"category","embeddable":true,"href":"https:\/\/www.opinionpublica.tv\/portada\/wp-json\/wp\/v2\/categories?post=48909"},{"taxonomy":"post_tag","embeddable":true,"href":"https:\/\/www.opinionpublica.tv\/portada\/wp-json\/wp\/v2\/tags?post=48909"}],"curies":[{"name":"wp","href":"https:\/\/api.w.org\/{rel}","templated":true}]}}