{"id":48862,"date":"2024-12-08T00:01:00","date_gmt":"2024-12-08T07:01:00","guid":{"rendered":"https:\/\/www.opinionpublica.tv\/portada\/?p=48862"},"modified":"2024-12-07T18:16:39","modified_gmt":"2024-12-08T01:16:39","slug":"francisco-garduno-gasto-81-millones-de-pesos-del-inm-para-ir-a-juarez-a-firmar-por-incendio","status":"publish","type":"post","link":"https:\/\/www.opinionpublica.tv\/portada\/francisco-garduno-gasto-81-millones-de-pesos-del-inm-para-ir-a-juarez-a-firmar-por-incendio\/","title":{"rendered":"Gardu\u00f1o gast\u00f3 81 millones de pesos del INM para ir a Ju\u00e1rez a firmar tras el incendio donde murieron 40 migrantes"},"content":{"rendered":"\n<figure class=\"wp-block-image size-full\"><img fetchpriority=\"high\" decoding=\"async\" width=\"1100\" height=\"666\" src=\"https:\/\/www.opinionpublica.tv\/portada\/wp-content\/uploads\/2024\/12\/Garduno-gasto-81-millones-de-pesos-del-INM-para-ir-a-Juarez-a-firmar-tras-el-incendio-donde-murieron-40-migrantes.avif\" alt=\"Gardun\u0303o Gasto\u0301 81 Millones De Pesos Del Inm Para Ir A Jua\u0301rez A Firmar Tras El Incendio Donde Murieron 40 Migrantes\" class=\"wp-image-48870\"\/><\/figure>\n\n\n\n<p class=\"wp-block-paragraph\">Durante 2024, Francisco Gardu\u00f1o Y\u00e1\u00f1ez, comisionado del Instituto Nacional de Migraci\u00f3n (INM), sigui\u00f3, junto con su equipo de trabajo, costeando sus traslados y visitas a Ciudad Ju\u00e1rez, Chihuahua, donde cada 15 d\u00edas debe presentarse para firmar por el caso del incendio de la instancia migratoria en esa localidad que dej\u00f3 un saldo de 27 heridos y 40 muertos en marzo de 2023.<\/p>\n\n\n\n<p class=\"wp-block-paragraph\">En nueve viajes realizados este a\u00f1o a la ciudad fronteriza, el a\u00fan servidor p\u00fablico ha gastado 41 millones 822 mil 26 pesos, es decir, en cada una de esas visitas erog\u00f3 4 millones 646 mil 891 pesos.<\/p>\n\n\n\n<p class=\"wp-block-paragraph\">El Instituto Nacional de Migraci\u00f3n y la Direcci\u00f3n General de Recursos Financieros dieron a conocer, v\u00eda transparencia, que los montos que gast\u00f3 Francisco Gardu\u00f1o son por los conceptos de \u201cPasajes A\u00e9reos Nacionales para Servidores P\u00fablicos de Mando en el Desempe\u00f1o de Comisiones y Funciones Oficiales\u201d.<\/p>\n\n\n\n<p class=\"wp-block-paragraph\">Dependencias compartieron parte de los vi\u00e1ticos para Francisco Gardu\u00f1o y su equipo de trabajo, as\u00ed como la petici\u00f3n sobre la absoluci\u00f3n alterna, cuya audiencia se llevar\u00eda a cabo el 6 de marzo en Ciudad Ju\u00e1rez.<\/p>\n\n\n\n<p class=\"wp-block-paragraph\">El reporte incluye tambi\u00e9n \u201cVi\u00e1ticos Nacionales para Servidores P\u00fablicos en el Desempe\u00f1o de Funciones Oficiales\u201d, durante el periodo 2024 a Ciudad Ju\u00e1rez, Chihuahua.<\/p>\n\n\n\n<figure class=\"wp-block-image size-large\"><img decoding=\"async\" width=\"1024\" height=\"683\" src=\"https:\/\/www.opinionpublica.tv\/portada\/wp-content\/uploads\/2024\/12\/incendio-donde-murieron-40-migrantes-en-el-inm-de-ciudad-juarez-2-1024x683.jpg\" alt=\"Xr:d:dafp7sg8aaw:183,j:7874943751325236227,t:23081514\" class=\"wp-image-48876\" srcset=\"https:\/\/www.opinionpublica.tv\/portada\/wp-content\/uploads\/2024\/12\/incendio-donde-murieron-40-migrantes-en-el-inm-de-ciudad-juarez-2-1024x683.jpg 1024w, https:\/\/www.opinionpublica.tv\/portada\/wp-content\/uploads\/2024\/12\/incendio-donde-murieron-40-migrantes-en-el-inm-de-ciudad-juarez-2-300x200.jpg 300w, https:\/\/www.opinionpublica.tv\/portada\/wp-content\/uploads\/2024\/12\/incendio-donde-murieron-40-migrantes-en-el-inm-de-ciudad-juarez-2-768x512.jpg 768w, https:\/\/www.opinionpublica.tv\/portada\/wp-content\/uploads\/2024\/12\/incendio-donde-murieron-40-migrantes-en-el-inm-de-ciudad-juarez-2.jpg 1200w\" sizes=\"(max-width: 1024px) 100vw, 1024px\" \/><\/figure>\n\n\n\n<p class=\"wp-block-paragraph\">Asimismo, sobre el hospedaje del comisionado en dicha ciudad de Chihuahua, el instituto asegur\u00f3 que no cuenta con informaci\u00f3n al respecto: \u201cReferente a la informaci\u00f3n consistente al costo total de hospedaje, es de se\u00f1alar que no se cuenta con la misma, en virtud de que no se ha otorgado recurso alguno al comisionado para dicho concepto\u201d, se\u00f1al\u00f3 el documento.<\/p>\n\n\n\n<p class=\"wp-block-paragraph\">El 5 de octubre, el peri\u00f3dico El Universal dio a conocer que el comisionado gast\u00f3, junto con su equipo de trabajo, 39 millones 306 mil 792 de pesos por \u201cPasajes A\u00e9reos Nacionales para Servidores P\u00fablicos de Mando en el Desempe\u00f1o de Comisiones y Funciones Oficiales\u201d, durante el periodo 2023-2024 a Ciudad Ju\u00e1rez, Chihuahua.<\/p>\n\n\n\n<p class=\"wp-block-paragraph\">En otro concepto, por vuelos de avi\u00f3n, Francisco Gardu\u00f1o gast\u00f3 666 mil 347 pesos, as\u00ed lo dio a conocer la Secretar\u00eda de Gobernaci\u00f3n, el Instituto Nacional de Migraci\u00f3n, la Direcci\u00f3n General de Administraci\u00f3n de Recursos y la Direcci\u00f3n de Recursos Financieros, mediante la solicitud de informaci\u00f3n con el n\u00famero de folio 330020324001232.<\/p>\n\n\n\n<p class=\"wp-block-paragraph\">Sin embargo, las dependencias no compartieron por rubro los gastos de su equipo de trabajo; por concepto de vuelos, vi\u00e1ticos, transporte, hospedaje o alimentos a Ciudad Ju\u00e1rez, Chihuahua.<\/p>\n\n\n\n<p class=\"wp-block-paragraph\">El Universal tambi\u00e9n cuestion\u00f3 sobre los gastos que generan sus abogados durante el periodo 2023-2024, pero las dependencias no respondieron dicha petici\u00f3n.<\/p>\n\n\n\n<p class=\"wp-block-paragraph\">Adem\u00e1s, El Universal solicit\u00f3 v\u00eda transparencia las fechas y viajes que tuvo Francisco Gardu\u00f1o a Ciudad Ju\u00e1rez; desde el 28 de marzo de 2023 al 12 de noviembre de 2024, el comisionado del INM ha realizado 29 visitas a la entidad, tras el incendio en la estancia migratoria que dej\u00f3 27 heridos y 40 muertos, el 27 de marzo de 2023.<\/p>\n\n\n\n<p class=\"wp-block-paragraph\">Gardu\u00f1o Y\u00e1\u00f1ez acudi\u00f3 a Ciudad Ju\u00e1rez un d\u00eda despu\u00e9s del incendio en la estancia migratoria, de acuerdo con el documento que tiene este diario en su poder. El registro recalc\u00f3 que se realizaron acciones conjuntas con diversas secretar\u00edas.<\/p>\n\n\n\n<p class=\"wp-block-paragraph\">En tanto, el comisionado realiz\u00f3 un recorrido por los hospitales para conocer el estado de salud de las personas que resultaron lesionadas por el incendio y una visita a los familiares en los hoteles.<\/p>\n\n\n\n<p class=\"wp-block-paragraph\">De igual forma, el 11 de abril de 2023, Francisco Gardu\u00f1o acudi\u00f3 a la entidad para la repatriaci\u00f3n de 23 cuerpos de las personas fallecidas en la estancia migratoria, en coordinaci\u00f3n con autoridades federales y locales. Adem\u00e1s, tambi\u00e9n asistieron el canciller de Guatemala y el vicec\u00f3nsul de Honduras al aeropuerto de Ciudad Ju\u00e1rez.<\/p>\n\n\n\n<p class=\"wp-block-paragraph\">En tanto, los siguientes viajes que realiz\u00f3 el comisionado del INM a la entidad fueron reuniones, visitas a inmuebles, avances de propuestas y operativos. Son escasos los eventos que fueran contundentes para atender el tema de migraci\u00f3n.<\/p>\n\n\n\n<p class=\"wp-block-paragraph\">El 30 de abril de 2023, un juez decidi\u00f3 vincular a proceso a Francisco Gardu\u00f1o por el ejercicio indebido del servicio p\u00fablico, luego del incendio en la estaci\u00f3n migratoria.<\/p>\n\n\n\n<p class=\"wp-block-paragraph\">Adem\u00e1s, el juez no le dio prisi\u00f3n preventiva, pero Gardu\u00f1o Y\u00e1\u00f1ez debe acudir a firmar los martes cada 15 d\u00edas.<\/p>\n\n\n\n<p class=\"wp-block-paragraph\">Cabe destacar que el 14 de noviembre se llev\u00f3 a cabo una audiencia que solicit\u00f3 el comisionado del INM, quien pidi\u00f3 una revisi\u00f3n de la medida cautelar y una nueva fecha de la suspensi\u00f3n condicional, es decir, el mecanismo \u201calterno\u201d, es la tercera ocasi\u00f3n que pide la absoluci\u00f3n alterna del caso.<\/p>\n\n\n\n<p class=\"wp-block-paragraph\">Marco Zavala, abogado de la Fundaci\u00f3n por la Justicia, denunci\u00f3 que no fueron notificados de la audiencia, como lo hacen de manera regular, y solamente acudi\u00f3 el titular y la defensa de Francisco Gardu\u00f1o.<\/p>\n\n\n\n<p class=\"wp-block-paragraph\">En ese sentido, la defensa del comisionado del INM pidi\u00f3 el cambio de la sede para la firma peri\u00f3dica a la Ciudad de M\u00e9xico, lo cual se lleva a cabo en el Reclusorio Sur.<\/p>\n\n\n\n<p class=\"wp-block-paragraph\">Francisco Gardu\u00f1o realiz\u00f3 su primera firma peri\u00f3dica el pasado 26 de noviembre y la pr\u00f3xima ser\u00e1 el 10 de diciembre.<\/p>\n\n\n\n<p class=\"wp-block-paragraph\">\u201cTodo tiene un trasfondo pol\u00edtico, \u00e9l ya no va estar como titular de Migraci\u00f3n, \u00e9l ya no tiene nada que hacer en Ciudad Ju\u00e1rez, no debi\u00f3 hacer eso el juez. Quien est\u00e1 pagando esos viajes y su defensa somos nosotros. Mediante nuestros impuestos, \u00e9l no ha puesto nada de su sueldo ni de su bolsillo. \u00c9l sigue recibiendo su sueldo y sigue utilizando todo el aparato institucional para su defensa y para ir a sus viajes\u201d, puntualiz\u00f3 Zavala.<\/p>\n\n\n\n<p class=\"wp-block-paragraph\">En contraste, la petici\u00f3n que realiz\u00f3 Gardu\u00f1o sobre la absoluci\u00f3n alterna se llevar\u00e1 a cabo en la audiencia del 6 de marzo de 2025 en Ciudad Ju\u00e1rez.<\/p>\n\n\n\n<p class=\"wp-block-paragraph\">La \u201csoluci\u00f3n alterna\u201d est\u00e1 reconocida dentro del C\u00f3digo Nacional de Procedimientos Penales y le permite a las personas imputadas terminar el proceso penal en su contra de manera alternativa.<\/p>\n\n\n\n<p class=\"wp-block-paragraph\">\u201cCuriosamente s\u00f3lo comparecieron titulares en esa audiencia, no acudieron organizaciones, ni asesores ni medios de comunicaci\u00f3n, todo lo hicieron por debajo de agua\u201d, asever\u00f3 Marco Zavala.<\/p>\n\n\n\n<p class=\"wp-block-paragraph\">\u201cAprovechando que no hab\u00eda nadie, quer\u00eda que se debatiera el mecanismo alternativo, para zafarse de todo el proceso, quer\u00eda terminar su cargo en el INM sin ning\u00fan cargo, desentenderse de todo e irse a su casa\u201d, enfatiz\u00f3 el abogado de la Fundaci\u00f3n por la Justicia.<\/p>\n\n\n\n<p class=\"wp-block-paragraph\"><em>Con informaci\u00f3n de El Universal<\/em>.<\/p>\n","protected":false},"excerpt":{"rendered":"<p>Durante 2024, Francisco Gardu\u00f1o Y\u00e1\u00f1ez, comisionado del Instituto Nacional de Migraci\u00f3n (INM), sigui\u00f3, junto con su equipo de trabajo, costeando sus traslados y visitas a Ciudad Ju\u00e1rez, Chihuahua, donde cada 15 d\u00edas debe presentarse para firmar por el caso del incendio de la instancia migratoria en esa localidad que dej\u00f3 un saldo de 27 heridos [&hellip;]<\/p>\n","protected":false},"author":6,"featured_media":48870,"comment_status":"open","ping_status":"open","sticky":false,"template":"","format":"standard","meta":{"_acf_changed":false,"_monsterinsights_skip_tracking":false,"slim_seo":{"title":"Gardu\u00f1o gast\u00f3 81 millones de pesos del INM para ir a Ju\u00e1rez a firmar tras el incendio donde murieron 40 migrantes - Opini\u00f3n P\u00fablica","description":"Durante 2024, Francisco Gardu\u00f1o Y\u00e1\u00f1ez, comisionado del Instituto Nacional de Migraci\u00f3n (INM), sigui\u00f3, junto con su equipo de trabajo, costeando sus traslados y"},"footnotes":""},"categories":[3],"tags":[],"class_list":["post-48862","post","type-post","status-publish","format-standard","has-post-thumbnail","hentry","category-principal"],"acf":[],"_links":{"self":[{"href":"https:\/\/www.opinionpublica.tv\/portada\/wp-json\/wp\/v2\/posts\/48862","targetHints":{"allow":["GET"]}}],"collection":[{"href":"https:\/\/www.opinionpublica.tv\/portada\/wp-json\/wp\/v2\/posts"}],"about":[{"href":"https:\/\/www.opinionpublica.tv\/portada\/wp-json\/wp\/v2\/types\/post"}],"author":[{"embeddable":true,"href":"https:\/\/www.opinionpublica.tv\/portada\/wp-json\/wp\/v2\/users\/6"}],"replies":[{"embeddable":true,"href":"https:\/\/www.opinionpublica.tv\/portada\/wp-json\/wp\/v2\/comments?post=48862"}],"version-history":[{"count":9,"href":"https:\/\/www.opinionpublica.tv\/portada\/wp-json\/wp\/v2\/posts\/48862\/revisions"}],"predecessor-version":[{"id":48879,"href":"https:\/\/www.opinionpublica.tv\/portada\/wp-json\/wp\/v2\/posts\/48862\/revisions\/48879"}],"wp:featuredmedia":[{"embeddable":true,"href":"https:\/\/www.opinionpublica.tv\/portada\/wp-json\/wp\/v2\/media\/48870"}],"wp:attachment":[{"href":"https:\/\/www.opinionpublica.tv\/portada\/wp-json\/wp\/v2\/media?parent=48862"}],"wp:term":[{"taxonomy":"category","embeddable":true,"href":"https:\/\/www.opinionpublica.tv\/portada\/wp-json\/wp\/v2\/categories?post=48862"},{"taxonomy":"post_tag","embeddable":true,"href":"https:\/\/www.opinionpublica.tv\/portada\/wp-json\/wp\/v2\/tags?post=48862"}],"curies":[{"name":"wp","href":"https:\/\/api.w.org\/{rel}","templated":true}]}}