{"id":48851,"date":"2024-12-08T00:01:00","date_gmt":"2024-12-08T07:01:00","guid":{"rendered":"https:\/\/www.opinionpublica.tv\/portada\/?p=48851"},"modified":"2024-12-07T17:59:10","modified_gmt":"2024-12-08T00:59:10","slug":"senado-publica-lista-preliminar-de-aspirantes-a-magistrados-y-ministros-de-la-scjn","status":"publish","type":"post","link":"https:\/\/www.opinionpublica.tv\/portada\/senado-publica-lista-preliminar-de-aspirantes-a-magistrados-y-ministros-de-la-scjn\/","title":{"rendered":"SCJN: Senado publica lista preliminar de aspirantes a magistrados y ministros"},"content":{"rendered":"\n<figure class=\"wp-block-image size-large\"><img fetchpriority=\"high\" decoding=\"async\" width=\"1024\" height=\"768\" src=\"https:\/\/www.opinionpublica.tv\/portada\/wp-content\/uploads\/2024\/12\/SCJN-Senado-publica-lista-preliminar-de-aspirantes-a-magistrados-y-ministros-1024x768.jpg\" alt=\"Scjn Senado Publica Lista Preliminar De Aspirantes A Magistrados Y Ministros\" class=\"wp-image-48856\" srcset=\"https:\/\/www.opinionpublica.tv\/portada\/wp-content\/uploads\/2024\/12\/SCJN-Senado-publica-lista-preliminar-de-aspirantes-a-magistrados-y-ministros-1024x768.jpg 1024w, https:\/\/www.opinionpublica.tv\/portada\/wp-content\/uploads\/2024\/12\/SCJN-Senado-publica-lista-preliminar-de-aspirantes-a-magistrados-y-ministros-300x225.jpg 300w, https:\/\/www.opinionpublica.tv\/portada\/wp-content\/uploads\/2024\/12\/SCJN-Senado-publica-lista-preliminar-de-aspirantes-a-magistrados-y-ministros-768x576.jpg 768w, https:\/\/www.opinionpublica.tv\/portada\/wp-content\/uploads\/2024\/12\/SCJN-Senado-publica-lista-preliminar-de-aspirantes-a-magistrados-y-ministros.jpg 1200w\" sizes=\"(max-width: 1024px) 100vw, 1024px\" \/><\/figure>\n\n\n\n<p class=\"wp-block-paragraph\">El Senado de la Rep\u00fablica present\u00f3 la lista preliminar de aspirantes a jueces, magistrados y ministros de la Suprema Corte de Justicia de la Naci\u00f3n (SCJN), quienes participar\u00e1n en la elecci\u00f3n programada para el pr\u00f3ximo 1 de junio de 2025.<\/p>\n\n\n\n<p class=\"wp-block-paragraph\">El listado, que consta de 149 p\u00e1ginas, incluye los nombres de 10,959 personas inscritas que buscan integrarse al m\u00e1ximo tribunal del pa\u00eds. Entre los aspirantes destaca Paula Mar\u00eda Villegas S\u00e1nchez Cordero, hija de la ministra en retiro y actual diputada de Morena, Olga S\u00e1nchez Cordero, quien aspira a seguir los pasos de su madre al buscar un puesto en la SCJN. Cabe se\u00f1alar que Villegas S\u00e1nchez Cordero tambi\u00e9n se registr\u00f3 ante el Comit\u00e9 de Evaluaci\u00f3n del Poder Judicial de la Federaci\u00f3n.<\/p>\n\n\n\n<p class=\"wp-block-paragraph\">Otro de los nombres que figura en la lista es el de Roberto Gil Zuarth, exsecretario particular del expresidente de M\u00e9xico Felipe Calder\u00f3n, quien igualmente se inscribi\u00f3 ante el Comit\u00e9 de Evaluaci\u00f3n del Poder Judicial.<\/p>\n\n\n\n<p class=\"wp-block-paragraph\"><strong>Otros aspirantes destacados<\/strong><\/p>\n\n\n\n<p class=\"wp-block-paragraph\">En el lugar 121 de la lista se encuentra Estela Fuentes Jim\u00e9nez, actual magistrada presidenta del Tribunal de Justicia Administrativa de la Ciudad de M\u00e9xico, quien busca competir por el cargo de ministra de la SCJN.<\/p>\n\n\n\n<p class=\"wp-block-paragraph\"><strong>Pr\u00f3ximos pasos en el proceso<\/strong><\/p>\n\n\n\n<p class=\"wp-block-paragraph\">El Comit\u00e9 de Evaluaci\u00f3n del Poder Legislativo Federal (CEPL) dar\u00e1 a conocer el pr\u00f3ximo 15 de diciembre la lista definitiva de aspirantes que cumplen con los requisitos constitucionales, legales y de elegibilidad. Aquellos que pasen esta etapa ser\u00e1n evaluados para determinar su idoneidad como candidatos al m\u00e1ximo tribunal. (Exc\u00e9lsior)<\/p>\n","protected":false},"excerpt":{"rendered":"<p>El Senado de la Rep\u00fablica present\u00f3 la lista preliminar de aspirantes a jueces, magistrados y ministros de la Suprema Corte de Justicia de la Naci\u00f3n (SCJN), quienes participar\u00e1n en la elecci\u00f3n programada para el pr\u00f3ximo 1 de junio de 2025. El listado, que consta de 149 p\u00e1ginas, incluye los nombres de 10,959 personas inscritas que [&hellip;]<\/p>\n","protected":false},"author":6,"featured_media":48856,"comment_status":"open","ping_status":"open","sticky":false,"template":"","format":"standard","meta":{"_acf_changed":false,"_monsterinsights_skip_tracking":false,"slim_seo":{"title":"SCJN: Senado publica lista preliminar de aspirantes a magistrados y ministros - Opini\u00f3n P\u00fablica","description":"El Senado de la Rep\u00fablica present\u00f3 la lista preliminar de aspirantes a jueces, magistrados y ministros de la Suprema Corte de Justicia de la Naci\u00f3n (SCJN), quie"},"footnotes":""},"categories":[4],"tags":[],"class_list":["post-48851","post","type-post","status-publish","format-standard","has-post-thumbnail","hentry","category-pulsopolitico"],"acf":[],"_links":{"self":[{"href":"https:\/\/www.opinionpublica.tv\/portada\/wp-json\/wp\/v2\/posts\/48851","targetHints":{"allow":["GET"]}}],"collection":[{"href":"https:\/\/www.opinionpublica.tv\/portada\/wp-json\/wp\/v2\/posts"}],"about":[{"href":"https:\/\/www.opinionpublica.tv\/portada\/wp-json\/wp\/v2\/types\/post"}],"author":[{"embeddable":true,"href":"https:\/\/www.opinionpublica.tv\/portada\/wp-json\/wp\/v2\/users\/6"}],"replies":[{"embeddable":true,"href":"https:\/\/www.opinionpublica.tv\/portada\/wp-json\/wp\/v2\/comments?post=48851"}],"version-history":[{"count":4,"href":"https:\/\/www.opinionpublica.tv\/portada\/wp-json\/wp\/v2\/posts\/48851\/revisions"}],"predecessor-version":[{"id":48857,"href":"https:\/\/www.opinionpublica.tv\/portada\/wp-json\/wp\/v2\/posts\/48851\/revisions\/48857"}],"wp:featuredmedia":[{"embeddable":true,"href":"https:\/\/www.opinionpublica.tv\/portada\/wp-json\/wp\/v2\/media\/48856"}],"wp:attachment":[{"href":"https:\/\/www.opinionpublica.tv\/portada\/wp-json\/wp\/v2\/media?parent=48851"}],"wp:term":[{"taxonomy":"category","embeddable":true,"href":"https:\/\/www.opinionpublica.tv\/portada\/wp-json\/wp\/v2\/categories?post=48851"},{"taxonomy":"post_tag","embeddable":true,"href":"https:\/\/www.opinionpublica.tv\/portada\/wp-json\/wp\/v2\/tags?post=48851"}],"curies":[{"name":"wp","href":"https:\/\/api.w.org\/{rel}","templated":true}]}}