{"id":48786,"date":"2024-12-07T00:01:00","date_gmt":"2024-12-07T07:01:00","guid":{"rendered":"https:\/\/www.opinionpublica.tv\/portada\/?p=48786"},"modified":"2024-12-06T20:50:03","modified_gmt":"2024-12-07T03:50:03","slug":"importaciones-de-frijol-y-arroz-a-mexico-alcanzan-record-historico-sigue-al-alza-compra-de-maiz-amarillo-a-eu","status":"publish","type":"post","link":"https:\/\/www.opinionpublica.tv\/portada\/importaciones-de-frijol-y-arroz-a-mexico-alcanzan-record-historico-sigue-al-alza-compra-de-maiz-amarillo-a-eu\/","title":{"rendered":"Las importaciones de frijol y arroz a M\u00e9xico alcanzan r\u00e9cord hist\u00f3rico; sigue al alza compra de ma\u00edz amarillo a EU"},"content":{"rendered":"\n<figure class=\"wp-block-image size-full\"><img fetchpriority=\"high\" decoding=\"async\" width=\"1100\" height=\"666\" src=\"https:\/\/www.opinionpublica.tv\/portada\/wp-content\/uploads\/2024\/12\/Las-importaciones-de-frijol-y-arroz-a-Mexico-alcanzan-record-historico-sigue-al-alza-compra-de-maiz-amarillo-a-EU.avif\" alt=\"Las Importaciones De Frijol Y Arroz A Me\u0301xico Alcanzan Re\u0301cord Histo\u0301rico; Sigue Al Alza Compra De Mai\u0301z Amarillo A Eu\" class=\"wp-image-48790\"\/><\/figure>\n\n\n\n<p class=\"wp-block-paragraph\">Las importaciones de granos, como el ma\u00edz amarillo, trigo, arroz y frijol registraron un incremento, en el caso de estos dos \u00faltimos llegaron a cifras r\u00e9cord, dijo el Grupo Consultor de Mercados Agr\u00edcolas (GCMA).<\/p>\n\n\n\n<p class=\"wp-block-paragraph\">M\u00e9xico tuvo que importar cerca del 65% del total del consumo, ya que solamente produce el 35% de los granos que necesita, explic\u00f3 la consultor\u00eda.<\/p>\n\n\n\n<p class=\"wp-block-paragraph\">\u201cEsto refleja una fuerte dependencia de importaciones internacionales, situaci\u00f3n que amenaza nuestra seguridad alimentaria\u201d, expuso.<\/p>\n\n\n\n<p class=\"wp-block-paragraph\">Al mes de octubre pasado las importaciones de ma\u00edz amarillo representaron m\u00e1s del 65% de la demanda total del mercado mexicano.<\/p>\n\n\n\n<p class=\"wp-block-paragraph\">En el caso del trigo, para dicho mes, las compras hechas a otros pa\u00edses representaron el 69% del consumo total nacional.<\/p>\n\n\n\n<p class=\"wp-block-paragraph\">Mientras que las importaciones de arroz y frijol llegaron a r\u00e9cords hist\u00f3ricos con 320 mil toneladas m\u00e9tricas y 959 mil toneladas m\u00e9tricas, respectivamente.<\/p>\n\n\n\n<p class=\"wp-block-paragraph\">El grupo consultor dijo que la producci\u00f3n de granos y oleaginosas se redujo en 26% de enero a octubre de 2024 con respecto al mismo per\u00edodo del 2023, por lo que las exportaciones se redujeron tambi\u00e9n en 35%; pero las importaciones aumentaron 17%.<\/p>\n\n\n\n<p class=\"wp-block-paragraph\"><em>Con informaci\u00f3n de El Universal<\/em>.<\/p>\n","protected":false},"excerpt":{"rendered":"<p>Las importaciones de granos, como el ma\u00edz amarillo, trigo, arroz y frijol registraron un incremento, en el caso de estos dos \u00faltimos llegaron a cifras r\u00e9cord, dijo el Grupo Consultor de Mercados Agr\u00edcolas (GCMA). M\u00e9xico tuvo que importar cerca del 65% del total del consumo, ya que solamente produce el 35% de los granos que [&hellip;]<\/p>\n","protected":false},"author":6,"featured_media":48790,"comment_status":"open","ping_status":"open","sticky":false,"template":"","format":"standard","meta":{"_acf_changed":false,"_monsterinsights_skip_tracking":false,"slim_seo":{"title":"Las importaciones de frijol y arroz a M\u00e9xico alcanzan r\u00e9cord hist\u00f3rico; sigue al alza compra de ma\u00edz amarillo a EU - Opini\u00f3n P\u00fablica","description":"Las importaciones de granos, como el ma\u00edz amarillo, trigo, arroz y frijol registraron un incremento, en el caso de estos dos \u00faltimos llegaron a cifras r\u00e9cord, d"},"footnotes":""},"categories":[3],"tags":[],"class_list":["post-48786","post","type-post","status-publish","format-standard","has-post-thumbnail","hentry","category-principal"],"acf":[],"_links":{"self":[{"href":"https:\/\/www.opinionpublica.tv\/portada\/wp-json\/wp\/v2\/posts\/48786","targetHints":{"allow":["GET"]}}],"collection":[{"href":"https:\/\/www.opinionpublica.tv\/portada\/wp-json\/wp\/v2\/posts"}],"about":[{"href":"https:\/\/www.opinionpublica.tv\/portada\/wp-json\/wp\/v2\/types\/post"}],"author":[{"embeddable":true,"href":"https:\/\/www.opinionpublica.tv\/portada\/wp-json\/wp\/v2\/users\/6"}],"replies":[{"embeddable":true,"href":"https:\/\/www.opinionpublica.tv\/portada\/wp-json\/wp\/v2\/comments?post=48786"}],"version-history":[{"count":3,"href":"https:\/\/www.opinionpublica.tv\/portada\/wp-json\/wp\/v2\/posts\/48786\/revisions"}],"predecessor-version":[{"id":48791,"href":"https:\/\/www.opinionpublica.tv\/portada\/wp-json\/wp\/v2\/posts\/48786\/revisions\/48791"}],"wp:featuredmedia":[{"embeddable":true,"href":"https:\/\/www.opinionpublica.tv\/portada\/wp-json\/wp\/v2\/media\/48790"}],"wp:attachment":[{"href":"https:\/\/www.opinionpublica.tv\/portada\/wp-json\/wp\/v2\/media?parent=48786"}],"wp:term":[{"taxonomy":"category","embeddable":true,"href":"https:\/\/www.opinionpublica.tv\/portada\/wp-json\/wp\/v2\/categories?post=48786"},{"taxonomy":"post_tag","embeddable":true,"href":"https:\/\/www.opinionpublica.tv\/portada\/wp-json\/wp\/v2\/tags?post=48786"}],"curies":[{"name":"wp","href":"https:\/\/api.w.org\/{rel}","templated":true}]}}