{"id":48760,"date":"2024-12-06T07:13:13","date_gmt":"2024-12-06T14:13:13","guid":{"rendered":"https:\/\/www.opinionpublica.tv\/portada\/?p=48760"},"modified":"2024-12-06T07:14:03","modified_gmt":"2024-12-06T14:14:03","slug":"calambres-binacionales","status":"publish","type":"post","link":"https:\/\/www.opinionpublica.tv\/portada\/calambres-binacionales\/","title":{"rendered":"Calambres binacionales"},"content":{"rendered":"\n<h4 class=\"wp-block-heading\">Ra\u00fal Ruiz<\/h4>\n\n\n\n<p class=\"wp-block-paragraph\">___________________________<\/p>\n\n\n\n<p class=\"wp-block-paragraph\">Las tensiones bilaterales entre Estados Unidos y M\u00e9xico han aumentado significativamente con la llegada de Donald Trump a la presidencia.<\/p>\n\n\n\n<p class=\"wp-block-paragraph\">Trump ha adoptado una postura agresiva, amenazando con imponer aranceles punitivos a las exportaciones mexicanas y realizar deportaciones masivas de migrantes.<\/p>\n\n\n\n<p class=\"wp-block-paragraph\">Estas amenazas han generado preocupaci\u00f3n tanto en el gobierno mexicano como en la comunidad internacional.<\/p>\n\n\n\n<p class=\"wp-block-paragraph\">En el \u00e1mbito econ\u00f3mico, Trump ha advertido sobre la posibilidad de imponer aranceles del 25% a los productos mexicanos si M\u00e9xico no detiene el flujo de migrantes y fentanilo hacia Estados Unidos.<\/p>\n\n\n\n<p class=\"wp-block-paragraph\">Esta medida podr\u00eda tener graves consecuencias para la econom\u00eda mexicana, que depende en gran medida del comercio con los Estados Unidos.<\/p>\n\n\n\n<p class=\"wp-block-paragraph\">Adem\u00e1s, Trump ha amenazado con intervenir militarmente en M\u00e9xico para combatir el narcotr\u00e1fico, lo que plantea serias cuestiones sobre la soberan\u00eda nacional.<\/p>\n\n\n\n<p class=\"wp-block-paragraph\">Por su parte, Claudia Sheinbaum ha respondido a estas amenazas con una combinaci\u00f3n de diplomacia y firmeza.<\/p>\n\n\n\n<p class=\"wp-block-paragraph\">Ha enfatizado la importancia de mantener una relaci\u00f3n de respeto mutuo y cooperaci\u00f3n con Estados Unidos, al tiempo que ha reforzado la red consular mexicana en Estados Unidos para proteger a los mexicanos ante posibles deportaciones masivas.<\/p>\n\n\n\n<p class=\"wp-block-paragraph\">La presidenta Sheinbaum tambi\u00e9n ha subrayado que M\u00e9xico no ceder\u00e1 ante las presiones y que buscar\u00e1 soluciones diplom\u00e1ticas para resolver las tensiones bilaterales.<\/p>\n\n\n\n<p class=\"wp-block-paragraph\">En el \u00e1mbito de la seguridad, las tensiones se han intensificado debido a la crisis del fentanilo.<\/p>\n\n\n\n<p class=\"wp-block-paragraph\">Estados Unidos ha incrementado la presi\u00f3n sobre M\u00e9xico para que tome medidas m\u00e1s contundentes contra el tr\u00e1fico de esta droga, que ha tenido un impacto devastador en la salud p\u00fablica estadounidense.<\/p>\n\n\n\n<p class=\"wp-block-paragraph\">La cooperaci\u00f3n en materia de seguridad se ha visto debilitada, y ambos pa\u00edses enfrentan desaf\u00edos para restablecer la confianza y la colaboraci\u00f3n efectiva.<\/p>\n\n\n\n<p class=\"wp-block-paragraph\">Podemos decir que, las tensiones bilaterales entre Estados Unidos y M\u00e9xico est\u00e1n marcadas por las amenazas de Trump y las respuestas de Sheinbaum.<\/p>\n\n\n\n<p class=\"wp-block-paragraph\">Mientras Trump adopta una postura agresiva y proteccionista, Sheinbaum busca mantener la diplomacia y proteger los intereses de M\u00e9xico.<\/p>\n\n\n\n<p class=\"wp-block-paragraph\">La relaci\u00f3n entre ambos pa\u00edses enfrenta desaf\u00edos significativos, pero tambi\u00e9n oportunidades para fortalecer la cooperaci\u00f3n y resolver los conflictos de manera pac\u00edfica y constructiva.<\/p>\n\n\n\n<p class=\"wp-block-paragraph\">Por lo pronto, como signo de \u00abbuena voluntad\u00bb, de manera inusitada y conveniente, el gobierno de M\u00e9xico asesta un golpe hist\u00f3rico al narcoimperio, con el aseguramiento de m\u00e1s de una tonelada de fentanilo, lo que significa m\u00e1s o menos 20 millones de dosis fuera del mercado, valuado en 8 mil millones de pesos, aproximadamente.<\/p>\n\n\n\n<p class=\"wp-block-paragraph\">Ah y la posibilidad de que el secretario de Seguridad y Protecci\u00f3n Ciudadana de M\u00e9xico, Omar Garc\u00eda Harfuch, despache desde Culiac\u00e1n, Sinaloa, como se\u00f1al de que el gobierno mexicano, toma el control sobre las &#8216;travesuras&#8217; del crimen organizado.<\/p>\n","protected":false},"excerpt":{"rendered":"<p>Ra\u00fal Ruiz ___________________________ Las tensiones bilaterales entre Estados Unidos y M\u00e9xico han aumentado significativamente con la llegada de Donald Trump a la presidencia. Trump ha adoptado una postura agresiva, amenazando con imponer aranceles punitivos a las exportaciones mexicanas y realizar deportaciones masivas de migrantes. Estas amenazas han generado preocupaci\u00f3n tanto en el gobierno mexicano como [&hellip;]<\/p>\n","protected":false},"author":6,"featured_media":43347,"comment_status":"open","ping_status":"open","sticky":false,"template":"","format":"standard","meta":{"_acf_changed":false,"_monsterinsights_skip_tracking":false,"slim_seo":{"title":"Calambres binacionales - Opini\u00f3n P\u00fablica","description":"Ra\u00fal Ruiz ___________________________ Las tensiones bilaterales entre Estados Unidos y M\u00e9xico han aumentado significativamente con la llegada de Donald Trump a"},"footnotes":""},"categories":[21],"tags":[593],"class_list":["post-48760","post","type-post","status-publish","format-standard","has-post-thumbnail","hentry","category-cartapacio","tag-cartapacio"],"acf":[],"_links":{"self":[{"href":"https:\/\/www.opinionpublica.tv\/portada\/wp-json\/wp\/v2\/posts\/48760","targetHints":{"allow":["GET"]}}],"collection":[{"href":"https:\/\/www.opinionpublica.tv\/portada\/wp-json\/wp\/v2\/posts"}],"about":[{"href":"https:\/\/www.opinionpublica.tv\/portada\/wp-json\/wp\/v2\/types\/post"}],"author":[{"embeddable":true,"href":"https:\/\/www.opinionpublica.tv\/portada\/wp-json\/wp\/v2\/users\/6"}],"replies":[{"embeddable":true,"href":"https:\/\/www.opinionpublica.tv\/portada\/wp-json\/wp\/v2\/comments?post=48760"}],"version-history":[{"count":1,"href":"https:\/\/www.opinionpublica.tv\/portada\/wp-json\/wp\/v2\/posts\/48760\/revisions"}],"predecessor-version":[{"id":48761,"href":"https:\/\/www.opinionpublica.tv\/portada\/wp-json\/wp\/v2\/posts\/48760\/revisions\/48761"}],"wp:featuredmedia":[{"embeddable":true,"href":"https:\/\/www.opinionpublica.tv\/portada\/wp-json\/wp\/v2\/media\/43347"}],"wp:attachment":[{"href":"https:\/\/www.opinionpublica.tv\/portada\/wp-json\/wp\/v2\/media?parent=48760"}],"wp:term":[{"taxonomy":"category","embeddable":true,"href":"https:\/\/www.opinionpublica.tv\/portada\/wp-json\/wp\/v2\/categories?post=48760"},{"taxonomy":"post_tag","embeddable":true,"href":"https:\/\/www.opinionpublica.tv\/portada\/wp-json\/wp\/v2\/tags?post=48760"}],"curies":[{"name":"wp","href":"https:\/\/api.w.org\/{rel}","templated":true}]}}