{"id":48708,"date":"2024-12-06T00:01:00","date_gmt":"2024-12-06T07:01:00","guid":{"rendered":"https:\/\/www.opinionpublica.tv\/portada\/?p=48708"},"modified":"2024-12-05T21:52:01","modified_gmt":"2024-12-06T04:52:01","slug":"pronostica-proteccion-civil-estatal-descenso-en-temperaturas-y-lluvias-por-frente-frio-13","status":"publish","type":"post","link":"https:\/\/www.opinionpublica.tv\/portada\/pronostica-proteccion-civil-estatal-descenso-en-temperaturas-y-lluvias-por-frente-frio-13\/","title":{"rendered":"Anuncia Protecci\u00f3n Civil descenso en temperaturas y lluvias por el frente fr\u00edo 13"},"content":{"rendered":"\n<figure class=\"wp-block-image size-full\"><img fetchpriority=\"high\" decoding=\"async\" width=\"928\" height=\"522\" src=\"https:\/\/www.opinionpublica.tv\/portada\/wp-content\/uploads\/2024\/12\/Anuncia-Proteccion-Civil-descenso-en-temperaturas-y-lluvias-por-el-frente-frio-13.webp\" alt=\"Anuncia Proteccio\u0301n Civil Descenso En Temperaturas Y Lluvias Por El Frente Fri\u0301o 13\" class=\"wp-image-48713\" srcset=\"https:\/\/www.opinionpublica.tv\/portada\/wp-content\/uploads\/2024\/12\/Anuncia-Proteccion-Civil-descenso-en-temperaturas-y-lluvias-por-el-frente-frio-13.webp 928w, https:\/\/www.opinionpublica.tv\/portada\/wp-content\/uploads\/2024\/12\/Anuncia-Proteccion-Civil-descenso-en-temperaturas-y-lluvias-por-el-frente-frio-13-300x169.webp 300w, https:\/\/www.opinionpublica.tv\/portada\/wp-content\/uploads\/2024\/12\/Anuncia-Proteccion-Civil-descenso-en-temperaturas-y-lluvias-por-el-frente-frio-13-768x432.webp 768w\" sizes=\"(max-width: 928px) 100vw, 928px\" \/><\/figure>\n\n\n\n<p class=\"wp-block-paragraph\"><em>Chihuahua, Chih<\/em>.- La Coordinaci\u00f3n Estatal de Protecci\u00f3n Civil (CEPC), emiti\u00f3 un aviso preventivo a la poblaci\u00f3n ante el pron\u00f3stico de lluvias y descenso de temperaturas previsto para este viernes y durante el fin de semana.<\/p>\n\n\n\n<p class=\"wp-block-paragraph\">Lo anterior se deriva del desplazamiento del frente fr\u00edo n\u00famero 13 por territorio chihuahuense y la llegada de una masa de aire \u00e1rtica.<\/p>\n\n\n\n<p class=\"wp-block-paragraph\">De acuerdo con informaci\u00f3n del Servicio Meteorol\u00f3gico Nacional, se espera nubosidad variable y chubascos en Ju\u00e1rez, Ahumada, Ojinaga y Manuel Benavides, as\u00ed como lluvias aisladas en Ascensi\u00f3n, Janos, Jim\u00e9nez, Camargo y Coyame.<\/p>\n\n\n\n<p class=\"wp-block-paragraph\">Estas condiciones podr\u00edan estar adem\u00e1s acompa\u00f1adas de aguanieve durante la madrugada del viernes en la carretera Janos-Agua Prieta.<\/p>\n\n\n\n<p class=\"wp-block-paragraph\">El ambiente fr\u00edo a muy fr\u00edo prevalecer\u00e1 por las ma\u00f1anas y noches, con probabilidad de heladas en la Sierra Tarahumara.<\/p>\n\n\n\n<p class=\"wp-block-paragraph\">Este viernes se espera que las temperaturas m\u00ednimas desciendan a los -5 grados cent\u00edgrados (\u00b0C) en la regi\u00f3n de El Vergel, municipio de Balleza, en Bocoyna y Tem\u00f3sachic. En Ju\u00e1rez, Chihuahua, Delicias, Camargo y Jim\u00e9nez, la m\u00ednima podr\u00eda rondar los 8\u00b0C.<\/p>\n\n\n\n<p class=\"wp-block-paragraph\">La CEPC exhorta a la ciudadan\u00eda a tomar precauciones para protegerse de las bajas temperaturas y evitar afectaciones a la salud.<\/p>\n","protected":false},"excerpt":{"rendered":"<p>Chihuahua, Chih.- La Coordinaci\u00f3n Estatal de Protecci\u00f3n Civil (CEPC), emiti\u00f3 un aviso preventivo a la poblaci\u00f3n ante el pron\u00f3stico de lluvias y descenso de temperaturas previsto para este viernes y durante el fin de semana. Lo anterior se deriva del desplazamiento del frente fr\u00edo n\u00famero 13 por territorio chihuahuense y la llegada de una masa [&hellip;]<\/p>\n","protected":false},"author":6,"featured_media":48713,"comment_status":"open","ping_status":"open","sticky":false,"template":"","format":"standard","meta":{"_acf_changed":false,"_monsterinsights_skip_tracking":false,"slim_seo":{"title":"Anuncia Protecci\u00f3n Civil descenso en temperaturas y lluvias por el frente fr\u00edo 13 - Opini\u00f3n P\u00fablica","description":"Chihuahua, Chih .- La Coordinaci\u00f3n Estatal de Protecci\u00f3n Civil (CEPC), emiti\u00f3 un aviso preventivo a la poblaci\u00f3n ante el pron\u00f3stico de lluvias y descenso de tem"},"footnotes":""},"categories":[11],"tags":[],"class_list":["post-48708","post","type-post","status-publish","format-standard","has-post-thumbnail","hentry","category-tendencias"],"acf":[],"_links":{"self":[{"href":"https:\/\/www.opinionpublica.tv\/portada\/wp-json\/wp\/v2\/posts\/48708","targetHints":{"allow":["GET"]}}],"collection":[{"href":"https:\/\/www.opinionpublica.tv\/portada\/wp-json\/wp\/v2\/posts"}],"about":[{"href":"https:\/\/www.opinionpublica.tv\/portada\/wp-json\/wp\/v2\/types\/post"}],"author":[{"embeddable":true,"href":"https:\/\/www.opinionpublica.tv\/portada\/wp-json\/wp\/v2\/users\/6"}],"replies":[{"embeddable":true,"href":"https:\/\/www.opinionpublica.tv\/portada\/wp-json\/wp\/v2\/comments?post=48708"}],"version-history":[{"count":4,"href":"https:\/\/www.opinionpublica.tv\/portada\/wp-json\/wp\/v2\/posts\/48708\/revisions"}],"predecessor-version":[{"id":48714,"href":"https:\/\/www.opinionpublica.tv\/portada\/wp-json\/wp\/v2\/posts\/48708\/revisions\/48714"}],"wp:featuredmedia":[{"embeddable":true,"href":"https:\/\/www.opinionpublica.tv\/portada\/wp-json\/wp\/v2\/media\/48713"}],"wp:attachment":[{"href":"https:\/\/www.opinionpublica.tv\/portada\/wp-json\/wp\/v2\/media?parent=48708"}],"wp:term":[{"taxonomy":"category","embeddable":true,"href":"https:\/\/www.opinionpublica.tv\/portada\/wp-json\/wp\/v2\/categories?post=48708"},{"taxonomy":"post_tag","embeddable":true,"href":"https:\/\/www.opinionpublica.tv\/portada\/wp-json\/wp\/v2\/tags?post=48708"}],"curies":[{"name":"wp","href":"https:\/\/api.w.org\/{rel}","templated":true}]}}