{"id":48702,"date":"2024-12-06T00:01:00","date_gmt":"2024-12-06T07:01:00","guid":{"rendered":"https:\/\/www.opinionpublica.tv\/portada\/?p=48702"},"modified":"2024-12-05T21:46:01","modified_gmt":"2024-12-06T04:46:01","slug":"participa-presidente-municipal-perez-cuellar-en-el-aniversario-40-de-coclisa","status":"publish","type":"post","link":"https:\/\/www.opinionpublica.tv\/portada\/participa-presidente-municipal-perez-cuellar-en-el-aniversario-40-de-coclisa\/","title":{"rendered":"Participa presidente municipal P\u00e9rez Cu\u00e9llar en el aniversario 40 de la maquiladora Coclisa"},"content":{"rendered":"\n<figure class=\"wp-block-image size-large\"><img fetchpriority=\"high\" decoding=\"async\" width=\"1024\" height=\"682\" src=\"https:\/\/www.opinionpublica.tv\/portada\/wp-content\/uploads\/2024\/12\/Participa-presidente-municipal-Perez-Cuellar-en-el-aniversario-40-de-la-maquiladora-Coclisa-1024x682.jpeg\" alt=\"Participa Presidente Municipal Pe\u0301rez Cue\u0301llar En El Aniversario 40 De La Maquiladora Coclisa\" class=\"wp-image-48706\" srcset=\"https:\/\/www.opinionpublica.tv\/portada\/wp-content\/uploads\/2024\/12\/Participa-presidente-municipal-Perez-Cuellar-en-el-aniversario-40-de-la-maquiladora-Coclisa-1024x682.jpeg 1024w, https:\/\/www.opinionpublica.tv\/portada\/wp-content\/uploads\/2024\/12\/Participa-presidente-municipal-Perez-Cuellar-en-el-aniversario-40-de-la-maquiladora-Coclisa-300x200.jpeg 300w, https:\/\/www.opinionpublica.tv\/portada\/wp-content\/uploads\/2024\/12\/Participa-presidente-municipal-Perez-Cuellar-en-el-aniversario-40-de-la-maquiladora-Coclisa-768x512.jpeg 768w, https:\/\/www.opinionpublica.tv\/portada\/wp-content\/uploads\/2024\/12\/Participa-presidente-municipal-Perez-Cuellar-en-el-aniversario-40-de-la-maquiladora-Coclisa-1536x1023.jpeg 1536w, https:\/\/www.opinionpublica.tv\/portada\/wp-content\/uploads\/2024\/12\/Participa-presidente-municipal-Perez-Cuellar-en-el-aniversario-40-de-la-maquiladora-Coclisa.jpeg 1600w\" sizes=\"(max-width: 1024px) 100vw, 1024px\" \/><\/figure>\n\n\n\n<p class=\"wp-block-paragraph\"><em>Ciudad Ju\u00e1rez, Chih<\/em>.- El presidente municipal, Cruz P\u00e9rez Cu\u00e9llar, se uni\u00f3 a los festejos del 40 aniversario de la empresa Hanon Sistems Coclisa.<\/p>\n\n\n\n<p class=\"wp-block-paragraph\">Indic\u00f3 que es motivo de orgullo y felicidad saber que se est\u00e1n celebrando cuatro d\u00e9cadas de servicio, pero tambi\u00e9n es importante agradecer porque la empresa ha brindado empleo a los juarenses durante todo ese tiempo.<\/p>\n\n\n\n<p class=\"wp-block-paragraph\">Coment\u00f3 que actualmente Coclisa est\u00e1 conformada por 3 mil 500 trabajadores y dispone de cinco instalaciones en esta localidad; adem\u00e1s, de las 53 plantas que hay en el mundo, la m\u00e1s grande se encuentra en Ciudad Ju\u00e1rez.<\/p>\n\n\n\n<p class=\"wp-block-paragraph\">Reconoci\u00f3 a los trabajadores en general, pero principalmente a quienes tienen m\u00e1s de 25 a\u00f1os en esa empresa, ya que han ido construyendo una tradici\u00f3n industrial en Ju\u00e1rez y forman parte de la mejor fuerza laboral del mundo, justo lo que distingue a esta frontera.<\/p>\n\n\n\n<p class=\"wp-block-paragraph\">Agradeci\u00f3 a los gerentes la invitaci\u00f3n al festejo, pero principalmente porque est\u00e1n invirtiendo en esta localidad, por ello cuentan con el Gobierno Municipal como un aliado, en lo que sea posible.<\/p>\n\n\n\n<p class=\"wp-block-paragraph\">Frederic Floy, vicepresidente de operaciones de Coclisa en Am\u00e9rica, dio la bienvenida al alcalde e indic\u00f3 que la empresa automotriz inici\u00f3 en 1984 con 25 t\u00e9cnicos y 13 empleados administrativos.<\/p>\n\n\n\n<p class=\"wp-block-paragraph\">Agradeci\u00f3 al Gobierno Municipal por el apoyo que brinda a la industria maquiladora en esta localidad.<\/p>\n\n\n\n<p class=\"wp-block-paragraph\">El alcalde entreg\u00f3 un reconocimiento a la empresa con motivo del 40 aniversario de su creaci\u00f3n; adem\u00e1s particip\u00f3 en la develaci\u00f3n de la placa de la maquiladora.<\/p>\n","protected":false},"excerpt":{"rendered":"<p>Ciudad Ju\u00e1rez, Chih.- El presidente municipal, Cruz P\u00e9rez Cu\u00e9llar, se uni\u00f3 a los festejos del 40 aniversario de la empresa Hanon Sistems Coclisa. Indic\u00f3 que es motivo de orgullo y felicidad saber que se est\u00e1n celebrando cuatro d\u00e9cadas de servicio, pero tambi\u00e9n es importante agradecer porque la empresa ha brindado empleo a los juarenses durante [&hellip;]<\/p>\n","protected":false},"author":6,"featured_media":48706,"comment_status":"open","ping_status":"open","sticky":false,"template":"","format":"standard","meta":{"_acf_changed":false,"_monsterinsights_skip_tracking":false,"slim_seo":{"title":"Participa presidente municipal P\u00e9rez Cu\u00e9llar en el aniversario 40 de la maquiladora Coclisa - Opini\u00f3n P\u00fablica","description":"Ciudad Ju\u00e1rez, Chih .- El presidente municipal, Cruz P\u00e9rez Cu\u00e9llar, se uni\u00f3 a los festejos del 40 aniversario de la empresa Hanon Sistems Coclisa. Indic\u00f3 que es"},"footnotes":""},"categories":[41],"tags":[],"class_list":["post-48702","post","type-post","status-publish","format-standard","has-post-thumbnail","hentry","category-juarez"],"acf":[],"_links":{"self":[{"href":"https:\/\/www.opinionpublica.tv\/portada\/wp-json\/wp\/v2\/posts\/48702","targetHints":{"allow":["GET"]}}],"collection":[{"href":"https:\/\/www.opinionpublica.tv\/portada\/wp-json\/wp\/v2\/posts"}],"about":[{"href":"https:\/\/www.opinionpublica.tv\/portada\/wp-json\/wp\/v2\/types\/post"}],"author":[{"embeddable":true,"href":"https:\/\/www.opinionpublica.tv\/portada\/wp-json\/wp\/v2\/users\/6"}],"replies":[{"embeddable":true,"href":"https:\/\/www.opinionpublica.tv\/portada\/wp-json\/wp\/v2\/comments?post=48702"}],"version-history":[{"count":3,"href":"https:\/\/www.opinionpublica.tv\/portada\/wp-json\/wp\/v2\/posts\/48702\/revisions"}],"predecessor-version":[{"id":48707,"href":"https:\/\/www.opinionpublica.tv\/portada\/wp-json\/wp\/v2\/posts\/48702\/revisions\/48707"}],"wp:featuredmedia":[{"embeddable":true,"href":"https:\/\/www.opinionpublica.tv\/portada\/wp-json\/wp\/v2\/media\/48706"}],"wp:attachment":[{"href":"https:\/\/www.opinionpublica.tv\/portada\/wp-json\/wp\/v2\/media?parent=48702"}],"wp:term":[{"taxonomy":"category","embeddable":true,"href":"https:\/\/www.opinionpublica.tv\/portada\/wp-json\/wp\/v2\/categories?post=48702"},{"taxonomy":"post_tag","embeddable":true,"href":"https:\/\/www.opinionpublica.tv\/portada\/wp-json\/wp\/v2\/tags?post=48702"}],"curies":[{"name":"wp","href":"https:\/\/api.w.org\/{rel}","templated":true}]}}