{"id":48692,"date":"2024-12-06T00:01:00","date_gmt":"2024-12-06T07:01:00","guid":{"rendered":"https:\/\/www.opinionpublica.tv\/portada\/?p=48692"},"modified":"2024-12-05T21:34:36","modified_gmt":"2024-12-06T04:34:36","slug":"evangelio-de-hoy-viernes-6-de-diciembre-de-2024","status":"publish","type":"post","link":"https:\/\/www.opinionpublica.tv\/portada\/evangelio-de-hoy-viernes-6-de-diciembre-de-2024\/","title":{"rendered":"Video: Evangelio de hoy, viernes 6 de diciembre de 2024"},"content":{"rendered":"\n<figure class=\"wp-block-embed is-type-video is-provider-youtube wp-block-embed-youtube wp-embed-aspect-16-9 wp-has-aspect-ratio\"><div class=\"wp-block-embed__wrapper\">\n<iframe title=\"Evangelio de Hoy Viernes 06 de Diciembre de 2024 | REFLEXI\u00d3N | Red Catolica\" width=\"800\" height=\"450\" src=\"https:\/\/www.youtube.com\/embed\/Qte09i8fteg?feature=oembed\" frameborder=\"0\" allow=\"accelerometer; autoplay; clipboard-write; encrypted-media; gyroscope; picture-in-picture; web-share\" referrerpolicy=\"strict-origin-when-cross-origin\" allowfullscreen><\/iframe>\n<\/div><\/figure>\n\n\n\n<p class=\"wp-block-paragraph\"><em>\u201cTodo el que es de la verdad, escucha mi voz.\u201d Jn 18, 33-37.<\/em><\/p>\n\n\n\n<p class=\"wp-block-paragraph\"><strong>Reflexiones para este viernes<\/strong><\/p>\n\n\n\n<p class=\"wp-block-paragraph\">1. Quiero que seas mi Rey, mi Due\u00f1o.<\/p>\n\n\n\n<p class=\"wp-block-paragraph\">2. Jes\u00fas es el centro de la creaci\u00f3n.<\/p>\n\n\n\n<p class=\"wp-block-paragraph\">3. Cristo es centro del pueblo de Dios.<\/p>\n","protected":false},"excerpt":{"rendered":"<p>\u201cTodo el que es de la verdad, escucha mi voz.\u201d Jn 18, 33-37. Reflexiones para este viernes 1. Quiero que seas mi Rey, mi Due\u00f1o. 2. Jes\u00fas es el centro de la creaci\u00f3n. 3. Cristo es centro del pueblo de Dios.<\/p>\n","protected":false},"author":6,"featured_media":48695,"comment_status":"open","ping_status":"open","sticky":false,"template":"","format":"standard","meta":{"_acf_changed":false,"_monsterinsights_skip_tracking":false,"slim_seo":{"title":"Video: Evangelio de hoy, viernes 6 de diciembre de 2024 - Opini\u00f3n P\u00fablica","description":"https:\/\/youtu.be\/Qte09i8fteg?si=1b028PWoNYq4bdpy \u201cTodo el que es de la verdad, escucha mi voz.\u201d Jn 18, 33-37. Reflexiones para este viernes 1. Quiero que seas m"},"footnotes":""},"categories":[2,13,8],"tags":[],"class_list":["post-48692","post","type-post","status-publish","format-standard","has-post-thumbnail","hentry","category-videos-destacados","category-videos-destacados-contenido","category-videos"],"acf":[],"_links":{"self":[{"href":"https:\/\/www.opinionpublica.tv\/portada\/wp-json\/wp\/v2\/posts\/48692","targetHints":{"allow":["GET"]}}],"collection":[{"href":"https:\/\/www.opinionpublica.tv\/portada\/wp-json\/wp\/v2\/posts"}],"about":[{"href":"https:\/\/www.opinionpublica.tv\/portada\/wp-json\/wp\/v2\/types\/post"}],"author":[{"embeddable":true,"href":"https:\/\/www.opinionpublica.tv\/portada\/wp-json\/wp\/v2\/users\/6"}],"replies":[{"embeddable":true,"href":"https:\/\/www.opinionpublica.tv\/portada\/wp-json\/wp\/v2\/comments?post=48692"}],"version-history":[{"count":2,"href":"https:\/\/www.opinionpublica.tv\/portada\/wp-json\/wp\/v2\/posts\/48692\/revisions"}],"predecessor-version":[{"id":48694,"href":"https:\/\/www.opinionpublica.tv\/portada\/wp-json\/wp\/v2\/posts\/48692\/revisions\/48694"}],"wp:featuredmedia":[{"embeddable":true,"href":"https:\/\/www.opinionpublica.tv\/portada\/wp-json\/wp\/v2\/media\/48695"}],"wp:attachment":[{"href":"https:\/\/www.opinionpublica.tv\/portada\/wp-json\/wp\/v2\/media?parent=48692"}],"wp:term":[{"taxonomy":"category","embeddable":true,"href":"https:\/\/www.opinionpublica.tv\/portada\/wp-json\/wp\/v2\/categories?post=48692"},{"taxonomy":"post_tag","embeddable":true,"href":"https:\/\/www.opinionpublica.tv\/portada\/wp-json\/wp\/v2\/tags?post=48692"}],"curies":[{"name":"wp","href":"https:\/\/api.w.org\/{rel}","templated":true}]}}