{"id":48680,"date":"2024-12-06T00:01:00","date_gmt":"2024-12-06T07:01:00","guid":{"rendered":"https:\/\/www.opinionpublica.tv\/portada\/?p=48680"},"modified":"2024-12-05T21:27:11","modified_gmt":"2024-12-06T04:27:11","slug":"claudia-sheinbaum-pide-a-empresarios-colaborar-en-plan-mexico-buscan-reforzar-estrategia-nacional-de-economia","status":"publish","type":"post","link":"https:\/\/www.opinionpublica.tv\/portada\/claudia-sheinbaum-pide-a-empresarios-colaborar-en-plan-mexico-buscan-reforzar-estrategia-nacional-de-economia\/","title":{"rendered":"Presidenta Sheinbaum pide a empresarios colaborar en Plan M\u00e9xico y reforzar econom\u00eda"},"content":{"rendered":"\n<figure class=\"wp-block-image size-full\"><img fetchpriority=\"high\" decoding=\"async\" width=\"651\" height=\"400\" src=\"https:\/\/www.opinionpublica.tv\/portada\/wp-content\/uploads\/2024\/12\/Presidenta-Sheinbaum-pide-a-empresarios-colaborar-en-Plan-Mexico-y-reforzar-economia.avif\" alt=\"Presidenta Sheinbaum Pide A Empresarios Colaborar En Plan Me\u0301xico Y Reforzar Economi\u0301a\" class=\"wp-image-48686\"\/><\/figure>\n\n\n\n<p class=\"wp-block-paragraph\"><em>Ciudad de M\u00e9xico<\/em>.- La presidenta Claudia Sheinbaum Pardo inform\u00f3 que en la reuni\u00f3n que sostuvo con los empresarios del Consejo Mexicano de Negocios platic\u00f3 del Plan M\u00e9xico, estrategia nacional que busca reforzar la econom\u00eda.<\/p>\n\n\n\n<p class=\"wp-block-paragraph\">\u201c\u00bfQue temas fueron los que tocaron?\u201d, se le pregunt\u00f3 al salir del Museo Kaluz.<\/p>\n\n\n\n<p class=\"wp-block-paragraph\">\u201cPlaticamos del Plan M\u00e9xico que he estado platicando en la ma\u00f1aneras\u201d, contest\u00f3.<\/p>\n\n\n\n<p class=\"wp-block-paragraph\">\u201c\u00bfQue le pidieron los empresario?\u201d, se le insisti\u00f3.<\/p>\n\n\n\n<p class=\"wp-block-paragraph\">\u201cNada, c\u00f3mo pod\u00edan colaborar as\u00ed que les habl\u00e9 del Plan M\u00e9xico\u201d, respondi\u00f3.<\/p>\n\n\n\n<p class=\"wp-block-paragraph\">\u00bfQui\u00e9nes estuvieron en la reuni\u00f3n de empresarios con Sheinbaum?<\/p>\n\n\n\n<p class=\"wp-block-paragraph\">En la reuni\u00f3n estuvieron los empresarios:<\/p>\n\n\n\n<p class=\"wp-block-paragraph\">Antonio del Valle Ruiz, due\u00f1o de Orbia Advance Corporation, S.A.B. de C.V.<\/p>\n\n\n\n<p class=\"wp-block-paragraph\">Daniel Serviitje, presidente ejecutivo de Grupo Bimbo<\/p>\n\n\n\n<p class=\"wp-block-paragraph\">Agust\u00edn Coppel Luken, director ejecutivo de Coppel<\/p>\n\n\n\n<p class=\"wp-block-paragraph\">Pablo Azc\u00e1rraga, presidente de la Asociaci\u00f3n de Inversionistas en Hoteles y Empresas Tur\u00edsticas (AIHET)<\/p>\n\n\n\n<p class=\"wp-block-paragraph\">Juan Ignacio Gallardo Thurlow, presidente de la conglomerada industrial Organizaci\u00f3n Cultiba. (El Universal)<\/p>\n","protected":false},"excerpt":{"rendered":"<p>Ciudad de M\u00e9xico.- La presidenta Claudia Sheinbaum Pardo inform\u00f3 que en la reuni\u00f3n que sostuvo con los empresarios del Consejo Mexicano de Negocios platic\u00f3 del Plan M\u00e9xico, estrategia nacional que busca reforzar la econom\u00eda. \u201c\u00bfQue temas fueron los que tocaron?\u201d, se le pregunt\u00f3 al salir del Museo Kaluz. \u201cPlaticamos del Plan M\u00e9xico que he estado [&hellip;]<\/p>\n","protected":false},"author":6,"featured_media":48686,"comment_status":"open","ping_status":"open","sticky":false,"template":"","format":"standard","meta":{"_acf_changed":false,"_monsterinsights_skip_tracking":false,"slim_seo":{"title":"Presidenta Sheinbaum pide a empresarios colaborar en Plan M\u00e9xico y reforzar econom\u00eda - Opini\u00f3n P\u00fablica","description":"Ciudad de M\u00e9xico .- La presidenta Claudia Sheinbaum Pardo inform\u00f3 que en la reuni\u00f3n que sostuvo con los empresarios del Consejo Mexicano de Negocios platic\u00f3 del"},"footnotes":""},"categories":[4],"tags":[],"class_list":["post-48680","post","type-post","status-publish","format-standard","has-post-thumbnail","hentry","category-pulsopolitico"],"acf":[],"_links":{"self":[{"href":"https:\/\/www.opinionpublica.tv\/portada\/wp-json\/wp\/v2\/posts\/48680","targetHints":{"allow":["GET"]}}],"collection":[{"href":"https:\/\/www.opinionpublica.tv\/portada\/wp-json\/wp\/v2\/posts"}],"about":[{"href":"https:\/\/www.opinionpublica.tv\/portada\/wp-json\/wp\/v2\/types\/post"}],"author":[{"embeddable":true,"href":"https:\/\/www.opinionpublica.tv\/portada\/wp-json\/wp\/v2\/users\/6"}],"replies":[{"embeddable":true,"href":"https:\/\/www.opinionpublica.tv\/portada\/wp-json\/wp\/v2\/comments?post=48680"}],"version-history":[{"count":6,"href":"https:\/\/www.opinionpublica.tv\/portada\/wp-json\/wp\/v2\/posts\/48680\/revisions"}],"predecessor-version":[{"id":48687,"href":"https:\/\/www.opinionpublica.tv\/portada\/wp-json\/wp\/v2\/posts\/48680\/revisions\/48687"}],"wp:featuredmedia":[{"embeddable":true,"href":"https:\/\/www.opinionpublica.tv\/portada\/wp-json\/wp\/v2\/media\/48686"}],"wp:attachment":[{"href":"https:\/\/www.opinionpublica.tv\/portada\/wp-json\/wp\/v2\/media?parent=48680"}],"wp:term":[{"taxonomy":"category","embeddable":true,"href":"https:\/\/www.opinionpublica.tv\/portada\/wp-json\/wp\/v2\/categories?post=48680"},{"taxonomy":"post_tag","embeddable":true,"href":"https:\/\/www.opinionpublica.tv\/portada\/wp-json\/wp\/v2\/tags?post=48680"}],"curies":[{"name":"wp","href":"https:\/\/api.w.org\/{rel}","templated":true}]}}