{"id":48252,"date":"2024-11-30T00:01:00","date_gmt":"2024-11-30T07:01:00","guid":{"rendered":"https:\/\/www.opinionpublica.tv\/portada\/?p=48252"},"modified":"2024-11-29T19:16:30","modified_gmt":"2024-11-30T02:16:30","slug":"inicia-regulacion-comercial-expedicion-de-permisos-para-ventas-navidenas","status":"publish","type":"post","link":"https:\/\/www.opinionpublica.tv\/portada\/inicia-regulacion-comercial-expedicion-de-permisos-para-ventas-navidenas\/","title":{"rendered":"Inicia Regulaci\u00f3n Comercial expedici\u00f3n de permisos para ventas navide\u00f1as en Ju\u00e1rez"},"content":{"rendered":"\n<figure class=\"wp-block-image size-full\"><img fetchpriority=\"high\" decoding=\"async\" width=\"700\" height=\"393\" src=\"https:\/\/www.opinionpublica.tv\/portada\/wp-content\/uploads\/2024\/11\/Inicia-Regulacion-Comercial-expedicion-de-permisos-para-ventas-navidenas-en-Juarez.jpg\" alt=\"Inicia Regulacio\u0301n Comercial Expedicio\u0301n De Permisos Para Ventas Naviden\u0303as En Jua\u0301rez\" class=\"wp-image-48255\" srcset=\"https:\/\/www.opinionpublica.tv\/portada\/wp-content\/uploads\/2024\/11\/Inicia-Regulacion-Comercial-expedicion-de-permisos-para-ventas-navidenas-en-Juarez.jpg 700w, https:\/\/www.opinionpublica.tv\/portada\/wp-content\/uploads\/2024\/11\/Inicia-Regulacion-Comercial-expedicion-de-permisos-para-ventas-navidenas-en-Juarez-300x168.jpg 300w\" sizes=\"(max-width: 700px) 100vw, 700px\" \/><\/figure>\n\n\n\n<p class=\"wp-block-paragraph\"><em>Ciudad Ju\u00e1rez, Chih<\/em>.- La Direcci\u00f3n de Regulaci\u00f3n Comercial ya empez\u00f3 con la expedici\u00f3n de permisos para que los vendedores oferten sus productos alusivos a Navidad en diferentes puntos de la ciudad.<\/p>\n\n\n\n<p class=\"wp-block-paragraph\">El titular de la dependencia, Arturo Urquidi Astorga, inform\u00f3 que est\u00e1n otorgando los permisos desde la semana pasada y hasta el d\u00eda 25 de diciembre del 2024.<\/p>\n\n\n\n<p class=\"wp-block-paragraph\">Dijo que los comerciantes \u201cestar\u00e1n ofreciendo productos alusivos a la Navidad, como lo son luces, art\u00edculos navide\u00f1os, gorros, figuras led, inflables, entre otros\u201d.<\/p>\n\n\n\n<p class=\"wp-block-paragraph\">El funcionario agreg\u00f3 que los requisitos para obtener el permiso son: credencial de elector vigente y ubicaci\u00f3n de d\u00f3nde estar\u00e1 el puesto semifijo.<\/p>\n\n\n\n<p class=\"wp-block-paragraph\">Indic\u00f3 que la ubicaci\u00f3n podr\u00e1 ser en cualquier lugar siempre y cuando no obstruya banquetas y no cause conflicto.<\/p>\n\n\n\n<p class=\"wp-block-paragraph\">\u201cEl costo por el permiso semifijo es de 1,195 pesos por toda la temporada\u201d, agreg\u00f3 el funcionario.<\/p>\n\n\n\n<p class=\"wp-block-paragraph\">Resalt\u00f3 que hasta la fecha se han otorgado ocho permisos y se est\u00e1 realizando la invitaci\u00f3n a los comerciantes de este giro que acudan a la Direcci\u00f3n de Regulaci\u00f3n Comercial a tramitar su permiso, la cual se ubica en la calle Mauricio Corredor 467 en la Zona Centro.<\/p>\n","protected":false},"excerpt":{"rendered":"<p>Ciudad Ju\u00e1rez, Chih.- La Direcci\u00f3n de Regulaci\u00f3n Comercial ya empez\u00f3 con la expedici\u00f3n de permisos para que los vendedores oferten sus productos alusivos a Navidad en diferentes puntos de la ciudad. El titular de la dependencia, Arturo Urquidi Astorga, inform\u00f3 que est\u00e1n otorgando los permisos desde la semana pasada y hasta el d\u00eda 25 de [&hellip;]<\/p>\n","protected":false},"author":6,"featured_media":48255,"comment_status":"open","ping_status":"open","sticky":false,"template":"","format":"standard","meta":{"_acf_changed":false,"_monsterinsights_skip_tracking":false,"slim_seo":{"title":"Inicia Regulaci\u00f3n Comercial expedici\u00f3n de permisos para ventas navide\u00f1as en Ju\u00e1rez - Opini\u00f3n P\u00fablica","description":"Ciudad Ju\u00e1rez, Chih .- La Direcci\u00f3n de Regulaci\u00f3n Comercial ya empez\u00f3 con la expedici\u00f3n de permisos para que los vendedores oferten sus productos alusivos a Nav"},"footnotes":""},"categories":[41],"tags":[],"class_list":["post-48252","post","type-post","status-publish","format-standard","has-post-thumbnail","hentry","category-juarez"],"acf":[],"_links":{"self":[{"href":"https:\/\/www.opinionpublica.tv\/portada\/wp-json\/wp\/v2\/posts\/48252","targetHints":{"allow":["GET"]}}],"collection":[{"href":"https:\/\/www.opinionpublica.tv\/portada\/wp-json\/wp\/v2\/posts"}],"about":[{"href":"https:\/\/www.opinionpublica.tv\/portada\/wp-json\/wp\/v2\/types\/post"}],"author":[{"embeddable":true,"href":"https:\/\/www.opinionpublica.tv\/portada\/wp-json\/wp\/v2\/users\/6"}],"replies":[{"embeddable":true,"href":"https:\/\/www.opinionpublica.tv\/portada\/wp-json\/wp\/v2\/comments?post=48252"}],"version-history":[{"count":3,"href":"https:\/\/www.opinionpublica.tv\/portada\/wp-json\/wp\/v2\/posts\/48252\/revisions"}],"predecessor-version":[{"id":48256,"href":"https:\/\/www.opinionpublica.tv\/portada\/wp-json\/wp\/v2\/posts\/48252\/revisions\/48256"}],"wp:featuredmedia":[{"embeddable":true,"href":"https:\/\/www.opinionpublica.tv\/portada\/wp-json\/wp\/v2\/media\/48255"}],"wp:attachment":[{"href":"https:\/\/www.opinionpublica.tv\/portada\/wp-json\/wp\/v2\/media?parent=48252"}],"wp:term":[{"taxonomy":"category","embeddable":true,"href":"https:\/\/www.opinionpublica.tv\/portada\/wp-json\/wp\/v2\/categories?post=48252"},{"taxonomy":"post_tag","embeddable":true,"href":"https:\/\/www.opinionpublica.tv\/portada\/wp-json\/wp\/v2\/tags?post=48252"}],"curies":[{"name":"wp","href":"https:\/\/api.w.org\/{rel}","templated":true}]}}