{"id":48245,"date":"2024-11-30T00:01:00","date_gmt":"2024-11-30T07:01:00","guid":{"rendered":"https:\/\/www.opinionpublica.tv\/portada\/?p=48245"},"modified":"2024-11-29T19:09:10","modified_gmt":"2024-11-30T02:09:10","slug":"trudeau-llega-a-florida-para-reunirse-con-trump-tras-las-amenazas-arancelarias-a-canada","status":"publish","type":"post","link":"https:\/\/www.opinionpublica.tv\/portada\/trudeau-llega-a-florida-para-reunirse-con-trump-tras-las-amenazas-arancelarias-a-canada\/","title":{"rendered":"Trudeau llega a Florida para reunirse con Trump tras las amenazas contra Canad\u00e1"},"content":{"rendered":"\n<figure class=\"wp-block-image size-full\"><img fetchpriority=\"high\" decoding=\"async\" width=\"1600\" height=\"900\" src=\"https:\/\/www.opinionpublica.tv\/portada\/wp-content\/uploads\/2024\/11\/Trudeau-llega-a-Florida-para-reunirse-con-Trump-tras-las-amenazas-contra-Canada.avif\" alt=\"Trudeau Llega A Florida Para Reunirse Con Trump Tras Las Amenazas Contra Canada\u0301\" class=\"wp-image-48249\"\/><\/figure>\n\n\n\n<p class=\"wp-block-paragraph\"><em>Miami, Florida, EU<\/em>.- El primer ministro de Canad\u00e1, Justin Trudeau, se reunir\u00e1 con el presidente electo Donald Trump este viernes en su residencia en Mar-a-Lago, seg\u00fan personas familiarizadas con sus planes, mientras el l\u00edder entrante de Estados Unidos amenaza con implementar nuevos aranceles a los pa\u00edses vecinos a menos que detengan el flujo de drogas ilegales y de migrantes indocumentados a trav\u00e9s de las fronteras.<\/p>\n\n\n\n<p class=\"wp-block-paragraph\">Trudeau aterriz\u00f3 en West Palm Beach, Florida, el viernes por la noche antes de la reuni\u00f3n con Trump. Las personas familiarizadas con los planes hablaron bajo condici\u00f3n de anonimato para compartir detalles sobre la reuni\u00f3n.<\/p>\n\n\n\n<p class=\"wp-block-paragraph\">Aranceles de Trump a Canad\u00e1<\/p>\n\n\n\n<p class=\"wp-block-paragraph\">A principios de esta semana, Trump prometi\u00f3 imponer aranceles adicionales a Canad\u00e1, M\u00e9xico y China, consider\u00e1ndolos necesarios para asegurar las fronteras estadounidenses, una de las principales preocupaciones de los votantes en las elecciones presidenciales de noviembre.<\/p>\n\n\n\n<p class=\"wp-block-paragraph\">El presidente electo dijo que impondr\u00eda aranceles adicionales del 10 por ciento a los productos de China y del 25 por ciento a todos los productos de M\u00e9xico y Canad\u00e1 si no actuaban.<\/p>\n\n\n\n<p class=\"wp-block-paragraph\">Trudeau advierte que aranceles destruir\u00e1n empleos en ambos pa\u00edses<\/p>\n\n\n\n<p class=\"wp-block-paragraph\">El primer ministro canadiense, Justin Trudeau, advirti\u00f3 el mi\u00e9rcoles que los aranceles del 25 por ciento que el presidente electo Donald Trump quiere imponer a sus socios norteamericanos destruir\u00e1n empleos en Canad\u00e1 y Estados Unidos.<\/p>\n\n\n\n<p class=\"wp-block-paragraph\">Trudeau se reuni\u00f3 en la noche del mi\u00e9rcoles con los jefes de Gobierno de las 11 provincias del pa\u00eds para perfilar una estrategia com\u00fan ante los aranceles con los que Trump ha amenazado a Canad\u00e1 y M\u00e9xico en represalia por el flujo de drogas e inmigrantes ilegales a Estados Unidos.<\/p>\n\n\n\n<p class=\"wp-block-paragraph\">La estrategia de Canad\u00e1 hasta el momento es desasociarse tanto como sea posible de M\u00e9xico y recalcar que la frontera norte de Estados Unidos es segura para evitar que Trump haga realidad su amenaza e imponga unos aranceles que los economistas advierten sumir\u00e1n al pa\u00eds en una recesi\u00f3n.<\/p>\n\n\n\n<p class=\"wp-block-paragraph\">La Oficina del Primer Ministro de Canad\u00e1 se\u00f1al\u00f3 en un comunicado que durante la reuni\u00f3n con las provincias, Trudeau \u201csubray\u00f3 que el n\u00famero migrantes que intentan viajar de Canad\u00e1 a Estados Unidos es una fracci\u00f3n de los que intentan viajar de M\u00e9xico a Estados Unidos\u201d.<\/p>\n\n\n\n<p class=\"wp-block-paragraph\">El primer ministro tambi\u00e9n se comprometi\u00f3 a trabajar con los jefes de Gobierno provinciales \u201cpara promover Canad\u00e1 como un socio comercial seguro y fiable, incluido en minerales cr\u00edticos, recursos naturales y energ\u00eda\u201d. (El Financiero)<\/p>\n","protected":false},"excerpt":{"rendered":"<p>Miami, Florida, EU.- El primer ministro de Canad\u00e1, Justin Trudeau, se reunir\u00e1 con el presidente electo Donald Trump este viernes en su residencia en Mar-a-Lago, seg\u00fan personas familiarizadas con sus planes, mientras el l\u00edder entrante de Estados Unidos amenaza con implementar nuevos aranceles a los pa\u00edses vecinos a menos que detengan el flujo de drogas [&hellip;]<\/p>\n","protected":false},"author":6,"featured_media":48249,"comment_status":"open","ping_status":"open","sticky":false,"template":"","format":"standard","meta":{"_acf_changed":false,"_monsterinsights_skip_tracking":false,"slim_seo":{"title":"Trudeau llega a Florida para reunirse con Trump tras las amenazas contra Canad\u00e1 - Opini\u00f3n P\u00fablica","description":"Miami, Florida, EU .- El primer ministro de Canad\u00e1, Justin Trudeau, se reunir\u00e1 con el presidente electo Donald Trump este viernes en su residencia en Mar-a-Lago"},"footnotes":""},"categories":[4],"tags":[],"class_list":["post-48245","post","type-post","status-publish","format-standard","has-post-thumbnail","hentry","category-pulsopolitico"],"acf":[],"_links":{"self":[{"href":"https:\/\/www.opinionpublica.tv\/portada\/wp-json\/wp\/v2\/posts\/48245","targetHints":{"allow":["GET"]}}],"collection":[{"href":"https:\/\/www.opinionpublica.tv\/portada\/wp-json\/wp\/v2\/posts"}],"about":[{"href":"https:\/\/www.opinionpublica.tv\/portada\/wp-json\/wp\/v2\/types\/post"}],"author":[{"embeddable":true,"href":"https:\/\/www.opinionpublica.tv\/portada\/wp-json\/wp\/v2\/users\/6"}],"replies":[{"embeddable":true,"href":"https:\/\/www.opinionpublica.tv\/portada\/wp-json\/wp\/v2\/comments?post=48245"}],"version-history":[{"count":3,"href":"https:\/\/www.opinionpublica.tv\/portada\/wp-json\/wp\/v2\/posts\/48245\/revisions"}],"predecessor-version":[{"id":48250,"href":"https:\/\/www.opinionpublica.tv\/portada\/wp-json\/wp\/v2\/posts\/48245\/revisions\/48250"}],"wp:featuredmedia":[{"embeddable":true,"href":"https:\/\/www.opinionpublica.tv\/portada\/wp-json\/wp\/v2\/media\/48249"}],"wp:attachment":[{"href":"https:\/\/www.opinionpublica.tv\/portada\/wp-json\/wp\/v2\/media?parent=48245"}],"wp:term":[{"taxonomy":"category","embeddable":true,"href":"https:\/\/www.opinionpublica.tv\/portada\/wp-json\/wp\/v2\/categories?post=48245"},{"taxonomy":"post_tag","embeddable":true,"href":"https:\/\/www.opinionpublica.tv\/portada\/wp-json\/wp\/v2\/tags?post=48245"}],"curies":[{"name":"wp","href":"https:\/\/api.w.org\/{rel}","templated":true}]}}