{"id":48177,"date":"2024-11-29T00:01:00","date_gmt":"2024-11-29T07:01:00","guid":{"rendered":"https:\/\/www.opinionpublica.tv\/portada\/?p=48177"},"modified":"2024-11-28T18:18:13","modified_gmt":"2024-11-29T01:18:13","slug":"plan-mexico","status":"publish","type":"post","link":"https:\/\/www.opinionpublica.tv\/portada\/plan-mexico\/","title":{"rendered":"Plan M\u00e9xico"},"content":{"rendered":"\n<h4 class=\"wp-block-heading\">Ra\u00fal Ruiz<\/h4>\n\n\n\n<p class=\"wp-block-paragraph\">___________________________<\/p>\n\n\n\n<p class=\"wp-block-paragraph\">Ante la andanada de amenazas lanzadas por \u00abDonaldo Trompetas\u00bb contra M\u00e9xico, para acalambrar a los ingenuos, la presidenta Claudia Sheinbaum, revira con respuestas pol\u00edticas y argumentos realistas.<\/p>\n\n\n\n<p class=\"wp-block-paragraph\">\u201cNo es con bravuconadas como llegaremos a un entendimiento\u201d. Le respondi\u00f3 en la ma\u00f1anera.<\/p>\n\n\n\n<p class=\"wp-block-paragraph\">Y luego v\u00eda telef\u00f3nica le dijo que la amenaza del aumento a los aranceles si no cerraba la frontera sur para evitar las caravanas de migrantes era superflua, pues M\u00e9xico trabaja ya en varias acciones para disuadir a los centroamericanos y sudamericanos de cruzar ilegalmente a los Estados Unidos.<\/p>\n\n\n\n<p class=\"wp-block-paragraph\">Y le restreg\u00f3 en el rostro que el gobierno que ella conduce, tiene el sustento de pol\u00edticas p\u00fablicas contenidas en una estrategia muy perrona a la que denomina, Plan M\u00e9xico.<\/p>\n\n\n\n<p class=\"wp-block-paragraph\">Plan M\u00e9xico, es una estrategia del gobierno de Claudia Sheinbaum para impulsar el desarrollo econ\u00f3mico del pa\u00eds.<\/p>\n\n\n\n<p class=\"wp-block-paragraph\">Uno de los componentes clave es la creaci\u00f3n de 100 parques industriales que se desarrollar\u00e1n seg\u00fan las vocaciones productivas y recursos naturales de cada regi\u00f3n.<\/p>\n\n\n\n<p class=\"wp-block-paragraph\">Expertos en materia economica estar\u00e1n cargo de promover inversion en M\u00e9xico.<\/p>\n\n\n\n<p class=\"wp-block-paragraph\">Esto incluye la construcci\u00f3n de viviendas, escuelas, carreteras y otras obras de infraestructura.<\/p>\n\n\n\n<p class=\"wp-block-paragraph\">El objetivo principal es fortalecer las cadenas productivas y sustituir importaciones con productos fabricados en M\u00e9xico, con un objetivo de crecimiento econ\u00f3mico del 2.5%.<\/p>\n\n\n\n<p class=\"wp-block-paragraph\">Adem\u00e1s, se busca fomentar inversiones privadas y fortalecer la industria del pa\u00eds.<\/p>\n\n\n\n<p class=\"wp-block-paragraph\">El Plan M\u00e9xico tambi\u00e9n aborda temas cruciales de seguridad y migraci\u00f3n.<\/p>\n\n\n\n<p class=\"wp-block-paragraph\">En cuanto a la seguridad, el gobierno de Claudia Sheinbaum ha destinado una parte significativa del presupuesto a este rubro, con un enfoque en mejorar la seguridad interna y colaborar con Estados Unidos para enfrentar el tr\u00e1fico de drogas y la migraci\u00f3n.<\/p>\n\n\n\n<p class=\"wp-block-paragraph\">En materia de migraci\u00f3n, el plan busca gestionar los flujos migratorios de manera ordenada y segura.<\/p>\n\n\n\n<p class=\"wp-block-paragraph\">Esto incluye la modernizaci\u00f3n de la infraestructura migratoria, la simplificaci\u00f3n de tr\u00e1mites y la promoci\u00f3n de acuerdos internacionales para facilitar la entrada legal de personas extranjeras.<\/p>\n\n\n\n<p class=\"wp-block-paragraph\">Adem\u00e1s, se est\u00e1n implementando medidas para combatir la trata de personas y el tr\u00e1fico de migrantes.<\/p>\n\n\n\n<p class=\"wp-block-paragraph\">Mientras los panuchones, se la viven despotricando contra la pared repitiendo como pericos, sandeces como eso de que estamos sufriendo un aterrador y constante&nbsp; abuso de poder, y que la presidentA, Sheinbaum est\u00e1 trabajando incansable en la construcci\u00f3n de una supuesta dictadura, para destruir por completo el pa\u00eds, ella,&nbsp; responde con acciones, como la construcci\u00f3n del CADERR.<\/p>\n\n\n\n<p class=\"wp-block-paragraph\">O sea la creaci\u00f3n del Consejo Asesor de Desarrollo Econ\u00f3mico Regional y Relocalizaci\u00f3n, pieza clave del plan M\u00e9xico, que busca impulsar un desarrollo econ\u00f3mico incluyente, la relocalizaci\u00f3n estrat\u00e9gica de empresas y la protecci\u00f3n al medio ambiente, todo hecho con \u00e9nfasis en el bienestar social.<\/p>\n\n\n\n<p class=\"wp-block-paragraph\">Con el plan M\u00e9xico, Sheinbaum crea una estrategia integral que supera la dependencia de las din\u00e1micas de mercado y propone un enfoque coordinado entre el sector p\u00fablico y privado.<\/p>\n\n\n\n<p class=\"wp-block-paragraph\">Ha puesto de manifiesto, que:<\/p>\n\n\n\n<p class=\"wp-block-paragraph\">\u00abEs un plan de desarrollo para el pa\u00eds que representa bienestar, estabilidad, y la protecci\u00f3n del medio ambiente, acompa\u00f1ado de aumentos salariales y un paquete econ\u00f3mico robusto\u00bb.<\/p>\n\n\n\n<p class=\"wp-block-paragraph\">\u00bfDe qu\u00e9 se trata?<\/p>\n\n\n\n<p class=\"wp-block-paragraph\">El CADERR, es un complemento del plan M\u00e9xico.<\/p>\n\n\n\n<p class=\"wp-block-paragraph\">Es un Consejo de asesores compuesto por 15 empresarios l\u00edderes de sectores estrat\u00e9gicos como energ\u00eda, turismo, infraestructura, electromovilidad, automotriz, qu\u00edmica, finanzas, dispositivos m\u00e9dicos, comercio, agroindustria, entre otros.<\/p>\n\n\n\n<p class=\"wp-block-paragraph\">Ser\u00e1 liderado por Altagracia G\u00f3mez Sierra cuya labor ser\u00e1 concretar inversiones, generar empleo y fomentar el desarrollo regional mediante la relocalizaci\u00f3n empresarial.<\/p>\n\n\n\n<p class=\"wp-block-paragraph\">Se supone que el CADERR, trabajar\u00e1 de la mano con el Consejo Coordinador Empresarial (CCE) y otras c\u00e1maras empresariales, fortaleciendo alianzas entre el gobierno y el sector privado.<\/p>\n\n\n\n<p class=\"wp-block-paragraph\">Al menos a eso se comprometieron los participantes.<\/p>\n\n\n\n<p class=\"wp-block-paragraph\">Entre los integrantes destacan figuras como Gina Diez Barroso presidenta de Diarq Holding; Blanca Trevi\u00f1o de Softtek; Rodrigo Herrera, fundador de Genomma Lab y Antonio del Valle de Kaluz, todos reconocidos por su liderazgo en sus respectivas industrias.<\/p>\n\n\n\n<p class=\"wp-block-paragraph\">En s\u00edntesis. No creo que Donaldo Trompetas sea tan torpe, como para darse un tiro en el pie.<\/p>\n\n\n\n<p class=\"wp-block-paragraph\">El mism\u00edsimo Marcelo Ebrard, le envi\u00f3 a Trump, un &#8216;bref&#8217;, en el que le explica c\u00f3mo ser\u00eda de contraproducente y costoso para los gringos, la implementaci\u00f3n de ese capricho irracional, de imponer un aumento del 25% a los aranceles.<\/p>\n\n\n\n<p class=\"wp-block-paragraph\">Voy por mi lonche de colita de pavo. Ustedes tranquilos.<\/p>\n","protected":false},"excerpt":{"rendered":"<p>Ra\u00fal Ruiz ___________________________ Ante la andanada de amenazas lanzadas por \u00abDonaldo Trompetas\u00bb contra M\u00e9xico, para acalambrar a los ingenuos, la presidenta Claudia Sheinbaum, revira con respuestas pol\u00edticas y argumentos realistas. \u201cNo es con bravuconadas como llegaremos a un entendimiento\u201d. Le respondi\u00f3 en la ma\u00f1anera. Y luego v\u00eda telef\u00f3nica le dijo que la amenaza del aumento [&hellip;]<\/p>\n","protected":false},"author":6,"featured_media":43347,"comment_status":"open","ping_status":"open","sticky":false,"template":"","format":"standard","meta":{"_acf_changed":false,"_monsterinsights_skip_tracking":false,"slim_seo":{"title":"Plan M\u00e9xico - Opini\u00f3n P\u00fablica","description":"Ra\u00fal Ruiz ___________________________ Ante la andanada de amenazas lanzadas por \"Donaldo Trompetas\" contra M\u00e9xico, para acalambrar a los ingenuos, la presidenta"},"footnotes":""},"categories":[21],"tags":[593],"class_list":["post-48177","post","type-post","status-publish","format-standard","has-post-thumbnail","hentry","category-cartapacio","tag-cartapacio"],"acf":[],"_links":{"self":[{"href":"https:\/\/www.opinionpublica.tv\/portada\/wp-json\/wp\/v2\/posts\/48177","targetHints":{"allow":["GET"]}}],"collection":[{"href":"https:\/\/www.opinionpublica.tv\/portada\/wp-json\/wp\/v2\/posts"}],"about":[{"href":"https:\/\/www.opinionpublica.tv\/portada\/wp-json\/wp\/v2\/types\/post"}],"author":[{"embeddable":true,"href":"https:\/\/www.opinionpublica.tv\/portada\/wp-json\/wp\/v2\/users\/6"}],"replies":[{"embeddable":true,"href":"https:\/\/www.opinionpublica.tv\/portada\/wp-json\/wp\/v2\/comments?post=48177"}],"version-history":[{"count":2,"href":"https:\/\/www.opinionpublica.tv\/portada\/wp-json\/wp\/v2\/posts\/48177\/revisions"}],"predecessor-version":[{"id":48179,"href":"https:\/\/www.opinionpublica.tv\/portada\/wp-json\/wp\/v2\/posts\/48177\/revisions\/48179"}],"wp:featuredmedia":[{"embeddable":true,"href":"https:\/\/www.opinionpublica.tv\/portada\/wp-json\/wp\/v2\/media\/43347"}],"wp:attachment":[{"href":"https:\/\/www.opinionpublica.tv\/portada\/wp-json\/wp\/v2\/media?parent=48177"}],"wp:term":[{"taxonomy":"category","embeddable":true,"href":"https:\/\/www.opinionpublica.tv\/portada\/wp-json\/wp\/v2\/categories?post=48177"},{"taxonomy":"post_tag","embeddable":true,"href":"https:\/\/www.opinionpublica.tv\/portada\/wp-json\/wp\/v2\/tags?post=48177"}],"curies":[{"name":"wp","href":"https:\/\/api.w.org\/{rel}","templated":true}]}}