{"id":48076,"date":"2024-11-28T00:01:00","date_gmt":"2024-11-28T07:01:00","guid":{"rendered":"https:\/\/www.opinionpublica.tv\/portada\/?p=48076"},"modified":"2024-11-27T20:14:52","modified_gmt":"2024-11-28T03:14:52","slug":"trump-busca-imponer-su-agenda-ante-mexico-y-canada-con-amenazas-comerciales-cnn","status":"publish","type":"post","link":"https:\/\/www.opinionpublica.tv\/portada\/trump-busca-imponer-su-agenda-ante-mexico-y-canada-con-amenazas-comerciales-cnn\/","title":{"rendered":"Video CNN: Trump busca imponer su agenda ante M\u00e9xico y Canad\u00e1 con amenazas comerciales"},"content":{"rendered":"\n<figure class=\"wp-block-embed is-type-video is-provider-youtube wp-block-embed-youtube wp-embed-aspect-16-9 wp-has-aspect-ratio\"><div class=\"wp-block-embed__wrapper\">\n<iframe title=\"Analista: Trump busca imponer su agenda ante M\u00e9xico y Canad\u00e1 con las amenazas comerciales\" width=\"800\" height=\"450\" src=\"https:\/\/www.youtube.com\/embed\/15bIaGVc4eo?feature=oembed\" frameborder=\"0\" allow=\"accelerometer; autoplay; clipboard-write; encrypted-media; gyroscope; picture-in-picture; web-share\" referrerpolicy=\"strict-origin-when-cross-origin\" allowfullscreen><\/iframe>\n<\/div><\/figure>\n\n\n\n<p class=\"wp-block-paragraph\"><a href=\"https:\/\/www.youtube.com\/@cnnee\"><\/a><\/p>\n\n\n\n<p class=\"wp-block-paragraph\">Raquel Saed, profesora de la Universidad Iberoamericana, revisa las \u00faltimas declaraciones de los actores pol\u00edticos en el caso de las amenazas de Donald Trump de aplicar aranceles a M\u00e9xico y Canad\u00e1.<\/p>\n\n\n\n<p class=\"wp-block-paragraph\">La experta considera que el presidente electo est\u00e1 actuando como empresario al tratar de imponer desde ahora los temas de su agenda, especialmente el control de la migraci\u00f3n y el tr\u00e1fico de fentanilo, y usa el recurso de las amenazas comerciales como una forma de iniciar las negociaciones con ambos pa\u00edses.<\/p>\n\n\n\n<p class=\"wp-block-paragraph\"><em>Cr\u00e9ditos: CNN en espa\u00f1ol<\/em>.<\/p>\n","protected":false},"excerpt":{"rendered":"<p>Raquel Saed, profesora de la Universidad Iberoamericana, revisa las \u00faltimas declaraciones de los actores pol\u00edticos en el caso de las amenazas de Donald Trump de aplicar aranceles a M\u00e9xico y Canad\u00e1. La experta considera que el presidente electo est\u00e1 actuando como empresario al tratar de imponer desde ahora los temas de su agenda, especialmente el [&hellip;]<\/p>\n","protected":false},"author":6,"featured_media":48080,"comment_status":"open","ping_status":"open","sticky":false,"template":"","format":"standard","meta":{"_acf_changed":false,"_monsterinsights_skip_tracking":false,"slim_seo":{"title":"Video CNN: Trump busca imponer su agenda ante M\u00e9xico y Canad\u00e1 con amenazas comerciales - Opini\u00f3n P\u00fablica","description":"https:\/\/youtu.be\/15bIaGVc4eo?si=XL-4Lwh1AcyNrvEl Raquel Saed, profesora de la Universidad Iberoamericana, revisa las \u00faltimas declaraciones de los actores pol\u00edti"},"footnotes":""},"categories":[13,2,8],"tags":[],"class_list":["post-48076","post","type-post","status-publish","format-standard","has-post-thumbnail","hentry","category-videos-destacados-contenido","category-videos-destacados","category-videos"],"acf":[],"_links":{"self":[{"href":"https:\/\/www.opinionpublica.tv\/portada\/wp-json\/wp\/v2\/posts\/48076","targetHints":{"allow":["GET"]}}],"collection":[{"href":"https:\/\/www.opinionpublica.tv\/portada\/wp-json\/wp\/v2\/posts"}],"about":[{"href":"https:\/\/www.opinionpublica.tv\/portada\/wp-json\/wp\/v2\/types\/post"}],"author":[{"embeddable":true,"href":"https:\/\/www.opinionpublica.tv\/portada\/wp-json\/wp\/v2\/users\/6"}],"replies":[{"embeddable":true,"href":"https:\/\/www.opinionpublica.tv\/portada\/wp-json\/wp\/v2\/comments?post=48076"}],"version-history":[{"count":3,"href":"https:\/\/www.opinionpublica.tv\/portada\/wp-json\/wp\/v2\/posts\/48076\/revisions"}],"predecessor-version":[{"id":48079,"href":"https:\/\/www.opinionpublica.tv\/portada\/wp-json\/wp\/v2\/posts\/48076\/revisions\/48079"}],"wp:featuredmedia":[{"embeddable":true,"href":"https:\/\/www.opinionpublica.tv\/portada\/wp-json\/wp\/v2\/media\/48080"}],"wp:attachment":[{"href":"https:\/\/www.opinionpublica.tv\/portada\/wp-json\/wp\/v2\/media?parent=48076"}],"wp:term":[{"taxonomy":"category","embeddable":true,"href":"https:\/\/www.opinionpublica.tv\/portada\/wp-json\/wp\/v2\/categories?post=48076"},{"taxonomy":"post_tag","embeddable":true,"href":"https:\/\/www.opinionpublica.tv\/portada\/wp-json\/wp\/v2\/tags?post=48076"}],"curies":[{"name":"wp","href":"https:\/\/api.w.org\/{rel}","templated":true}]}}