{"id":48063,"date":"2024-11-28T00:01:00","date_gmt":"2024-11-28T07:01:00","guid":{"rendered":"https:\/\/www.opinionpublica.tv\/portada\/?p=48063"},"modified":"2024-11-27T19:45:05","modified_gmt":"2024-11-28T02:45:05","slug":"reafirma-gobernadora-union-con-camaras-empresariales-para-promover-desarrollo-economico","status":"publish","type":"post","link":"https:\/\/www.opinionpublica.tv\/portada\/reafirma-gobernadora-union-con-camaras-empresariales-para-promover-desarrollo-economico\/","title":{"rendered":"Reafirma Maru uni\u00f3n con c\u00e1maras para promover desarrollo econ\u00f3mico"},"content":{"rendered":"\n<figure class=\"wp-block-image size-large\"><img fetchpriority=\"high\" decoding=\"async\" width=\"1024\" height=\"682\" src=\"https:\/\/www.opinionpublica.tv\/portada\/wp-content\/uploads\/2024\/11\/Reafirma-gobernadora-union-con-camaras-empresariales-para-promover-desarrollo-economico-1024x682.jpeg\" alt=\"Reafirma Gobernadora Unio\u0301n Con Ca\u0301maras Empresariales Para Promover Desarrollo Econo\u0301mico\" class=\"wp-image-48066\" srcset=\"https:\/\/www.opinionpublica.tv\/portada\/wp-content\/uploads\/2024\/11\/Reafirma-gobernadora-union-con-camaras-empresariales-para-promover-desarrollo-economico-1024x682.jpeg 1024w, https:\/\/www.opinionpublica.tv\/portada\/wp-content\/uploads\/2024\/11\/Reafirma-gobernadora-union-con-camaras-empresariales-para-promover-desarrollo-economico-300x200.jpeg 300w, https:\/\/www.opinionpublica.tv\/portada\/wp-content\/uploads\/2024\/11\/Reafirma-gobernadora-union-con-camaras-empresariales-para-promover-desarrollo-economico-768x511.jpeg 768w, https:\/\/www.opinionpublica.tv\/portada\/wp-content\/uploads\/2024\/11\/Reafirma-gobernadora-union-con-camaras-empresariales-para-promover-desarrollo-economico-1536x1022.jpeg 1536w, https:\/\/www.opinionpublica.tv\/portada\/wp-content\/uploads\/2024\/11\/Reafirma-gobernadora-union-con-camaras-empresariales-para-promover-desarrollo-economico.jpeg 1600w\" sizes=\"(max-width: 1024px) 100vw, 1024px\" \/><\/figure>\n\n\n\n<p class=\"wp-block-paragraph\"><em>Chihuahua, Chih<\/em>.- La gobernadora Maru Campos se reuni\u00f3 en Palacio de Gobierno con miembros del sector empresarial chihuahuense, para reafirmar los lazos de colaboraci\u00f3n existentes y revisar el avance que registra la entidad en materia de fomento y desarrollo econ\u00f3mico.<\/p>\n\n\n\n<p class=\"wp-block-paragraph\">Con la presencia de representantes de Grupo Impulsor, de la Plataforma de Inteligencia Competitiva del Sector Privado (PICsp) y de Desarrollo Econ\u00f3mico del Estado (Desec), se dio seguimiento a los compromisos firmados por la mandataria para el periodo 2021-2027, mismos que reportan un progreso de m\u00e1s del 82 por ciento a noviembre de este a\u00f1o.<\/p>\n\n\n\n<p class=\"wp-block-paragraph\">Ante integrantes de las distintas c\u00e1maras empresariales, la titular del Ejecutivo ratific\u00f3 el respaldo de su administraci\u00f3n al empresariado local, pues asegur\u00f3 que solo as\u00ed es posible lograr un crecimiento palpable para Chihuahua en beneficio de todas y todos sus habitantes.<\/p>\n\n\n\n<p class=\"wp-block-paragraph\">Adem\u00e1s, en la sesi\u00f3n de trabajo se analizaron los retos y desaf\u00edos que presenta el mundo actual para las diferentes industrias, con el objetivo de plantear las estrategias m\u00e1s adecuadas para superarlos y mantener un desarrollo sostenido en los diferentes sectores.<\/p>\n\n\n\n<p class=\"wp-block-paragraph\">Maru Campos destac\u00f3 que los esfuerzos conjuntos ya han brindado resultados, por lo que invit\u00f3 a las empresarias y empresarios a seguir de la mano con acciones que impulsen el progreso econ\u00f3mico y consoliden a la entidad en el plano nacional e internacional.<\/p>\n\n\n\n<p class=\"wp-block-paragraph\">En el encuentro estuvo acompa\u00f1ada por los secretarios de Innovaci\u00f3n y Desarrollo Econ\u00f3mico, Ulises Fern\u00e1ndez Gamboa; de Hacienda, Jos\u00e9 de Jes\u00fas Granillo y de la General de Gobierno, Santiago de la Pe\u00f1a Grajeda. Adem\u00e1s, se cont\u00f3 con la asistencia de Luis Foncerrada, integrante del Consejo Ejecutivo de la PICsp.<\/p>\n","protected":false},"excerpt":{"rendered":"<p>Chihuahua, Chih.- La gobernadora Maru Campos se reuni\u00f3 en Palacio de Gobierno con miembros del sector empresarial chihuahuense, para reafirmar los lazos de colaboraci\u00f3n existentes y revisar el avance que registra la entidad en materia de fomento y desarrollo econ\u00f3mico. Con la presencia de representantes de Grupo Impulsor, de la Plataforma de Inteligencia Competitiva del [&hellip;]<\/p>\n","protected":false},"author":6,"featured_media":48066,"comment_status":"open","ping_status":"open","sticky":false,"template":"","format":"standard","meta":{"_acf_changed":false,"_monsterinsights_skip_tracking":false,"slim_seo":{"title":"Reafirma Maru uni\u00f3n con c\u00e1maras para promover desarrollo econ\u00f3mico - Opini\u00f3n P\u00fablica","description":"Chihuahua, Chih .- La gobernadora Maru Campos se reuni\u00f3 en Palacio de Gobierno con miembros del sector empresarial chihuahuense, para reafirmar los lazos de col"},"footnotes":""},"categories":[11],"tags":[],"class_list":["post-48063","post","type-post","status-publish","format-standard","has-post-thumbnail","hentry","category-tendencias"],"acf":[],"_links":{"self":[{"href":"https:\/\/www.opinionpublica.tv\/portada\/wp-json\/wp\/v2\/posts\/48063","targetHints":{"allow":["GET"]}}],"collection":[{"href":"https:\/\/www.opinionpublica.tv\/portada\/wp-json\/wp\/v2\/posts"}],"about":[{"href":"https:\/\/www.opinionpublica.tv\/portada\/wp-json\/wp\/v2\/types\/post"}],"author":[{"embeddable":true,"href":"https:\/\/www.opinionpublica.tv\/portada\/wp-json\/wp\/v2\/users\/6"}],"replies":[{"embeddable":true,"href":"https:\/\/www.opinionpublica.tv\/portada\/wp-json\/wp\/v2\/comments?post=48063"}],"version-history":[{"count":3,"href":"https:\/\/www.opinionpublica.tv\/portada\/wp-json\/wp\/v2\/posts\/48063\/revisions"}],"predecessor-version":[{"id":48068,"href":"https:\/\/www.opinionpublica.tv\/portada\/wp-json\/wp\/v2\/posts\/48063\/revisions\/48068"}],"wp:featuredmedia":[{"embeddable":true,"href":"https:\/\/www.opinionpublica.tv\/portada\/wp-json\/wp\/v2\/media\/48066"}],"wp:attachment":[{"href":"https:\/\/www.opinionpublica.tv\/portada\/wp-json\/wp\/v2\/media?parent=48063"}],"wp:term":[{"taxonomy":"category","embeddable":true,"href":"https:\/\/www.opinionpublica.tv\/portada\/wp-json\/wp\/v2\/categories?post=48063"},{"taxonomy":"post_tag","embeddable":true,"href":"https:\/\/www.opinionpublica.tv\/portada\/wp-json\/wp\/v2\/tags?post=48063"}],"curies":[{"name":"wp","href":"https:\/\/api.w.org\/{rel}","templated":true}]}}