{"id":48029,"date":"2024-11-28T00:01:00","date_gmt":"2024-11-28T07:01:00","guid":{"rendered":"https:\/\/www.opinionpublica.tv\/portada\/?p=48029"},"modified":"2024-11-27T18:21:20","modified_gmt":"2024-11-28T01:21:20","slug":"toma-protesta-rubi-enriquez-como-presidenta-del-dif-municipal-de-juarez","status":"publish","type":"post","link":"https:\/\/www.opinionpublica.tv\/portada\/toma-protesta-rubi-enriquez-como-presidenta-del-dif-municipal-de-juarez\/","title":{"rendered":"Toma protesta Rub\u00ed Enr\u00edquez como presidenta del DIF Municipal de Ciudad Ju\u00e1rez"},"content":{"rendered":"\n<figure class=\"wp-block-image size-large\"><img fetchpriority=\"high\" decoding=\"async\" width=\"1024\" height=\"682\" src=\"https:\/\/www.opinionpublica.tv\/portada\/wp-content\/uploads\/2024\/11\/Toma-protesta-Rubi-Enriquez-como-presidenta-del-DIF-Municipal-de-Ciudad-Juarez-1024x682.jpeg\" alt=\"Toma Protesta Rubi\u0301 Enri\u0301quez Como Presidenta Del Dif Municipal De Ciudad Jua\u0301rez\" class=\"wp-image-48033\" srcset=\"https:\/\/www.opinionpublica.tv\/portada\/wp-content\/uploads\/2024\/11\/Toma-protesta-Rubi-Enriquez-como-presidenta-del-DIF-Municipal-de-Ciudad-Juarez-1024x682.jpeg 1024w, https:\/\/www.opinionpublica.tv\/portada\/wp-content\/uploads\/2024\/11\/Toma-protesta-Rubi-Enriquez-como-presidenta-del-DIF-Municipal-de-Ciudad-Juarez-300x200.jpeg 300w, https:\/\/www.opinionpublica.tv\/portada\/wp-content\/uploads\/2024\/11\/Toma-protesta-Rubi-Enriquez-como-presidenta-del-DIF-Municipal-de-Ciudad-Juarez-768x512.jpeg 768w, https:\/\/www.opinionpublica.tv\/portada\/wp-content\/uploads\/2024\/11\/Toma-protesta-Rubi-Enriquez-como-presidenta-del-DIF-Municipal-de-Ciudad-Juarez-1536x1024.jpeg 1536w, https:\/\/www.opinionpublica.tv\/portada\/wp-content\/uploads\/2024\/11\/Toma-protesta-Rubi-Enriquez-como-presidenta-del-DIF-Municipal-de-Ciudad-Juarez-2048x1365.jpeg 2048w\" sizes=\"(max-width: 1024px) 100vw, 1024px\" \/><\/figure>\n\n\n\n<p class=\"wp-block-paragraph\"><em>Ciudad Ju\u00e1rez, Chih<\/em>.- Durante la quinta sesi\u00f3n Ordinaria de Cabildo, Rub\u00ed Enr\u00edquez fue ratificada como presidenta del Sistema para el Desarrollo Integral de la Familia del Municipio de Ju\u00e1rez (DIF), para la Administraci\u00f3n Municipal 2024-2027.<\/p>\n\n\n\n<p class=\"wp-block-paragraph\">La presidenta del DIF destac\u00f3 el apoyo incondicional del presidente municipal, Cruz P\u00e9rez Cu\u00e9llar, que permiti\u00f3 importantes logros a favor de las familias juarenses.<\/p>\n\n\n\n<p class=\"wp-block-paragraph\">\u201cMuy contenta, satisfecha con esta enorme responsabilidad, porque es una responsabilidad muy grande, tomamos el d\u00eda de hoy protesta y seguimos con mucho entusiasmo y muchas ganas de apoyar a las familias de Ciudad Ju\u00e1rez\u201d, expres\u00f3 Enr\u00edquez.<\/p>\n\n\n\n<p class=\"wp-block-paragraph\">Un ejemplo son las becas de Bienestar Infantil para el cuidado de ni\u00f1as, ni\u00f1os y adolescentes, que al inicio de la Administraci\u00f3n 2021-2024 se destinaban 6 millones, y con el apoyo del Alcalde, Cruz P\u00e9rez Cu\u00e9llar, se logr\u00f3 incrementar la cifra a m\u00e1s de 34 millones de pesos para 64 mil becas.<\/p>\n\n\n\n<p class=\"wp-block-paragraph\">Adem\u00e1s, enfatiz\u00f3 en las acciones en beneficio de las m\u00e1s de 5 mil personas mayores adscritos a uno de los 96 Consejos, quienes reciben su despensa y tambi\u00e9n atenci\u00f3n gerontol\u00f3gica, as\u00ed como psicol\u00f3gica, para mejorar su calidad de vida.<\/p>\n\n\n\n<p class=\"wp-block-paragraph\">Durante la sesi\u00f3n ordinaria tambi\u00e9n se ratific\u00f3 a Luc\u00eda Chavira, quien tom\u00f3 protesta como directora general del DIF Municipal.<\/p>\n","protected":false},"excerpt":{"rendered":"<p>Ciudad Ju\u00e1rez, Chih.- Durante la quinta sesi\u00f3n Ordinaria de Cabildo, Rub\u00ed Enr\u00edquez fue ratificada como presidenta del Sistema para el Desarrollo Integral de la Familia del Municipio de Ju\u00e1rez (DIF), para la Administraci\u00f3n Municipal 2024-2027. La presidenta del DIF destac\u00f3 el apoyo incondicional del presidente municipal, Cruz P\u00e9rez Cu\u00e9llar, que permiti\u00f3 importantes logros a favor [&hellip;]<\/p>\n","protected":false},"author":6,"featured_media":48033,"comment_status":"open","ping_status":"open","sticky":false,"template":"","format":"standard","meta":{"_acf_changed":false,"_monsterinsights_skip_tracking":false,"slim_seo":{"title":"Toma protesta Rub\u00ed Enr\u00edquez como presidenta del DIF Municipal de Ciudad Ju\u00e1rez - Opini\u00f3n P\u00fablica","description":"Ciudad Ju\u00e1rez, Chih .- Durante la quinta sesi\u00f3n Ordinaria de Cabildo, Rub\u00ed Enr\u00edquez fue ratificada como presidenta del Sistema para el Desarrollo Integral de la"},"footnotes":""},"categories":[41],"tags":[],"class_list":["post-48029","post","type-post","status-publish","format-standard","has-post-thumbnail","hentry","category-juarez"],"acf":[],"_links":{"self":[{"href":"https:\/\/www.opinionpublica.tv\/portada\/wp-json\/wp\/v2\/posts\/48029","targetHints":{"allow":["GET"]}}],"collection":[{"href":"https:\/\/www.opinionpublica.tv\/portada\/wp-json\/wp\/v2\/posts"}],"about":[{"href":"https:\/\/www.opinionpublica.tv\/portada\/wp-json\/wp\/v2\/types\/post"}],"author":[{"embeddable":true,"href":"https:\/\/www.opinionpublica.tv\/portada\/wp-json\/wp\/v2\/users\/6"}],"replies":[{"embeddable":true,"href":"https:\/\/www.opinionpublica.tv\/portada\/wp-json\/wp\/v2\/comments?post=48029"}],"version-history":[{"count":3,"href":"https:\/\/www.opinionpublica.tv\/portada\/wp-json\/wp\/v2\/posts\/48029\/revisions"}],"predecessor-version":[{"id":48034,"href":"https:\/\/www.opinionpublica.tv\/portada\/wp-json\/wp\/v2\/posts\/48029\/revisions\/48034"}],"wp:featuredmedia":[{"embeddable":true,"href":"https:\/\/www.opinionpublica.tv\/portada\/wp-json\/wp\/v2\/media\/48033"}],"wp:attachment":[{"href":"https:\/\/www.opinionpublica.tv\/portada\/wp-json\/wp\/v2\/media?parent=48029"}],"wp:term":[{"taxonomy":"category","embeddable":true,"href":"https:\/\/www.opinionpublica.tv\/portada\/wp-json\/wp\/v2\/categories?post=48029"},{"taxonomy":"post_tag","embeddable":true,"href":"https:\/\/www.opinionpublica.tv\/portada\/wp-json\/wp\/v2\/tags?post=48029"}],"curies":[{"name":"wp","href":"https:\/\/api.w.org\/{rel}","templated":true}]}}