{"id":4799,"date":"2016-09-22T06:00:00","date_gmt":"2016-09-22T04:00:00","guid":{"rendered":"https:\/\/www.opinionpublica.tv\/portada\/2016\/09\/22\/la-mejores-fotografias-de-naturaleza-del-reino-unido\/"},"modified":"2016-09-22T06:00:00","modified_gmt":"2016-09-22T04:00:00","slug":"la-mejores-fotografias-de-naturaleza-del-reino-unido","status":"publish","type":"post","link":"https:\/\/www.opinionpublica.tv\/portada\/la-mejores-fotografias-de-naturaleza-del-reino-unido\/","title":{"rendered":"LA MEJORES FOTOGRAF\u00cdAS DE NATURALEZA DEL REINO UNIDO"},"content":{"rendered":"<p><img fetchpriority=\"high\" decoding=\"async\" class=\" size-full wp-image-4789\" src=\"https:\/\/www.opinionpublica.tv\/portada\/wp-content\/uploads\/2016\/09\/85c4bf4a17518ae7c18aac91b705bdac.jpg\" alt=\"\" width=\"550\" height=\"310\" srcset=\"https:\/\/www.opinionpublica.tv\/portada\/wp-content\/uploads\/2016\/09\/85c4bf4a17518ae7c18aac91b705bdac.jpg 550w, https:\/\/www.opinionpublica.tv\/portada\/wp-content\/uploads\/2016\/09\/85c4bf4a17518ae7c18aac91b705bdac-300x169.jpg 300w\" sizes=\"(max-width: 550px) 100vw, 550px\" \/><\/p>\n<p><img decoding=\"async\" class=\" size-full wp-image-4790\" src=\"https:\/\/www.opinionpublica.tv\/portada\/wp-content\/uploads\/2016\/09\/photographyawards_09jpgimgw12801280.jpeg\" width=\"550\" height=\"367\" srcset=\"https:\/\/www.opinionpublica.tv\/portada\/wp-content\/uploads\/2016\/09\/photographyawards_09jpgimgw12801280.jpeg 550w, https:\/\/www.opinionpublica.tv\/portada\/wp-content\/uploads\/2016\/09\/photographyawards_09jpgimgw12801280-300x200.jpeg 300w\" sizes=\"(max-width: 550px) 100vw, 550px\" \/><img decoding=\"async\" class=\" size-full wp-image-4791\" src=\"https:\/\/www.opinionpublica.tv\/portada\/wp-content\/uploads\/2016\/09\/photographyawards_02jpgimgw12801280.jpeg\" width=\"550\" height=\"367\" srcset=\"https:\/\/www.opinionpublica.tv\/portada\/wp-content\/uploads\/2016\/09\/photographyawards_02jpgimgw12801280.jpeg 550w, https:\/\/www.opinionpublica.tv\/portada\/wp-content\/uploads\/2016\/09\/photographyawards_02jpgimgw12801280-300x200.jpeg 300w\" sizes=\"(max-width: 550px) 100vw, 550px\" \/><img loading=\"lazy\" decoding=\"async\" class=\" size-full wp-image-4792\" src=\"https:\/\/www.opinionpublica.tv\/portada\/wp-content\/uploads\/2016\/09\/photographyawards_04jpgimgw12801280.jpeg\" width=\"550\" height=\"310\" srcset=\"https:\/\/www.opinionpublica.tv\/portada\/wp-content\/uploads\/2016\/09\/photographyawards_04jpgimgw12801280.jpeg 550w, https:\/\/www.opinionpublica.tv\/portada\/wp-content\/uploads\/2016\/09\/photographyawards_04jpgimgw12801280-300x169.jpeg 300w\" sizes=\"(max-width: 550px) 100vw, 550px\" \/><img loading=\"lazy\" decoding=\"async\" class=\" size-full wp-image-4793\" src=\"https:\/\/www.opinionpublica.tv\/portada\/wp-content\/uploads\/2016\/09\/photographyawards_07jpgimgw12801280.jpeg\" width=\"550\" height=\"367\" srcset=\"https:\/\/www.opinionpublica.tv\/portada\/wp-content\/uploads\/2016\/09\/photographyawards_07jpgimgw12801280.jpeg 550w, https:\/\/www.opinionpublica.tv\/portada\/wp-content\/uploads\/2016\/09\/photographyawards_07jpgimgw12801280-300x200.jpeg 300w\" sizes=\"(max-width: 550px) 100vw, 550px\" \/><img loading=\"lazy\" decoding=\"async\" class=\" size-full wp-image-4794\" src=\"https:\/\/www.opinionpublica.tv\/portada\/wp-content\/uploads\/2016\/09\/photographyawards_08jpgimgw12801280.jpeg\" width=\"550\" height=\"367\" srcset=\"https:\/\/www.opinionpublica.tv\/portada\/wp-content\/uploads\/2016\/09\/photographyawards_08jpgimgw12801280.jpeg 550w, https:\/\/www.opinionpublica.tv\/portada\/wp-content\/uploads\/2016\/09\/photographyawards_08jpgimgw12801280-300x200.jpeg 300w\" sizes=\"(max-width: 550px) 100vw, 550px\" \/><img loading=\"lazy\" decoding=\"async\" class=\" size-full wp-image-4795\" src=\"https:\/\/www.opinionpublica.tv\/portada\/wp-content\/uploads\/2016\/09\/photographyawards_01jpgimgw12801280.jpeg\" width=\"550\" height=\"366\" srcset=\"https:\/\/www.opinionpublica.tv\/portada\/wp-content\/uploads\/2016\/09\/photographyawards_01jpgimgw12801280.jpeg 550w, https:\/\/www.opinionpublica.tv\/portada\/wp-content\/uploads\/2016\/09\/photographyawards_01jpgimgw12801280-300x200.jpeg 300w\" sizes=\"(max-width: 550px) 100vw, 550px\" \/><img loading=\"lazy\" decoding=\"async\" class=\" size-full wp-image-4796\" src=\"https:\/\/www.opinionpublica.tv\/portada\/wp-content\/uploads\/2016\/09\/wrtwr0.jpeg\" width=\"550\" height=\"367\" srcset=\"https:\/\/www.opinionpublica.tv\/portada\/wp-content\/uploads\/2016\/09\/wrtwr0.jpeg 550w, https:\/\/www.opinionpublica.tv\/portada\/wp-content\/uploads\/2016\/09\/wrtwr0-300x200.jpeg 300w\" sizes=\"(max-width: 550px) 100vw, 550px\" \/><img loading=\"lazy\" decoding=\"async\" class=\" size-full wp-image-4797\" src=\"https:\/\/www.opinionpublica.tv\/portada\/wp-content\/uploads\/2016\/09\/wertwrt280.jpeg\" width=\"550\" height=\"367\" srcset=\"https:\/\/www.opinionpublica.tv\/portada\/wp-content\/uploads\/2016\/09\/wertwrt280.jpeg 550w, https:\/\/www.opinionpublica.tv\/portada\/wp-content\/uploads\/2016\/09\/wertwrt280-300x200.jpeg 300w\" sizes=\"(max-width: 550px) 100vw, 550px\" \/><img loading=\"lazy\" decoding=\"async\" class=\" size-full wp-image-4798\" src=\"https:\/\/www.opinionpublica.tv\/portada\/wp-content\/uploads\/2016\/09\/rtrtyyey80.jpeg\" width=\"550\" height=\"367\" srcset=\"https:\/\/www.opinionpublica.tv\/portada\/wp-content\/uploads\/2016\/09\/rtrtyyey80.jpeg 550w, https:\/\/www.opinionpublica.tv\/portada\/wp-content\/uploads\/2016\/09\/rtrtyyey80-300x200.jpeg 300w\" sizes=\"(max-width: 550px) 100vw, 550px\" \/><\/p>\n","protected":false},"excerpt":{"rendered":"","protected":false},"author":1,"featured_media":4789,"comment_status":"open","ping_status":"open","sticky":false,"template":"","format":"standard","meta":{"_acf_changed":false,"_monsterinsights_skip_tracking":false,"slim_seo":{"title":"LA MEJORES FOTOGRAF\u00cdAS DE NATURALEZA DEL REINO UNIDO - Opini\u00f3n P\u00fablica","description":""},"footnotes":""},"categories":[15],"tags":[],"class_list":["post-4799","post","type-post","status-publish","format-standard","has-post-thumbnail","hentry","category-galerias"],"acf":[],"_links":{"self":[{"href":"https:\/\/www.opinionpublica.tv\/portada\/wp-json\/wp\/v2\/posts\/4799","targetHints":{"allow":["GET"]}}],"collection":[{"href":"https:\/\/www.opinionpublica.tv\/portada\/wp-json\/wp\/v2\/posts"}],"about":[{"href":"https:\/\/www.opinionpublica.tv\/portada\/wp-json\/wp\/v2\/types\/post"}],"author":[{"embeddable":true,"href":"https:\/\/www.opinionpublica.tv\/portada\/wp-json\/wp\/v2\/users\/1"}],"replies":[{"embeddable":true,"href":"https:\/\/www.opinionpublica.tv\/portada\/wp-json\/wp\/v2\/comments?post=4799"}],"version-history":[{"count":0,"href":"https:\/\/www.opinionpublica.tv\/portada\/wp-json\/wp\/v2\/posts\/4799\/revisions"}],"wp:featuredmedia":[{"embeddable":true,"href":"https:\/\/www.opinionpublica.tv\/portada\/wp-json\/wp\/v2\/media\/4789"}],"wp:attachment":[{"href":"https:\/\/www.opinionpublica.tv\/portada\/wp-json\/wp\/v2\/media?parent=4799"}],"wp:term":[{"taxonomy":"category","embeddable":true,"href":"https:\/\/www.opinionpublica.tv\/portada\/wp-json\/wp\/v2\/categories?post=4799"},{"taxonomy":"post_tag","embeddable":true,"href":"https:\/\/www.opinionpublica.tv\/portada\/wp-json\/wp\/v2\/tags?post=4799"}],"curies":[{"name":"wp","href":"https:\/\/api.w.org\/{rel}","templated":true}]}}