{"id":47905,"date":"2024-11-26T00:01:00","date_gmt":"2024-11-26T07:01:00","guid":{"rendered":"https:\/\/www.opinionpublica.tv\/portada\/?p=47905"},"modified":"2024-11-25T21:25:22","modified_gmt":"2024-11-26T04:25:22","slug":"trump-impondra-25-de-aranceles-a-mexico-desde-su-primer-dia-de-mandato-exige-frenar-invasion-de-migrantes-y-drogas","status":"publish","type":"post","link":"https:\/\/www.opinionpublica.tv\/portada\/trump-impondra-25-de-aranceles-a-mexico-desde-su-primer-dia-de-mandato-exige-frenar-invasion-de-migrantes-y-drogas\/","title":{"rendered":"Trump impondr\u00e1 25% de aranceles a M\u00e9xico el primer d\u00eda de su mandato; exige frenar a migrantes y drogas"},"content":{"rendered":"\n<figure class=\"wp-block-image size-full\"><img fetchpriority=\"high\" decoding=\"async\" width=\"1100\" height=\"666\" src=\"https:\/\/www.opinionpublica.tv\/portada\/wp-content\/uploads\/2024\/11\/Trump-impondra-25-de-aranceles-a-Mexico-el-primer-dia-de-su-mandato-exige-frenar-a-migrantes-y-drogas.avif\" alt=\"Trump Impondra\u0301 25% De Aranceles A Me\u0301xico El Primer Di\u0301a De Su Mandato; Exige Frenar A Migrantes Y Drogas\" class=\"wp-image-47909\"\/><\/figure>\n\n\n\n<p class=\"wp-block-paragraph\"><em>Washington, EU<\/em>.- El ganador de las elecciones presidenciales en Estados Unidos, Donald Trump, anunci\u00f3 hoy que desde el 20 de enero, d\u00eda en que tomar\u00e1 posesi\u00f3n, impondr\u00e1 un \u201carancel del 25%\u201d a M\u00e9xico, y lo mantendr\u00e1 hasta que este pa\u00eds frene el paso de drogas y \u201cla invasi\u00f3n\u201d de migrantes a Estados Unidos.<\/p>\n\n\n\n<p class=\"wp-block-paragraph\">En su cuenta de Truth Social, Trump asegur\u00f3 que \u201cmiles de personas est\u00e1n atravesando M\u00e9xico y Canad\u00e1, trayendo crimen y drogas a niveles nunca antes vistos\u201d.<\/p>\n\n\n\n<p class=\"wp-block-paragraph\">Se refiri\u00f3 a la caravana de migrantes que recorre suelo mexicano, rumbo a Estados Unidos, en un intento de cruzar antes de que Trump asuma la presidencia.<\/p>\n\n\n\n<p class=\"wp-block-paragraph\">\u201cUna Caravana que viene de M\u00e9xico, compuesta por miles de personas, parece imparable en su intento de atravesar nuestra Frontera actualmente Abierta\u201d.<\/p>\n\n\n\n<p class=\"wp-block-paragraph\">Por ello, advirti\u00f3 que \u201cel 20 de enero, como una de mis muchas primeras \u00d3rdenes Ejecutivas, firmar\u00e9 todos los documentos necesarios para cobrar a M\u00e9xico y Canad\u00e1 un Arancel del 25% sobre TODOS los productos que entren a los Estados Unidos, y sus rid\u00edculas Fronteras Abiertas\u201d.<\/p>\n\n\n\n<p class=\"wp-block-paragraph\">De acuerdo al virtual presidente electo, el 20 de enero firmar\u00e1 los documentos necesarios para cobrar a M\u00e9xico y Canad\u00e1 aranceles sobre todos los productos que entren a EU y \u00absus rid\u00edculas Fronteras Abiertas\u00bb.<\/p>\n\n\n\n<p class=\"wp-block-paragraph\">Explic\u00f3 que dicho arancel \u201c\u00a1permanecer\u00e1 en efecto hasta que las Drogas, en particular el fentanilo, y todos los Extranjeros Ilegales detengan esta Invasi\u00f3n a nuestro Pa\u00eds!\u201d.<\/p>\n\n\n\n<p class=\"wp-block-paragraph\">Seg\u00fan Trump, \u201ctanto M\u00e9xico como Canad\u00e1 tienen el derecho absoluto y el poder para resolver f\u00e1cilmente este problema latente desde hace mucho tiempo. Por la presente exigimos que utilicen este poder, y hasta el momento en que lo hagan, \u00a1es hora de que paguen un precio muy alto!\u201d.<\/p>\n\n\n\n<p class=\"wp-block-paragraph\"><em>Con informaci\u00f3n de El Universal<\/em>.<\/p>\n","protected":false},"excerpt":{"rendered":"<p>Washington, EU.- El ganador de las elecciones presidenciales en Estados Unidos, Donald Trump, anunci\u00f3 hoy que desde el 20 de enero, d\u00eda en que tomar\u00e1 posesi\u00f3n, impondr\u00e1 un \u201carancel del 25%\u201d a M\u00e9xico, y lo mantendr\u00e1 hasta que este pa\u00eds frene el paso de drogas y \u201cla invasi\u00f3n\u201d de migrantes a Estados Unidos. En su [&hellip;]<\/p>\n","protected":false},"author":6,"featured_media":47909,"comment_status":"open","ping_status":"open","sticky":false,"template":"","format":"standard","meta":{"_acf_changed":false,"_monsterinsights_skip_tracking":false,"slim_seo":{"title":"Trump impondr\u00e1 25% de aranceles a M\u00e9xico el primer d\u00eda de su mandato; exige frenar a migrantes y drogas - Opini\u00f3n P\u00fablica","description":"Washington, EU .- El ganador de las elecciones presidenciales en Estados Unidos, Donald Trump, anunci\u00f3 hoy que desde el 20 de enero, d\u00eda en que tomar\u00e1 posesi\u00f3n,"},"footnotes":""},"categories":[3],"tags":[],"class_list":["post-47905","post","type-post","status-publish","format-standard","has-post-thumbnail","hentry","category-principal"],"acf":[],"_links":{"self":[{"href":"https:\/\/www.opinionpublica.tv\/portada\/wp-json\/wp\/v2\/posts\/47905","targetHints":{"allow":["GET"]}}],"collection":[{"href":"https:\/\/www.opinionpublica.tv\/portada\/wp-json\/wp\/v2\/posts"}],"about":[{"href":"https:\/\/www.opinionpublica.tv\/portada\/wp-json\/wp\/v2\/types\/post"}],"author":[{"embeddable":true,"href":"https:\/\/www.opinionpublica.tv\/portada\/wp-json\/wp\/v2\/users\/6"}],"replies":[{"embeddable":true,"href":"https:\/\/www.opinionpublica.tv\/portada\/wp-json\/wp\/v2\/comments?post=47905"}],"version-history":[{"count":4,"href":"https:\/\/www.opinionpublica.tv\/portada\/wp-json\/wp\/v2\/posts\/47905\/revisions"}],"predecessor-version":[{"id":47910,"href":"https:\/\/www.opinionpublica.tv\/portada\/wp-json\/wp\/v2\/posts\/47905\/revisions\/47910"}],"wp:featuredmedia":[{"embeddable":true,"href":"https:\/\/www.opinionpublica.tv\/portada\/wp-json\/wp\/v2\/media\/47909"}],"wp:attachment":[{"href":"https:\/\/www.opinionpublica.tv\/portada\/wp-json\/wp\/v2\/media?parent=47905"}],"wp:term":[{"taxonomy":"category","embeddable":true,"href":"https:\/\/www.opinionpublica.tv\/portada\/wp-json\/wp\/v2\/categories?post=47905"},{"taxonomy":"post_tag","embeddable":true,"href":"https:\/\/www.opinionpublica.tv\/portada\/wp-json\/wp\/v2\/tags?post=47905"}],"curies":[{"name":"wp","href":"https:\/\/api.w.org\/{rel}","templated":true}]}}