{"id":47894,"date":"2024-11-26T00:01:00","date_gmt":"2024-11-26T07:01:00","guid":{"rendered":"https:\/\/www.opinionpublica.tv\/portada\/?p=47894"},"modified":"2024-11-25T16:02:44","modified_gmt":"2024-11-25T23:02:44","slug":"cien-anos-de-soledad-primera-parte-trailer-oficial-netflix","status":"publish","type":"post","link":"https:\/\/www.opinionpublica.tv\/portada\/cien-anos-de-soledad-primera-parte-trailer-oficial-netflix\/","title":{"rendered":"Video: Cien A\u00f1os de Soledad: Primera Parte | Tr\u00e1iler oficial | Netflix"},"content":{"rendered":"\n<p class=\"wp-block-paragraph\"><a href=\"https:\/\/www.youtube.com\/@NetflixLATAM\"><\/a><\/p>\n\n\n\n<figure class=\"wp-block-embed is-type-video is-provider-youtube wp-block-embed-youtube wp-embed-aspect-16-9 wp-has-aspect-ratio\"><div class=\"wp-block-embed__wrapper\">\n<iframe title=\"Cien A\u00f1os de Soledad: Primera Parte | Tr\u00e1iler oficial | Netflix\" width=\"800\" height=\"450\" src=\"https:\/\/www.youtube.com\/embed\/LuUUCeR8Wqw?feature=oembed\" frameborder=\"0\" allow=\"accelerometer; autoplay; clipboard-write; encrypted-media; gyroscope; picture-in-picture; web-share\" referrerpolicy=\"strict-origin-when-cross-origin\" allowfullscreen><\/iframe>\n<\/div><\/figure>\n\n\n\n<p class=\"wp-block-paragraph\">Bienvenidos a Macondo, el pueblo m\u00edtico que comenz\u00f3 con veinte casas de barro a la orilla de un r\u00edo donde el realismo m\u00e1gico cobr\u00f3 vida y la familia Buend\u00eda empez\u00f3 su historia.<\/p>\n\n\n\n<p class=\"wp-block-paragraph\">Una historia sobre las adversidades de los amores imposibles, las confrontaciones con un pasado que sigue sus huellas y una maldici\u00f3n que los condena. Basada en la obra cumbre de Gabriel Garc\u00eda M\u00e1rquez llega la serie Cien a\u00f1os de soledad. Disponible el 11 de diciembre.<\/p>\n","protected":false},"excerpt":{"rendered":"<p>Bienvenidos a Macondo, el pueblo m\u00edtico que comenz\u00f3 con veinte casas de barro a la orilla de un r\u00edo donde el realismo m\u00e1gico cobr\u00f3 vida y la familia Buend\u00eda empez\u00f3 su historia. Una historia sobre las adversidades de los amores imposibles, las confrontaciones con un pasado que sigue sus huellas y una maldici\u00f3n que los [&hellip;]<\/p>\n","protected":false},"author":6,"featured_media":47897,"comment_status":"open","ping_status":"open","sticky":false,"template":"","format":"standard","meta":{"_acf_changed":false,"_monsterinsights_skip_tracking":false,"slim_seo":{"title":"Video: Cien A\u00f1os de Soledad: Primera Parte | Tr\u00e1iler oficial | Netflix - Opini\u00f3n P\u00fablica","description":"https:\/\/youtu.be\/LuUUCeR8Wqw?si=eJP0mxl5ssub_SpE Bienvenidos a Macondo, el pueblo m\u00edtico que comenz\u00f3 con veinte casas de barro a la orilla de un r\u00edo donde el re"},"footnotes":""},"categories":[2,13,8],"tags":[],"class_list":["post-47894","post","type-post","status-publish","format-standard","has-post-thumbnail","hentry","category-videos-destacados","category-videos-destacados-contenido","category-videos"],"acf":[],"_links":{"self":[{"href":"https:\/\/www.opinionpublica.tv\/portada\/wp-json\/wp\/v2\/posts\/47894","targetHints":{"allow":["GET"]}}],"collection":[{"href":"https:\/\/www.opinionpublica.tv\/portada\/wp-json\/wp\/v2\/posts"}],"about":[{"href":"https:\/\/www.opinionpublica.tv\/portada\/wp-json\/wp\/v2\/types\/post"}],"author":[{"embeddable":true,"href":"https:\/\/www.opinionpublica.tv\/portada\/wp-json\/wp\/v2\/users\/6"}],"replies":[{"embeddable":true,"href":"https:\/\/www.opinionpublica.tv\/portada\/wp-json\/wp\/v2\/comments?post=47894"}],"version-history":[{"count":3,"href":"https:\/\/www.opinionpublica.tv\/portada\/wp-json\/wp\/v2\/posts\/47894\/revisions"}],"predecessor-version":[{"id":47898,"href":"https:\/\/www.opinionpublica.tv\/portada\/wp-json\/wp\/v2\/posts\/47894\/revisions\/47898"}],"wp:featuredmedia":[{"embeddable":true,"href":"https:\/\/www.opinionpublica.tv\/portada\/wp-json\/wp\/v2\/media\/47897"}],"wp:attachment":[{"href":"https:\/\/www.opinionpublica.tv\/portada\/wp-json\/wp\/v2\/media?parent=47894"}],"wp:term":[{"taxonomy":"category","embeddable":true,"href":"https:\/\/www.opinionpublica.tv\/portada\/wp-json\/wp\/v2\/categories?post=47894"},{"taxonomy":"post_tag","embeddable":true,"href":"https:\/\/www.opinionpublica.tv\/portada\/wp-json\/wp\/v2\/tags?post=47894"}],"curies":[{"name":"wp","href":"https:\/\/api.w.org\/{rel}","templated":true}]}}