{"id":47881,"date":"2024-11-25T10:23:22","date_gmt":"2024-11-25T17:23:22","guid":{"rendered":"https:\/\/www.opinionpublica.tv\/portada\/?p=47881"},"modified":"2024-11-25T10:24:13","modified_gmt":"2024-11-25T17:24:13","slug":"demencia-alzheimer-delirium","status":"publish","type":"post","link":"https:\/\/www.opinionpublica.tv\/portada\/demencia-alzheimer-delirium\/","title":{"rendered":"\u00bfDemencia? \u00bfAlzheimer? \u00bfDelirium?"},"content":{"rendered":"\n<h4 class=\"wp-block-heading\">Ra\u00fal Ruiz<\/h4>\n\n\n\n<p class=\"wp-block-paragraph\">___________________________<\/p>\n\n\n\n<p class=\"wp-block-paragraph\">En entrevista con la psic\u00f3loga Luc\u00eda Barrios, por Cartapacio DLX, desmenuzamos el problema de las enfermedades mentales, trastornos y otros desajustes que de pronto se nos echaron encima luego de la pandemia.<\/p>\n\n\n\n<p class=\"wp-block-paragraph\">Ca\u00edmos en cuenta, que, la cordura falleci\u00f3, y aceptamos que el mundo gira desquiciado, v\u00edctima de una alteraci\u00f3n en masa, merced a m\u00faltiples afectaciones en la poblaci\u00f3n.<\/p>\n\n\n\n<p class=\"wp-block-paragraph\">La incoherencia mental y\/o la p\u00e9rdida de la raz\u00f3n son s\u00f3lo un par de valoraciones, cuando advertimos que una persona no puede pensar de manera clara, l\u00f3gica o coherente.<\/p>\n\n\n\n<p class=\"wp-block-paragraph\">Lo peligroso es, cuando<\/p>\n\n\n\n<p class=\"wp-block-paragraph\">la incoherencia mental atrapa a los l\u00edderes mundiales; y no se puede ocultar su incapacidad de mantener un pensamiento l\u00f3gico y ordenado.<\/p>\n\n\n\n<p class=\"wp-block-paragraph\">Hablo de la dificultad para seguir una conversaci\u00f3n, formar pensamientos coherentes o recordar informaci\u00f3n de manera clara.<\/p>\n\n\n\n<p class=\"wp-block-paragraph\">Y esto le ocurre al presidente Biden con mucho m\u00e1s frecuencia.<\/p>\n\n\n\n<p class=\"wp-block-paragraph\">Esto puede deberse a diversas causas, como trastornos mentales, enfermedades neurol\u00f3gicas, o situaciones extremas de estr\u00e9s.<\/p>\n\n\n\n<p class=\"wp-block-paragraph\">No podremos saber con exactitud lo que le pasa a Biden, eso nos lo dir\u00e1 la historia, pero somos testigos de su habla desorganizada, frases sin sentido, cambios abruptos de tema o respuestas que no tienen relaci\u00f3n con las preguntas formuladas.<\/p>\n\n\n\n<p class=\"wp-block-paragraph\">A esto se le conoce como Incoherencia Mental.<\/p>\n\n\n\n<p class=\"wp-block-paragraph\">Hablamos de un problema que se asocia con esquizofrenia.<\/p>\n\n\n\n<p class=\"wp-block-paragraph\">Las personas con esquizofrenia pueden experimentar pensamientos desorganizados y hablar de manera incoherente.<\/p>\n\n\n\n<p class=\"wp-block-paragraph\">Enfermedades como el Alzheimer pueden afectar la capacidad cognitiva, resultando en pensamientos incoherentes.<\/p>\n\n\n\n<p class=\"wp-block-paragraph\">O Delirium. Un estado agudo de confusi\u00f3n que a menudo se debe a enfermedades, infecciones, o el uso de ciertos medicamentos.<\/p>\n\n\n\n<p class=\"wp-block-paragraph\">Poco a poco se acerca a lo que podr\u00eda ser la p\u00e9rdida de la raz\u00f3n.<\/p>\n\n\n\n<p class=\"wp-block-paragraph\">La p\u00e9rdida de la raz\u00f3n, tambi\u00e9n conocida como psicosis, es un estado en el que una persona pierde el contacto con la realidad.<\/p>\n\n\n\n<p class=\"wp-block-paragraph\">Esto puede incluir alucinaciones (ver u o\u00edr cosas que no est\u00e1n presentes), delirios (creencias falsas firmemente sostenidas) y una falta de conciencia de la propia situaci\u00f3n.<\/p>\n\n\n\n<p class=\"wp-block-paragraph\">Causas comunes de la p\u00e9rdida de la raz\u00f3n:<\/p>\n\n\n\n<p class=\"wp-block-paragraph\">Trastornos psic\u00f3ticos:<\/p>\n\n\n\n<p class=\"wp-block-paragraph\">La esquizofrenia y otros trastornos psic\u00f3ticos pueden causar una p\u00e9rdida de la raz\u00f3n.<\/p>\n\n\n\n<p class=\"wp-block-paragraph\">Trastornos afectivos:<\/p>\n\n\n\n<p class=\"wp-block-paragraph\">Trastornos como el trastorno bipolar pueden incluir episodios psic\u00f3ticos.<\/p>\n\n\n\n<p class=\"wp-block-paragraph\">Tratamiento y manejo.<\/p>\n\n\n\n<p class=\"wp-block-paragraph\">El tratamiento de la incoherencia mental y la p\u00e9rdida de la raz\u00f3n depende de la causa subyacente.<\/p>\n\n\n\n<p class=\"wp-block-paragraph\">Puede incluir medicamentos antipsic\u00f3ticos, terapia psicol\u00f3gica, y cuidados m\u00e9dicos para tratar cualquier condici\u00f3n subyacente.<\/p>\n\n\n\n<p class=\"wp-block-paragraph\">Es fundamental buscar ayuda m\u00e9dica si alguien muestra signos de incoherencia mental o p\u00e9rdida de la raz\u00f3n, ya que estas condiciones pueden ser debilitantes y requieren intervenci\u00f3n profesional.<\/p>\n\n\n\n<p class=\"wp-block-paragraph\">Hasta aqu\u00ed un diagn\u00f3stico a ojo de buen cubero.<\/p>\n\n\n\n<p class=\"wp-block-paragraph\">Pero el punto es&#8230; \u00bfPor qu\u00e9 los hilos ocultos de poder, han permitido el avance de esta afecci\u00f3n en la toma de decisiones?<\/p>\n\n\n\n<p class=\"wp-block-paragraph\">Como la puntada de liberar los dragones de la muerte, \u00abautorizando\u00bb el ataque ucraniano contra blancos rusos utilizando los misiles de largo alcance ATACMS, de fabricaci\u00f3n norteamericana.<\/p>\n\n\n\n<p class=\"wp-block-paragraph\">La provocaci\u00f3n m\u00e1s f\u00e9rvida que nos acerca a la tercera guerra mundial.<\/p>\n\n\n\n<p class=\"wp-block-paragraph\">Es obvio que Biden no tiene ya conciencia sobre las cosas, mucho menos sobre el futuro de la humanidad.<\/p>\n\n\n\n<p class=\"wp-block-paragraph\">Entonces, \u00bfA quienes beneficia esta decisi\u00f3n? Pronto lo sabremos.<\/p>\n\n\n\n<p class=\"wp-block-paragraph\">No hay tiempo ya para declarar al presidente de los Estados Unidos incompetente para gobernar, bajo el proceso que se conoce como \u00abimpeachment\u00bb.<\/p>\n\n\n\n<p class=\"wp-block-paragraph\">Este proceso est\u00e1 detallado en la Constituci\u00f3n de los Estados Unidos y tiene una naturaleza pol\u00edtica m\u00e1s que jur\u00eddica. Pero es un proceso largo. Biden deja el poder el 20 de enero.<\/p>\n\n\n\n<p class=\"wp-block-paragraph\">El mundo est\u00e1 en ascuas, pienso que todo puede pasar en diciembre, o de plano, ya nada va a pasar.<\/p>\n\n\n\n<p class=\"wp-block-paragraph\">Es cosa de esperar, un largo impasse, hasta que entre al poder&#8230; otro afectado mental.<\/p>\n\n\n\n<p class=\"wp-block-paragraph\">Aqu\u00ed un perfil de Donald Trump que circula por el orbe:<\/p>\n\n\n\n<p class=\"wp-block-paragraph\">Narcisista, megal\u00f3mano, manipulador, racista, autoritario, prepotente, misogino, menosprecia a todos, con una gran necesidad de ser admirado, ansioso de poder, intolerante, agresivo, y muchos etc\u00e9teras m\u00e1s.<\/p>\n\n\n\n<p class=\"wp-block-paragraph\">No s\u00f3lo eso, trae el s\u00edndrome de Fox&#8230; \u00abArreglar\u00e9 el conflicto b\u00e9lico en 20 minutos\u00bb.<\/p>\n\n\n\n<p class=\"wp-block-paragraph\">Especialistas dicen que viaja mentalmente en los linderos donde pululan los psic\u00f3ticos.<\/p>\n\n\n\n<p class=\"wp-block-paragraph\">\u00bfQu\u00e9 podremos esperar para el 25 entonces?<\/p>\n","protected":false},"excerpt":{"rendered":"<p>Ra\u00fal Ruiz ___________________________ En entrevista con la psic\u00f3loga Luc\u00eda Barrios, por Cartapacio DLX, desmenuzamos el problema de las enfermedades mentales, trastornos y otros desajustes que de pronto se nos echaron encima luego de la pandemia. Ca\u00edmos en cuenta, que, la cordura falleci\u00f3, y aceptamos que el mundo gira desquiciado, v\u00edctima de una alteraci\u00f3n en masa, [&hellip;]<\/p>\n","protected":false},"author":6,"featured_media":43347,"comment_status":"open","ping_status":"open","sticky":false,"template":"","format":"standard","meta":{"_acf_changed":false,"_monsterinsights_skip_tracking":false,"slim_seo":{"title":"\u00bfDemencia? \u00bfAlzheimer? \u00bfDelirium? - Opini\u00f3n P\u00fablica","description":"Ra\u00fal Ruiz ___________________________ En entrevista con la psic\u00f3loga Luc\u00eda Barrios, por Cartapacio DLX, desmenuzamos el problema de las enfermedades mentales, t"},"footnotes":""},"categories":[21],"tags":[593],"class_list":["post-47881","post","type-post","status-publish","format-standard","has-post-thumbnail","hentry","category-cartapacio","tag-cartapacio"],"acf":[],"_links":{"self":[{"href":"https:\/\/www.opinionpublica.tv\/portada\/wp-json\/wp\/v2\/posts\/47881","targetHints":{"allow":["GET"]}}],"collection":[{"href":"https:\/\/www.opinionpublica.tv\/portada\/wp-json\/wp\/v2\/posts"}],"about":[{"href":"https:\/\/www.opinionpublica.tv\/portada\/wp-json\/wp\/v2\/types\/post"}],"author":[{"embeddable":true,"href":"https:\/\/www.opinionpublica.tv\/portada\/wp-json\/wp\/v2\/users\/6"}],"replies":[{"embeddable":true,"href":"https:\/\/www.opinionpublica.tv\/portada\/wp-json\/wp\/v2\/comments?post=47881"}],"version-history":[{"count":3,"href":"https:\/\/www.opinionpublica.tv\/portada\/wp-json\/wp\/v2\/posts\/47881\/revisions"}],"predecessor-version":[{"id":47885,"href":"https:\/\/www.opinionpublica.tv\/portada\/wp-json\/wp\/v2\/posts\/47881\/revisions\/47885"}],"wp:featuredmedia":[{"embeddable":true,"href":"https:\/\/www.opinionpublica.tv\/portada\/wp-json\/wp\/v2\/media\/43347"}],"wp:attachment":[{"href":"https:\/\/www.opinionpublica.tv\/portada\/wp-json\/wp\/v2\/media?parent=47881"}],"wp:term":[{"taxonomy":"category","embeddable":true,"href":"https:\/\/www.opinionpublica.tv\/portada\/wp-json\/wp\/v2\/categories?post=47881"},{"taxonomy":"post_tag","embeddable":true,"href":"https:\/\/www.opinionpublica.tv\/portada\/wp-json\/wp\/v2\/tags?post=47881"}],"curies":[{"name":"wp","href":"https:\/\/api.w.org\/{rel}","templated":true}]}}