{"id":47823,"date":"2024-11-25T00:01:00","date_gmt":"2024-11-25T07:01:00","guid":{"rendered":"https:\/\/www.opinionpublica.tv\/portada\/?p=47823"},"modified":"2024-11-24T18:44:34","modified_gmt":"2024-11-25T01:44:34","slug":"las-tias-trailer-oficial-amazon-prime","status":"publish","type":"post","link":"https:\/\/www.opinionpublica.tv\/portada\/las-tias-trailer-oficial-amazon-prime\/","title":{"rendered":"Video: Las T\u00edas &#8211; Tr\u00e1iler Oficial | Amazon Prime"},"content":{"rendered":"\n<p class=\"wp-block-paragraph\"><a href=\"https:\/\/www.youtube.com\/@PrimeVideoMX\"><\/a><\/p>\n\n\n\n<figure class=\"wp-block-embed is-type-video is-provider-youtube wp-block-embed-youtube wp-embed-aspect-16-9 wp-has-aspect-ratio\"><div class=\"wp-block-embed__wrapper\">\n<iframe title=\"Las T\u00edas - Tr\u00e1iler Oficial | Amazon Prime\" width=\"800\" height=\"450\" src=\"https:\/\/www.youtube.com\/embed\/0hPtPz1-Fuk?feature=oembed\" frameborder=\"0\" allow=\"accelerometer; autoplay; clipboard-write; encrypted-media; gyroscope; picture-in-picture; web-share\" referrerpolicy=\"strict-origin-when-cross-origin\" allowfullscreen><\/iframe>\n<\/div><\/figure>\n\n\n\n<p class=\"wp-block-paragraph\">Mariana, una madre decidida a ayudar a su hija autista a comunicarse, se muda a una vieja casa familiar cargada de tenebrosos secretos. La terapia parece exitosa cuando la ni\u00f1a comienza a hablar milagrosamente. Sin embargo, Mariana pronto descubrir\u00e1 que su hija ha entrado en contacto con las torturadas entidades del lugar, quienes regresan del m\u00e1s all\u00e1 para cobrarse una oscura deuda del pasado.<\/p>\n","protected":false},"excerpt":{"rendered":"<p>Mariana, una madre decidida a ayudar a su hija autista a comunicarse, se muda a una vieja casa familiar cargada de tenebrosos secretos. La terapia parece exitosa cuando la ni\u00f1a comienza a hablar milagrosamente. Sin embargo, Mariana pronto descubrir\u00e1 que su hija ha entrado en contacto con las torturadas entidades del lugar, quienes regresan del [&hellip;]<\/p>\n","protected":false},"author":6,"featured_media":47826,"comment_status":"open","ping_status":"open","sticky":false,"template":"","format":"standard","meta":{"_acf_changed":false,"_monsterinsights_skip_tracking":false,"slim_seo":{"title":"Video: Las T\u00edas - Tr\u00e1iler Oficial | Amazon Prime - Opini\u00f3n P\u00fablica","description":"https:\/\/youtu.be\/0hPtPz1-Fuk?si=bGUcghuM06WfbqXS Mariana, una madre decidida a ayudar a su hija autista a comunicarse, se muda a una vieja casa familiar cargada"},"footnotes":""},"categories":[2,13,8],"tags":[],"class_list":["post-47823","post","type-post","status-publish","format-standard","has-post-thumbnail","hentry","category-videos-destacados","category-videos-destacados-contenido","category-videos"],"acf":[],"_links":{"self":[{"href":"https:\/\/www.opinionpublica.tv\/portada\/wp-json\/wp\/v2\/posts\/47823","targetHints":{"allow":["GET"]}}],"collection":[{"href":"https:\/\/www.opinionpublica.tv\/portada\/wp-json\/wp\/v2\/posts"}],"about":[{"href":"https:\/\/www.opinionpublica.tv\/portada\/wp-json\/wp\/v2\/types\/post"}],"author":[{"embeddable":true,"href":"https:\/\/www.opinionpublica.tv\/portada\/wp-json\/wp\/v2\/users\/6"}],"replies":[{"embeddable":true,"href":"https:\/\/www.opinionpublica.tv\/portada\/wp-json\/wp\/v2\/comments?post=47823"}],"version-history":[{"count":2,"href":"https:\/\/www.opinionpublica.tv\/portada\/wp-json\/wp\/v2\/posts\/47823\/revisions"}],"predecessor-version":[{"id":47825,"href":"https:\/\/www.opinionpublica.tv\/portada\/wp-json\/wp\/v2\/posts\/47823\/revisions\/47825"}],"wp:featuredmedia":[{"embeddable":true,"href":"https:\/\/www.opinionpublica.tv\/portada\/wp-json\/wp\/v2\/media\/47826"}],"wp:attachment":[{"href":"https:\/\/www.opinionpublica.tv\/portada\/wp-json\/wp\/v2\/media?parent=47823"}],"wp:term":[{"taxonomy":"category","embeddable":true,"href":"https:\/\/www.opinionpublica.tv\/portada\/wp-json\/wp\/v2\/categories?post=47823"},{"taxonomy":"post_tag","embeddable":true,"href":"https:\/\/www.opinionpublica.tv\/portada\/wp-json\/wp\/v2\/tags?post=47823"}],"curies":[{"name":"wp","href":"https:\/\/api.w.org\/{rel}","templated":true}]}}