{"id":47792,"date":"2024-11-24T00:01:00","date_gmt":"2024-11-24T07:01:00","guid":{"rendered":"https:\/\/www.opinionpublica.tv\/portada\/?p=47792"},"modified":"2024-11-23T20:30:49","modified_gmt":"2024-11-24T03:30:49","slug":"cndh-desvirtuada","status":"publish","type":"post","link":"https:\/\/www.opinionpublica.tv\/portada\/cndh-desvirtuada\/","title":{"rendered":"CNDH desvirtuada"},"content":{"rendered":"\n<h4 class=\"wp-block-heading\">Jos\u00e9 Woldenberg<\/h4>\n\n\n\n<p class=\"wp-block-paragraph\">___________________________<\/p>\n\n\n\n<p class=\"wp-block-paragraph\">La Comisi\u00f3n Nacional de los Derechos Humanos naci\u00f3 en 1990 por decreto presidencial como un \u00f3rgano desconcentrado de la Secretar\u00eda de Gobernaci\u00f3n. Los abusos y violaciones que se hac\u00edan (y hacen) desde las instituciones del Estado contra ciudadanos merec\u00edan ser atajados y las personas deb\u00edan contar con un conducto para defenderse.<\/p>\n\n\n\n<p class=\"wp-block-paragraph\">Sobre el pasado inmediato, adem\u00e1s, se recordaba la cauda de violaciones cometidas durante la llamada guerra sucia, en la cual polic\u00edas y miembros de las fuerzas armadas cometieron asesinatos, secuestros, torturas, desapariciones forzosas y se llevaron a cabo \u201cjuicios\u201d sin garant\u00edas. Ello puso en acci\u00f3n a agrupaciones civiles que demandaron justicia y reparaci\u00f3n del da\u00f1o.<\/p>\n\n\n\n<p class=\"wp-block-paragraph\">Gracias a la decisi\u00f3n y valent\u00eda de Jorge Carpizo, su primer presidente, la CNDH se convirti\u00f3 en una efectiva instituci\u00f3n que document\u00f3 y denunci\u00f3 violaciones a los derechos, que incluso cometi\u00f3 el Ej\u00e9rcito (esa denuncia fue ins\u00f3lita en aquellos tiempos). Y para 1999 se lleg\u00f3 a la conclusi\u00f3n que por las tareas que ten\u00eda asignadas deb\u00eda convertirse en un \u00f3rgano aut\u00f3nomo, no adscrita a ninguna dependencia del Ejecutivo. De hecho y de derecho, la labor de la CNDH era (y supuestamente es) la de plantarse frente a las instituciones estatales que comet\u00edan violaciones a los derechos de los ciudadanos en muy diferentes campos y proteger a \u00e9stos frente a las autoridades.<\/p>\n\n\n\n<p class=\"wp-block-paragraph\">Pero a estas alturas ya sabemos que a la actual coalici\u00f3n gobernante no le gustan las autonom\u00edas. Le parecen un fruto perverso del neoliberalismo y lo que reclaman es el alineamiento acr\u00edtico de las dependencias al mando presidencial. No se entiende que organismos aut\u00f3nomos como la CNDH podr\u00edan incluso serle \u00fatiles a ellos, porque por m\u00e1s informado que est\u00e9 el presidente\/a no puede saber lo que todos los d\u00edas sucede en el enjambre de dependencias que est\u00e1n bajo su mando. Bien visto, una CNDH aut\u00f3noma podr\u00eda ser una aliada de su gesti\u00f3n.<\/p>\n\n\n\n<p class=\"wp-block-paragraph\">No obstante, el resorte autoritario, las ganas de barrer con cualquier contrapeso u \u00f3rgano de vigilancia, est\u00e1n m\u00e1s aceitados que nunca. Ahora fuimos testigos del triste y lamentable espect\u00e1culo de la reelecci\u00f3n de la titular de la CNDH de la manera m\u00e1s desaseada posible. Si no fuera tr\u00e1gico, ser\u00eda risible. Como una historieta de Rius en San Garabato.<\/p>\n\n\n\n<p class=\"wp-block-paragraph\">El Senado emiti\u00f3 una convocatoria para que los interesados se inscribieran en un proceso que ser\u00eda de evaluaci\u00f3n y selecci\u00f3n. Varias decenas de candidatos se presentaron y comparecieron ante las comisiones de Derechos Humanos y Justicia.<\/p>\n\n\n\n<p class=\"wp-block-paragraph\">Pero oh, sorpresa (bueno ni tanto, conociendo como \u201cdecide\u201d ahora la mayor\u00eda congresual), aunque Rosario Piedra Ibarra recibi\u00f3 una de las calificaciones m\u00e1s bajas, a pesar de que la inmensa mayor\u00eda de las agrupaciones civiles especializadas en la defensa de los derechos humanos cuestionaron su gesti\u00f3n, aunque se publicit\u00f3 con amplitud la inacci\u00f3n de la Comisi\u00f3n en temas centrales (migrantes, desabasto de medicinas, abusos de la Guardia Nacional u ataques contra periodistas, entre otros) y a pesar de las manifestaciones p\u00fablicas de senadores morenistas que no estaban de acuerdo con esa reelecci\u00f3n, al final, lleg\u00f3 la orden de cerrar filas y votar por la se\u00f1ora Piedra.<\/p>\n\n\n\n<p class=\"wp-block-paragraph\">Su m\u00e9rito: no molestar ni con el p\u00e9talo de una rosa al gobierno pasado. Y repito: una CNDH que no enfrenta las violaciones que cometen diferentes instituciones del Estado acaba por convertirse en lo contrario de aquello para lo que fue creada: c\u00f3mplice del gobierno y desamparo para los ciudadanos.<\/p>\n","protected":false},"excerpt":{"rendered":"<p>Jos\u00e9 Woldenberg ___________________________ La Comisi\u00f3n Nacional de los Derechos Humanos naci\u00f3 en 1990 por decreto presidencial como un \u00f3rgano desconcentrado de la Secretar\u00eda de Gobernaci\u00f3n. Los abusos y violaciones que se hac\u00edan (y hacen) desde las instituciones del Estado contra ciudadanos merec\u00edan ser atajados y las personas deb\u00edan contar con un conducto para defenderse. Sobre [&hellip;]<\/p>\n","protected":false},"author":6,"featured_media":43694,"comment_status":"open","ping_status":"open","sticky":false,"template":"","format":"standard","meta":{"_acf_changed":false,"_monsterinsights_skip_tracking":false,"slim_seo":{"title":"CNDH desvirtuada - Opini\u00f3n P\u00fablica","description":"Jos\u00e9 Woldenberg ___________________________ La Comisi\u00f3n Nacional de los Derechos Humanos naci\u00f3 en 1990 por decreto presidencial como un \u00f3rgano desconcentrado de"},"footnotes":""},"categories":[26],"tags":[],"class_list":["post-47792","post","type-post","status-publish","format-standard","has-post-thumbnail","hentry","category-de-chile-dulce-y-manteca-columna-invitada"],"acf":[],"_links":{"self":[{"href":"https:\/\/www.opinionpublica.tv\/portada\/wp-json\/wp\/v2\/posts\/47792","targetHints":{"allow":["GET"]}}],"collection":[{"href":"https:\/\/www.opinionpublica.tv\/portada\/wp-json\/wp\/v2\/posts"}],"about":[{"href":"https:\/\/www.opinionpublica.tv\/portada\/wp-json\/wp\/v2\/types\/post"}],"author":[{"embeddable":true,"href":"https:\/\/www.opinionpublica.tv\/portada\/wp-json\/wp\/v2\/users\/6"}],"replies":[{"embeddable":true,"href":"https:\/\/www.opinionpublica.tv\/portada\/wp-json\/wp\/v2\/comments?post=47792"}],"version-history":[{"count":3,"href":"https:\/\/www.opinionpublica.tv\/portada\/wp-json\/wp\/v2\/posts\/47792\/revisions"}],"predecessor-version":[{"id":47795,"href":"https:\/\/www.opinionpublica.tv\/portada\/wp-json\/wp\/v2\/posts\/47792\/revisions\/47795"}],"wp:featuredmedia":[{"embeddable":true,"href":"https:\/\/www.opinionpublica.tv\/portada\/wp-json\/wp\/v2\/media\/43694"}],"wp:attachment":[{"href":"https:\/\/www.opinionpublica.tv\/portada\/wp-json\/wp\/v2\/media?parent=47792"}],"wp:term":[{"taxonomy":"category","embeddable":true,"href":"https:\/\/www.opinionpublica.tv\/portada\/wp-json\/wp\/v2\/categories?post=47792"},{"taxonomy":"post_tag","embeddable":true,"href":"https:\/\/www.opinionpublica.tv\/portada\/wp-json\/wp\/v2\/tags?post=47792"}],"curies":[{"name":"wp","href":"https:\/\/api.w.org\/{rel}","templated":true}]}}