{"id":47767,"date":"2024-11-24T00:01:00","date_gmt":"2024-11-24T07:01:00","guid":{"rendered":"https:\/\/www.opinionpublica.tv\/portada\/?p=47767"},"modified":"2024-11-23T19:28:49","modified_gmt":"2024-11-24T02:28:49","slug":"el-ultimo-ole","status":"publish","type":"post","link":"https:\/\/www.opinionpublica.tv\/portada\/el-ultimo-ole\/","title":{"rendered":"El \u00faltimo \u00a1Ol\u00e9!"},"content":{"rendered":"\n<h4 class=\"wp-block-heading\">Myrna Pastrana<\/h4>\n\n\n\n<p class=\"wp-block-paragraph\">___________________________<\/p>\n\n\n\n<p class=\"wp-block-paragraph\">Dijeron Ol\u00e9 hasta que se cansaron y se despidieron del fin de la temporada de corrida de toros. Lo que tal vez ignora la inmensa mayor\u00eda, es que, en efecto, fue la \u00faltima, porque dentro de&nbsp; pocos d\u00edas se promulgar\u00e1 la reforma constitucional en materia de bienestar animal, la misma que&nbsp; proh\u00edbe el maltrato animal.<\/p>\n\n\n\n<p class=\"wp-block-paragraph\">As\u00ed pues, este viernes 22, como es costumbre, los anti taurinos se pararon afuera de la plaza a protestar por el martirio y muerte del toro mientras que, puertas adentro los taurinos con boleto pagado, festejaron la llamada fiesta brava al comp\u00e1s de un paso doble.<\/p>\n\n\n\n<p class=\"wp-block-paragraph\">Entre los primeros, los anti taurinos no dejan de preguntarse \u00bfCu\u00e1l es el gusto que lleva a su contraparte a convertir este espect\u00e1culo en un divertimento? y no solo para adultos sino para toda la familia, ni\u00f1os incluidos. Por eso y a manera de ensayo, expondremos algunas posibles respuestas:<\/p>\n\n\n\n<p class=\"wp-block-paragraph\">Tal vez, porque en las figuras del toro y el torero en plena acci\u00f3n, el uno luchando por su vida y el otro o sea el matador, \u00fanico conocedor del final de la pel\u00edcula, perciban el arte que les hace vibrar de emoci\u00f3n. A lo mejor el encuentro entre los dos protagonistas, tan desigual a todas luces es lo que van buscando y aunque no se est\u00e9 de acuerdo, su gusto es muy respetable.&nbsp;&nbsp;<\/p>\n\n\n\n<p class=\"wp-block-paragraph\">Habr\u00e1 entre los taurinos tan incomprendidos por su extra\u00f1a afici\u00f3n a ver morir a un animal,&nbsp; quien se piense pertenecer a ese&nbsp; peque\u00f1\u00edsimo y selecto grupo de personas dentro del conglomerado social de 120 millones de mexicanos que habitamos este pa\u00eds; en este comparativo, son pocos en realidad quienes gustan de presenciar el v\u00eda crucis del astado, desde que los picadores hunden la puya de su garrocha en el cuerpo del animal hasta que el infeliz como salvaci\u00f3n a su infortunio, recibe la estocada final. Pero como luego se dice \u201cen gustos se rompen g\u00e9neros\u201d, pero tambi\u00e9n, pero tambi\u00e9n, se acaban tradiciones, con mayor raz\u00f3n, si conllevan dolor y sufrimiento y a\u00fan m\u00e1s si lo dice la mism\u00edsima Constituci\u00f3n Pol\u00edtica de los Estados Unidos Mexicanos&nbsp; Por ello, como decimos al principio, en este pa\u00eds estamos a punto de estrenar una nueva forma de tratar a los animales como lo que son: seres sintientes y por tanto sujetos de derechos, herramientas suficientes para evitar cualquier intento de divertimento por parte del ser humano, tr\u00e1tese de toros, gallos, perros y un largo etc\u00e9tera.<\/p>\n","protected":false},"excerpt":{"rendered":"<p>Myrna Pastrana ___________________________ Dijeron Ol\u00e9 hasta que se cansaron y se despidieron del fin de la temporada de corrida de toros. Lo que tal vez ignora la inmensa mayor\u00eda, es que, en efecto, fue la \u00faltima, porque dentro de&nbsp; pocos d\u00edas se promulgar\u00e1 la reforma constitucional en materia de bienestar animal, la misma que&nbsp; proh\u00edbe [&hellip;]<\/p>\n","protected":false},"author":6,"featured_media":45673,"comment_status":"open","ping_status":"open","sticky":false,"template":"","format":"standard","meta":{"_acf_changed":false,"_monsterinsights_skip_tracking":false,"slim_seo":{"title":"El \u00faltimo \u00a1Ol\u00e9! - Opini\u00f3n P\u00fablica","description":"Myrna Pastrana ___________________________ Dijeron Ol\u00e9 hasta que se cansaron y se despidieron del fin de la temporada de corrida de toros. Lo que tal vez ignora"},"footnotes":""},"categories":[36],"tags":[968],"class_list":["post-47767","post","type-post","status-publish","format-standard","has-post-thumbnail","hentry","category-pensandola-bien","tag-myrna-pastrana"],"acf":[],"_links":{"self":[{"href":"https:\/\/www.opinionpublica.tv\/portada\/wp-json\/wp\/v2\/posts\/47767","targetHints":{"allow":["GET"]}}],"collection":[{"href":"https:\/\/www.opinionpublica.tv\/portada\/wp-json\/wp\/v2\/posts"}],"about":[{"href":"https:\/\/www.opinionpublica.tv\/portada\/wp-json\/wp\/v2\/types\/post"}],"author":[{"embeddable":true,"href":"https:\/\/www.opinionpublica.tv\/portada\/wp-json\/wp\/v2\/users\/6"}],"replies":[{"embeddable":true,"href":"https:\/\/www.opinionpublica.tv\/portada\/wp-json\/wp\/v2\/comments?post=47767"}],"version-history":[{"count":2,"href":"https:\/\/www.opinionpublica.tv\/portada\/wp-json\/wp\/v2\/posts\/47767\/revisions"}],"predecessor-version":[{"id":47769,"href":"https:\/\/www.opinionpublica.tv\/portada\/wp-json\/wp\/v2\/posts\/47767\/revisions\/47769"}],"wp:featuredmedia":[{"embeddable":true,"href":"https:\/\/www.opinionpublica.tv\/portada\/wp-json\/wp\/v2\/media\/45673"}],"wp:attachment":[{"href":"https:\/\/www.opinionpublica.tv\/portada\/wp-json\/wp\/v2\/media?parent=47767"}],"wp:term":[{"taxonomy":"category","embeddable":true,"href":"https:\/\/www.opinionpublica.tv\/portada\/wp-json\/wp\/v2\/categories?post=47767"},{"taxonomy":"post_tag","embeddable":true,"href":"https:\/\/www.opinionpublica.tv\/portada\/wp-json\/wp\/v2\/tags?post=47767"}],"curies":[{"name":"wp","href":"https:\/\/api.w.org\/{rel}","templated":true}]}}