{"id":47757,"date":"2024-11-23T18:11:13","date_gmt":"2024-11-24T01:11:13","guid":{"rendered":"https:\/\/www.opinionpublica.tv\/portada\/?p=47757"},"modified":"2024-11-23T18:12:38","modified_gmt":"2024-11-24T01:12:38","slug":"sorpresas-y-bombas-de-tiempo-para-sheinbaum","status":"publish","type":"post","link":"https:\/\/www.opinionpublica.tv\/portada\/sorpresas-y-bombas-de-tiempo-para-sheinbaum\/","title":{"rendered":"Sorpresas y bombas de tiempo para Sheinbaum"},"content":{"rendered":"\n<h4 class=\"wp-block-heading\">Jorge G. Casta\u00f1eda<\/h4>\n\n\n\n<p class=\"wp-block-paragraph\">______________________________<\/p>\n\n\n\n<p class=\"wp-block-paragraph\">En todas las transiciones de una administraci\u00f3n a otra, hay sorpresas. Por m\u00e1s que L\u00f3pez Portillo intent\u00f3 compartir toda la informaci\u00f3n econ\u00f3mica y financiera con De la Madrid, y que sus principales colaboradores o bien continuaron en el cargo (Jes\u00fas Silva Herzog) o bien apoyaron a quien result\u00f3 el sucesor (Jos\u00e9 Andr\u00e9s de Oteyza, Jos\u00e9 Ram\u00f3n L\u00f3pez Portillo), el nuevo equipo descubri\u00f3 bombas de tiempo y da\u00f1os el 1 de diciembre de 1982 que no sospechaba.<\/p>\n\n\n\n<p class=\"wp-block-paragraph\">Asimismo, aunque Zedillo conociera bien el aparato econ\u00f3mico-financiero del gobierno de Salinas, y aunque Jaime Serra, por ejemplo, fuera secretario de Comercio con Salinas y de Hacienda con \u00e9l, y a pesar de las m\u00faltiples reuniones a finales del sexenio en 1994 entre los dos equipos, nunca esper\u00f3 lo que encontr\u00f3: una situaci\u00f3n econ\u00f3mica dram\u00e1tica, amplificada por los propios errores de las primeras semanas de su propio sexenio.<\/p>\n\n\n\n<p class=\"wp-block-paragraph\">Por lo tanto, pensar que la reconducci\u00f3n del secretario de Hacienda en esta ocasi\u00f3n, o la cercan\u00eda entre los equipos de L\u00f3pez Obrador y Sheinbaum, y sobre todo entre ellos dos, basta para evitar sobresaltos, sorpresas y desastres, resulta por lo menos ingenuo. Al contrario, y m\u00e1s all\u00e1 del \u00e1mbito econ\u00f3mico y financiero, es altamente probable que la nueva administraci\u00f3n se est\u00e9 topando con una serie de piedras o piedrotas en el camino que no present\u00eda. Podemos ya entrever algunas.<\/p>\n\n\n\n<p class=\"wp-block-paragraph\">En materia de violencia y seguridad, los estallidos de Sinaloa, Acapulco y Chilpancingo, y Chiapas adem\u00e1s, no eran del todo previsibles, pero algo se sab\u00eda. No obstante, la extensi\u00f3n del crimen organizado, la verdadera dimensi\u00f3n de la violencia \u2014sin eufemismos\u2014, el n\u00famero de desapariciones, de secuestros y de masacres, no pueden haber sido plenamente conocidos por los nuevos titulares de las diversas carteras pertinentes.<\/p>\n\n\n\n<p class=\"wp-block-paragraph\">Si Sheinbaum le solicit\u00f3 de nuevo a Biden informaci\u00f3n sobre el Mayo Zambada, es porque no dispone de ella. Cuando se la entreguen, en su caso, se enterar\u00e1 de cosas que seguramente ignoraba hasta entonces. AMLO ni se imagin\u00f3 que Estados Unidos detendr\u00eda a Cienfuegos, y obviamente los norteamericanos no le avisaron. Pe\u00f1a Nieto no le advirti\u00f3 que su secretario de la Defensa era narco: o porque no lo era, o porque no lo sab\u00eda, o porque no lo quiso delatar.<\/p>\n\n\n\n<p class=\"wp-block-paragraph\">Algo parecido tal vez suceder\u00e1 con los compromisos internacionales del pa\u00eds. No dudo que L\u00f3pez Obrador le haya compartido a Sheinbaum cualquier acuerdo no p\u00fablico que haya suscrito con Estados Unidos o con Cuba, los \u00fanicos dos pa\u00edses que le importaron. Pero la interpretaci\u00f3n de AMLO puede diferir mucho de la de Washington o La Habana. S\u00f3lo ser\u00e1 cuando ella y su equipo comiencen a intercambiar sustancia con ambas capitales, que realmente sepan a qu\u00e9 est\u00e1n obligados. Posiblemente no se sorprendan, o quiz\u00e1s s\u00ed. Sobre todo si Washington no le confi\u00f3 todo lo que sabe al gobierno anterior, por cualquiera de muchas razones f\u00e1ciles de comprender.<\/p>\n\n\n\n<p class=\"wp-block-paragraph\">Pero es ante todo en el terreno econ\u00f3mico y fiscal donde Sheinbaum seguramente ha enfrentado realidades que no presum\u00eda. Muchas se reflejan en el presupuesto, y en el nerviosismo que las medidas del Plan C han suscitado en los mercados (y no me refiero al tipo de cambio, que \u00fanicamente en M\u00e9xico es considerado como el nec plus ultra de los indicadores). No puede haber previsto, salvo un par de d\u00edas antes, la rebaja de la clasificaci\u00f3n de Moody\u2019s. La situaci\u00f3n de Pemex se conoc\u00eda a grandes rasgos, pero por motivos evidentes, no de manera granular. Y menos se intu\u00eda el verdadero estado de las obras fara\u00f3nicas de L\u00f3pez Obrador.<\/p>\n\n\n\n<p class=\"wp-block-paragraph\">De acuerdo con los informes publicados en los medios, el PEF de 2025 incluye una partida de 40 mil millones de pesos para el Tren Maya, una obra que se inaugur\u00f3, se reinaugur\u00f3, y ya pierde dinero, pero que requiere dos mil millones de d\u00f3lares m\u00e1s de inversi\u00f3n. Circulan versiones de que el costo total alcanzar\u00e1 la estratosf\u00e9rica cifra de cincuenta mil millones de d\u00f3lares. Para algo que no sirve ning\u00fan prop\u00f3sito de desarrollo, m\u00e1s que el de su construcci\u00f3n.<\/p>\n\n\n\n<p class=\"wp-block-paragraph\">La refiner\u00eda de Dos Bocas recibir\u00e1 136 mil millones de pesos del nuevo presupuesto, de nuevo, casi siete mil millones de d\u00f3lares. Se supone que ya estaba terminada y funcionando; se puede entender que quedaron pendientes algunas terminaciones. Pero una cantidad de esa magnitud s\u00f3lo muestra el grado de sub-estimaci\u00f3n que hubo, y del cual Sheinbaum tal vez no guardaba plena conciencia. Al igual que los 1,556 millones de pesos, o setecientos millones de d\u00f3lares, que todav\u00eda succionar\u00e1 el elefante blanco de Pe\u00f1a Nieto, el tren interurbano Toluca-Santa Fe.<\/p>\n\n\n\n<p class=\"wp-block-paragraph\">Hay de sorpresas a sorpresas. Unas, para los ni\u00f1os o las novias, por ejemplo, provocan felicidad. Las malas suelen surtir sentimientos negativos: decepci\u00f3n, coraje, rabia. Me da la impresi\u00f3n que Sheinbaum empieza a molestarse\/decepcionarse\/enojarse con su predecesor. No por las supuestas imposiciones de personas o de agenda, sino por el tiradero que le dej\u00f3 y que no sopesaba. Acontece lo mismo en las mejores familias.<\/p>\n","protected":false},"excerpt":{"rendered":"<p>Jorge G. Casta\u00f1eda ______________________________ En todas las transiciones de una administraci\u00f3n a otra, hay sorpresas. Por m\u00e1s que L\u00f3pez Portillo intent\u00f3 compartir toda la informaci\u00f3n econ\u00f3mica y financiera con De la Madrid, y que sus principales colaboradores o bien continuaron en el cargo (Jes\u00fas Silva Herzog) o bien apoyaron a quien result\u00f3 el sucesor (Jos\u00e9 [&hellip;]<\/p>\n","protected":false},"author":6,"featured_media":43385,"comment_status":"open","ping_status":"open","sticky":false,"template":"","format":"standard","meta":{"_acf_changed":false,"_monsterinsights_skip_tracking":false,"slim_seo":{"title":"Sorpresas y bombas de tiempo para Sheinbaum - Opini\u00f3n P\u00fablica","description":"Jorge G. Casta\u00f1eda ______________________________ En todas las transiciones de una administraci\u00f3n a otra, hay sorpresas. Por m\u00e1s que L\u00f3pez Portillo intent\u00f3 comp"},"footnotes":""},"categories":[18],"tags":[],"class_list":["post-47757","post","type-post","status-publish","format-standard","has-post-thumbnail","hentry","category-castaneda-opina"],"acf":[],"_links":{"self":[{"href":"https:\/\/www.opinionpublica.tv\/portada\/wp-json\/wp\/v2\/posts\/47757","targetHints":{"allow":["GET"]}}],"collection":[{"href":"https:\/\/www.opinionpublica.tv\/portada\/wp-json\/wp\/v2\/posts"}],"about":[{"href":"https:\/\/www.opinionpublica.tv\/portada\/wp-json\/wp\/v2\/types\/post"}],"author":[{"embeddable":true,"href":"https:\/\/www.opinionpublica.tv\/portada\/wp-json\/wp\/v2\/users\/6"}],"replies":[{"embeddable":true,"href":"https:\/\/www.opinionpublica.tv\/portada\/wp-json\/wp\/v2\/comments?post=47757"}],"version-history":[{"count":1,"href":"https:\/\/www.opinionpublica.tv\/portada\/wp-json\/wp\/v2\/posts\/47757\/revisions"}],"predecessor-version":[{"id":47758,"href":"https:\/\/www.opinionpublica.tv\/portada\/wp-json\/wp\/v2\/posts\/47757\/revisions\/47758"}],"wp:featuredmedia":[{"embeddable":true,"href":"https:\/\/www.opinionpublica.tv\/portada\/wp-json\/wp\/v2\/media\/43385"}],"wp:attachment":[{"href":"https:\/\/www.opinionpublica.tv\/portada\/wp-json\/wp\/v2\/media?parent=47757"}],"wp:term":[{"taxonomy":"category","embeddable":true,"href":"https:\/\/www.opinionpublica.tv\/portada\/wp-json\/wp\/v2\/categories?post=47757"},{"taxonomy":"post_tag","embeddable":true,"href":"https:\/\/www.opinionpublica.tv\/portada\/wp-json\/wp\/v2\/tags?post=47757"}],"curies":[{"name":"wp","href":"https:\/\/api.w.org\/{rel}","templated":true}]}}