{"id":47749,"date":"2024-11-23T11:09:27","date_gmt":"2024-11-23T18:09:27","guid":{"rendered":"https:\/\/www.opinionpublica.tv\/portada\/?p=47749"},"modified":"2024-11-23T11:11:13","modified_gmt":"2024-11-23T18:11:13","slug":"inicia-el-festival-artearte-con-la-exposicion-21-fragmentos-en-el-cma","status":"publish","type":"post","link":"https:\/\/www.opinionpublica.tv\/portada\/inicia-el-festival-artearte-con-la-exposicion-21-fragmentos-en-el-cma\/","title":{"rendered":"Inicia el Festival Arte + Arte con la Exposici\u00f3n \u201c21 Fragmentos\u201d en el CMA"},"content":{"rendered":"\n<figure class=\"wp-block-image size-large\"><img fetchpriority=\"high\" decoding=\"async\" width=\"1024\" height=\"682\" src=\"https:\/\/www.opinionpublica.tv\/portada\/wp-content\/uploads\/2024\/11\/Inicia-el-Festival-Arte-Arte-con-la-Exposicion-21-Fragmentos-en-el-CMA-1024x682.jpeg\" alt=\"Inicia El Festival Arte + Arte Con La Exposicio\u0301n \u201c21 Fragmentos\u201d En El Cma\" class=\"wp-image-47753\" srcset=\"https:\/\/www.opinionpublica.tv\/portada\/wp-content\/uploads\/2024\/11\/Inicia-el-Festival-Arte-Arte-con-la-Exposicion-21-Fragmentos-en-el-CMA-1024x682.jpeg 1024w, https:\/\/www.opinionpublica.tv\/portada\/wp-content\/uploads\/2024\/11\/Inicia-el-Festival-Arte-Arte-con-la-Exposicion-21-Fragmentos-en-el-CMA-300x200.jpeg 300w, https:\/\/www.opinionpublica.tv\/portada\/wp-content\/uploads\/2024\/11\/Inicia-el-Festival-Arte-Arte-con-la-Exposicion-21-Fragmentos-en-el-CMA-768x512.jpeg 768w, https:\/\/www.opinionpublica.tv\/portada\/wp-content\/uploads\/2024\/11\/Inicia-el-Festival-Arte-Arte-con-la-Exposicion-21-Fragmentos-en-el-CMA-1536x1023.jpeg 1536w, https:\/\/www.opinionpublica.tv\/portada\/wp-content\/uploads\/2024\/11\/Inicia-el-Festival-Arte-Arte-con-la-Exposicion-21-Fragmentos-en-el-CMA.jpeg 1600w\" sizes=\"(max-width: 1024px) 100vw, 1024px\" \/><\/figure>\n\n\n\n<p class=\"wp-block-paragraph\"><em>Ciudad Ju\u00e1rez, Chih<\/em>.- Este fin de semana dio inicio el Festival Arte+Arte en el Centro Municipal de las Artes (CMA) con la exposici\u00f3n \u201c21 Fragmentos\u201d, una muestra que re\u00fane obras de cer\u00e1mica, dibujo, escultura y pintura creadas por los estudiantes de las carreras t\u00e9cnicas del instituto.<\/p>\n\n\n\n<p class=\"wp-block-paragraph\">Este evento, organizado por el Instituto para la Cultura del Municipio de Ju\u00e1rez (IPACULT), marca el cierre de cursos y tambi\u00e9n funge como evaluaci\u00f3n final para los alumnos.<\/p>\n\n\n\n<p class=\"wp-block-paragraph\">La ceremonia de inauguraci\u00f3n cont\u00f3 con la presencia de \u00c1ngela Gast\u00e9lum, directora del CMA, y David Zapi\u00e9n, coordinador acad\u00e9mico, quienes destacaron la importancia de estos espacios para fomentar el talento art\u00edstico local.<\/p>\n\n\n\n<p class=\"wp-block-paragraph\">\u201cEstas exposiciones reflejan el compromiso y la formaci\u00f3n integral que brindamos a nuestros estudiantes, quienes no solo perfeccionan su t\u00e9cnica, sino que tambi\u00e9n desarrollan una profunda sensibilidad art\u00edstica\u201d, coment\u00f3 \u00c1ngela Gast\u00e9lum.<\/p>\n\n\n\n<p class=\"wp-block-paragraph\">El Festival Arte+Arte continuar\u00e1 hasta el 28 de noviembre con una serie de eventos gratuitos dise\u00f1ados para que toda la familia pueda disfrutar.<\/p>\n\n\n\n<p class=\"wp-block-paragraph\">Las actividades incluyen presentaciones de m\u00fasica, danza, teatro y m\u00e1s, mostrando la amplia variedad de disciplinas art\u00edsticas que se imparten en el CMA, enfoque inclusivo que busca acercar el arte a la comunidad y celebrar el esfuerzo de los alumnos, quienes encuentran en el festival una plataforma para compartir su aprendizaje y talento.<\/p>\n\n\n\n<p class=\"wp-block-paragraph\">El CMA es reconocido por su s\u00f3lida oferta acad\u00e9mica en carreras t\u00e9cnicas art\u00edsticas, que abarcan desde las artes visuales hasta las esc\u00e9nicas.<\/p>\n\n\n\n<p class=\"wp-block-paragraph\">Estas disciplinas no solo forman artistas competentes, sino que tambi\u00e9n promueven el desarrollo personal y profesional de los estudiantes, quienes se preparan para contribuir al panorama cultural de la regi\u00f3n.<\/p>\n","protected":false},"excerpt":{"rendered":"<p>Ciudad Ju\u00e1rez, Chih.- Este fin de semana dio inicio el Festival Arte+Arte en el Centro Municipal de las Artes (CMA) con la exposici\u00f3n \u201c21 Fragmentos\u201d, una muestra que re\u00fane obras de cer\u00e1mica, dibujo, escultura y pintura creadas por los estudiantes de las carreras t\u00e9cnicas del instituto. Este evento, organizado por el Instituto para la Cultura [&hellip;]<\/p>\n","protected":false},"author":6,"featured_media":47753,"comment_status":"open","ping_status":"open","sticky":false,"template":"","format":"standard","meta":{"_acf_changed":false,"_monsterinsights_skip_tracking":false,"slim_seo":{"title":"Inicia el Festival Arte + Arte con la Exposici\u00f3n \u201c21 Fragmentos\u201d en el CMA - Opini\u00f3n P\u00fablica","description":"Ciudad Ju\u00e1rez, Chih .- Este fin de semana dio inicio el Festival Arte+Arte en el Centro Municipal de las Artes (CMA) con la exposici\u00f3n \u201c21 Fragmentos\u201d, una mues"},"footnotes":""},"categories":[41],"tags":[],"class_list":["post-47749","post","type-post","status-publish","format-standard","has-post-thumbnail","hentry","category-juarez"],"acf":[],"_links":{"self":[{"href":"https:\/\/www.opinionpublica.tv\/portada\/wp-json\/wp\/v2\/posts\/47749","targetHints":{"allow":["GET"]}}],"collection":[{"href":"https:\/\/www.opinionpublica.tv\/portada\/wp-json\/wp\/v2\/posts"}],"about":[{"href":"https:\/\/www.opinionpublica.tv\/portada\/wp-json\/wp\/v2\/types\/post"}],"author":[{"embeddable":true,"href":"https:\/\/www.opinionpublica.tv\/portada\/wp-json\/wp\/v2\/users\/6"}],"replies":[{"embeddable":true,"href":"https:\/\/www.opinionpublica.tv\/portada\/wp-json\/wp\/v2\/comments?post=47749"}],"version-history":[{"count":3,"href":"https:\/\/www.opinionpublica.tv\/portada\/wp-json\/wp\/v2\/posts\/47749\/revisions"}],"predecessor-version":[{"id":47754,"href":"https:\/\/www.opinionpublica.tv\/portada\/wp-json\/wp\/v2\/posts\/47749\/revisions\/47754"}],"wp:featuredmedia":[{"embeddable":true,"href":"https:\/\/www.opinionpublica.tv\/portada\/wp-json\/wp\/v2\/media\/47753"}],"wp:attachment":[{"href":"https:\/\/www.opinionpublica.tv\/portada\/wp-json\/wp\/v2\/media?parent=47749"}],"wp:term":[{"taxonomy":"category","embeddable":true,"href":"https:\/\/www.opinionpublica.tv\/portada\/wp-json\/wp\/v2\/categories?post=47749"},{"taxonomy":"post_tag","embeddable":true,"href":"https:\/\/www.opinionpublica.tv\/portada\/wp-json\/wp\/v2\/tags?post=47749"}],"curies":[{"name":"wp","href":"https:\/\/api.w.org\/{rel}","templated":true}]}}