{"id":47734,"date":"2024-11-23T00:01:00","date_gmt":"2024-11-23T07:01:00","guid":{"rendered":"https:\/\/www.opinionpublica.tv\/portada\/?p=47734"},"modified":"2024-11-22T22:11:49","modified_gmt":"2024-11-23T05:11:49","slug":"maru-campos-inicia-entrega-de-chamarras-para-ninos-y-ninas-en-situacion-vulnerable","status":"publish","type":"post","link":"https:\/\/www.opinionpublica.tv\/portada\/maru-campos-inicia-entrega-de-chamarras-para-ninos-y-ninas-en-situacion-vulnerable\/","title":{"rendered":"Maru Campos inicia entrega de chamarras para menores en situaci\u00f3n vulnerable"},"content":{"rendered":"\n<figure class=\"wp-block-image size-large\"><img fetchpriority=\"high\" decoding=\"async\" width=\"1024\" height=\"682\" src=\"https:\/\/www.opinionpublica.tv\/portada\/wp-content\/uploads\/2024\/11\/Maru-Campos-inicia-entrega-de-chamarras-para-menores-en-situacion-vulnerable-1024x682.jpeg\" alt=\"Maru Campos Inicia Entrega De Chamarras Para Menores En Situacio\u0301n Vulnerable\" class=\"wp-image-47738\" srcset=\"https:\/\/www.opinionpublica.tv\/portada\/wp-content\/uploads\/2024\/11\/Maru-Campos-inicia-entrega-de-chamarras-para-menores-en-situacion-vulnerable-1024x682.jpeg 1024w, https:\/\/www.opinionpublica.tv\/portada\/wp-content\/uploads\/2024\/11\/Maru-Campos-inicia-entrega-de-chamarras-para-menores-en-situacion-vulnerable-300x200.jpeg 300w, https:\/\/www.opinionpublica.tv\/portada\/wp-content\/uploads\/2024\/11\/Maru-Campos-inicia-entrega-de-chamarras-para-menores-en-situacion-vulnerable-768x511.jpeg 768w, https:\/\/www.opinionpublica.tv\/portada\/wp-content\/uploads\/2024\/11\/Maru-Campos-inicia-entrega-de-chamarras-para-menores-en-situacion-vulnerable.jpeg 1280w\" sizes=\"(max-width: 1024px) 100vw, 1024px\" \/><\/figure>\n\n\n\n<p class=\"wp-block-paragraph\"><em>Chihuahua, Chih<\/em>.- La gobernadora Maru Campos dio inicio a la entrega de chamarras y tenis de la campa\u00f1a solidaria \u201cJuntos sin Fr\u00edo\u201d 2024, que busca abrigar a m\u00e1s de 30 mil ni\u00f1as, ni\u00f1os y adolescentes en situaci\u00f3n de vulnerabilidad en 11 municipios serranos, as\u00ed como albergues con poblaci\u00f3n ind\u00edgena y Centros de Asistencia Social en el estado.<\/p>\n\n\n\n<p class=\"wp-block-paragraph\">Durante el evento realizado en el parque \u201cEl Colibr\u00ed\u201d de la capital, la mandataria agradeci\u00f3 la solidaridad de los chihuahuenses, al DIF Estatal y a todas las dependencias y funcionarios que con su apoyo en la donaci\u00f3n y recolecci\u00f3n, ayudan a garantizar que las y los menores de edad de 4 a 16 a\u00f1os no enfrenten el invierno sin protecci\u00f3n.<\/p>\n\n\n\n<p class=\"wp-block-paragraph\">En los tres a\u00f1os de su administraci\u00f3n, Maru Campos ha recolectado y distribuido m\u00e1s de 81 mil prendas que son calor para las ni\u00f1as y ni\u00f1os, para enfrentar esta temporada pero tambi\u00e9n un gesto de amor con el que pueden sentir que no est\u00e1n solas ni solos, sino que tienen una comunidad que los cuida.<\/p>\n\n\n\n<p class=\"wp-block-paragraph\">\u201cCuando se entregan estas chamarras en El Vergel, en El Cuervo, en toda la Sierra Tarahumara, es impresionante la sonrisa que se genera en los ni\u00f1os, que a veces viven a 10 grados bajo cero sin nada que los cubra. Por eso gracias por ayudarnos a recuperar la dignidad de los chihuahuenses, por ayudarnos a recuperar la fe y la esperanza de quien m\u00e1s lo necesita\u201d, enfatiz\u00f3.<\/p>\n\n\n\n<p class=\"wp-block-paragraph\">Las primeras chamarras de la campa\u00f1a \u201cJuntos sin Fr\u00edo\u201d, fueron entregadas por la Gobernadora junto a la presidenta del DIF Estatal, Mar\u00eda Eugenia Galv\u00e1n, a ni\u00f1os del Centro de Asistencia Social \u201cHogar para ti\u201d.<\/p>\n\n\n\n<p class=\"wp-block-paragraph\"><\/p>\n","protected":false},"excerpt":{"rendered":"<p>Chihuahua, Chih.- La gobernadora Maru Campos dio inicio a la entrega de chamarras y tenis de la campa\u00f1a solidaria \u201cJuntos sin Fr\u00edo\u201d 2024, que busca abrigar a m\u00e1s de 30 mil ni\u00f1as, ni\u00f1os y adolescentes en situaci\u00f3n de vulnerabilidad en 11 municipios serranos, as\u00ed como albergues con poblaci\u00f3n ind\u00edgena y Centros de Asistencia Social en [&hellip;]<\/p>\n","protected":false},"author":6,"featured_media":47738,"comment_status":"open","ping_status":"open","sticky":false,"template":"","format":"standard","meta":{"_acf_changed":false,"_monsterinsights_skip_tracking":false,"slim_seo":{"title":"Maru Campos inicia entrega de chamarras para menores en situaci\u00f3n vulnerable - Opini\u00f3n P\u00fablica","description":"Chihuahua, Chih .- La gobernadora Maru Campos dio inicio a la entrega de chamarras y tenis de la campa\u00f1a solidaria \u201cJuntos sin Fr\u00edo\u201d 2024, que busca abrigar a m"},"footnotes":""},"categories":[11],"tags":[],"class_list":["post-47734","post","type-post","status-publish","format-standard","has-post-thumbnail","hentry","category-tendencias"],"acf":[],"_links":{"self":[{"href":"https:\/\/www.opinionpublica.tv\/portada\/wp-json\/wp\/v2\/posts\/47734","targetHints":{"allow":["GET"]}}],"collection":[{"href":"https:\/\/www.opinionpublica.tv\/portada\/wp-json\/wp\/v2\/posts"}],"about":[{"href":"https:\/\/www.opinionpublica.tv\/portada\/wp-json\/wp\/v2\/types\/post"}],"author":[{"embeddable":true,"href":"https:\/\/www.opinionpublica.tv\/portada\/wp-json\/wp\/v2\/users\/6"}],"replies":[{"embeddable":true,"href":"https:\/\/www.opinionpublica.tv\/portada\/wp-json\/wp\/v2\/comments?post=47734"}],"version-history":[{"count":4,"href":"https:\/\/www.opinionpublica.tv\/portada\/wp-json\/wp\/v2\/posts\/47734\/revisions"}],"predecessor-version":[{"id":47740,"href":"https:\/\/www.opinionpublica.tv\/portada\/wp-json\/wp\/v2\/posts\/47734\/revisions\/47740"}],"wp:featuredmedia":[{"embeddable":true,"href":"https:\/\/www.opinionpublica.tv\/portada\/wp-json\/wp\/v2\/media\/47738"}],"wp:attachment":[{"href":"https:\/\/www.opinionpublica.tv\/portada\/wp-json\/wp\/v2\/media?parent=47734"}],"wp:term":[{"taxonomy":"category","embeddable":true,"href":"https:\/\/www.opinionpublica.tv\/portada\/wp-json\/wp\/v2\/categories?post=47734"},{"taxonomy":"post_tag","embeddable":true,"href":"https:\/\/www.opinionpublica.tv\/portada\/wp-json\/wp\/v2\/tags?post=47734"}],"curies":[{"name":"wp","href":"https:\/\/api.w.org\/{rel}","templated":true}]}}