{"id":47728,"date":"2024-11-23T00:01:00","date_gmt":"2024-11-23T07:01:00","guid":{"rendered":"https:\/\/www.opinionpublica.tv\/portada\/?p=47728"},"modified":"2024-11-22T22:08:05","modified_gmt":"2024-11-23T05:08:05","slug":"alcalde-perez-cuellar-antrega-pipa-a-habitantes-de-lazaro-cardenas-en-meoqui","status":"publish","type":"post","link":"https:\/\/www.opinionpublica.tv\/portada\/alcalde-perez-cuellar-antrega-pipa-a-habitantes-de-lazaro-cardenas-en-meoqui\/","title":{"rendered":"Alcalde P\u00e9rez Cu\u00e9llar entrega pipa a habitantes de L\u00e1zaro C\u00e1rdenas en Meoqui"},"content":{"rendered":"\n<figure class=\"wp-block-image size-large\"><img fetchpriority=\"high\" decoding=\"async\" width=\"1024\" height=\"683\" src=\"https:\/\/www.opinionpublica.tv\/portada\/wp-content\/uploads\/2024\/11\/Alcalde-Perez-Cuellar-entrega-pipa-a-habitantes-de-Lazaro-Cardenas-en-Meoqui-1024x683.jpeg\" alt=\"Alcalde Pe\u0301rez Cue\u0301llar Entrega Pipa A Habitantes De La\u0301zaro Ca\u0301rdenas En Meoqui\" class=\"wp-image-47731\" srcset=\"https:\/\/www.opinionpublica.tv\/portada\/wp-content\/uploads\/2024\/11\/Alcalde-Perez-Cuellar-entrega-pipa-a-habitantes-de-Lazaro-Cardenas-en-Meoqui-1024x683.jpeg 1024w, https:\/\/www.opinionpublica.tv\/portada\/wp-content\/uploads\/2024\/11\/Alcalde-Perez-Cuellar-entrega-pipa-a-habitantes-de-Lazaro-Cardenas-en-Meoqui-300x200.jpeg 300w, https:\/\/www.opinionpublica.tv\/portada\/wp-content\/uploads\/2024\/11\/Alcalde-Perez-Cuellar-entrega-pipa-a-habitantes-de-Lazaro-Cardenas-en-Meoqui-768x512.jpeg 768w, https:\/\/www.opinionpublica.tv\/portada\/wp-content\/uploads\/2024\/11\/Alcalde-Perez-Cuellar-entrega-pipa-a-habitantes-de-Lazaro-Cardenas-en-Meoqui.jpeg 1280w\" sizes=\"(max-width: 1024px) 100vw, 1024px\" \/><\/figure>\n\n\n\n<p class=\"wp-block-paragraph\"><em>Meoqui, Chih<\/em>.- El presidente municipal, Cruz P\u00e9rez Cu\u00e9llar, se reuni\u00f3 con habitantes del seccional L\u00e1zaro C\u00e1rdenas, municipio de Meoqui, a quienes les entreg\u00f3 una pipa en apoyo a las actividades agropecuarias de la regi\u00f3n.<\/p>\n\n\n\n<p class=\"wp-block-paragraph\">El Presidente Seccional, Alejandro Salgado, le agradeci\u00f3 el apoyo.<\/p>\n\n\n\n<p class=\"wp-block-paragraph\">El alcalde Cruz P\u00e9rez Cu\u00e9llar agradeci\u00f3 a los habitantes por la invitaci\u00f3n.<\/p>\n\n\n\n<p class=\"wp-block-paragraph\">\u00abJu\u00e1rez tiene la posibilidad de hacer este tipo de donativos, pero tambi\u00e9n tiene que ver con la gesti\u00f3n, ya que el Presidente Seccional fue el que estuvo empujando e insistiendo para lograr est\u00e1 donaci\u00f3n, su Presidente es muy jalador, muy perseverante\u00bb, resalt\u00f3.<\/p>\n\n\n\n<p class=\"wp-block-paragraph\">\u00abSomos un mismo estado, una misma comunidad, tenemos que ir construyendo un proyecto para Chihuahua, en ese sentido estamos trabajando y recorriendo el estado\u00bb, agreg\u00f3.<\/p>\n\n\n\n<p class=\"wp-block-paragraph\">Explic\u00f3 que son recorridos r\u00e1pidos los que realiza por qu\u00e9 tiene una responsabilidad que cumplir y la est\u00e1 cumpliendo a cabalidad.<\/p>\n\n\n\n<p class=\"wp-block-paragraph\">\u00abLes agradezco mucho y aqu\u00ed tienes un amigo y vamos a seguir trabajando y en lo que podamos servir, sepan que cuentan con su servidor y con el Ayuntamiento de Ju\u00e1rez, vamos a estar apoyando a C\u00e1rdenas y a las diferentes comunidades del estado, gracias por acompa\u00f1arnos, Dios los y las bendiga\u00bb, resalt\u00f3.<\/p>\n\n\n\n<p class=\"wp-block-paragraph\">\u00abGracias por qu\u00e9 siempre ha estado pendiente de este seccional\u00bb, agradeci\u00f3 el Presidente Alejandro Salgado al alcalde P\u00e9rez Cu\u00e9llar.<\/p>\n\n\n\n<p class=\"wp-block-paragraph\">\u00abEsta pipa nos va aligerar mucho el trabajo, regar calles y para cargar agua\u00bb, dijo.<\/p>\n\n\n\n<p class=\"wp-block-paragraph\">\u00abMuchas gracias, por venir a L\u00e1zaro C\u00e1rdenas, por estar aqu\u00ed y sobretodo por traernos un regalito\u00bb, expres\u00f3.<\/p>\n","protected":false},"excerpt":{"rendered":"<p>Meoqui, Chih.- El presidente municipal, Cruz P\u00e9rez Cu\u00e9llar, se reuni\u00f3 con habitantes del seccional L\u00e1zaro C\u00e1rdenas, municipio de Meoqui, a quienes les entreg\u00f3 una pipa en apoyo a las actividades agropecuarias de la regi\u00f3n. El Presidente Seccional, Alejandro Salgado, le agradeci\u00f3 el apoyo. El alcalde Cruz P\u00e9rez Cu\u00e9llar agradeci\u00f3 a los habitantes por la invitaci\u00f3n. [&hellip;]<\/p>\n","protected":false},"author":6,"featured_media":47731,"comment_status":"open","ping_status":"open","sticky":false,"template":"","format":"standard","meta":{"_acf_changed":false,"_monsterinsights_skip_tracking":false,"slim_seo":{"title":"Alcalde P\u00e9rez Cu\u00e9llar entrega pipa a habitantes de L\u00e1zaro C\u00e1rdenas en Meoqui - Opini\u00f3n P\u00fablica","description":"Meoqui, Chih .- El presidente municipal, Cruz P\u00e9rez Cu\u00e9llar, se reuni\u00f3 con habitantes del seccional L\u00e1zaro C\u00e1rdenas, municipio de Meoqui, a quienes les entreg\u00f3"},"footnotes":""},"categories":[41],"tags":[],"class_list":["post-47728","post","type-post","status-publish","format-standard","has-post-thumbnail","hentry","category-juarez"],"acf":[],"_links":{"self":[{"href":"https:\/\/www.opinionpublica.tv\/portada\/wp-json\/wp\/v2\/posts\/47728","targetHints":{"allow":["GET"]}}],"collection":[{"href":"https:\/\/www.opinionpublica.tv\/portada\/wp-json\/wp\/v2\/posts"}],"about":[{"href":"https:\/\/www.opinionpublica.tv\/portada\/wp-json\/wp\/v2\/types\/post"}],"author":[{"embeddable":true,"href":"https:\/\/www.opinionpublica.tv\/portada\/wp-json\/wp\/v2\/users\/6"}],"replies":[{"embeddable":true,"href":"https:\/\/www.opinionpublica.tv\/portada\/wp-json\/wp\/v2\/comments?post=47728"}],"version-history":[{"count":2,"href":"https:\/\/www.opinionpublica.tv\/portada\/wp-json\/wp\/v2\/posts\/47728\/revisions"}],"predecessor-version":[{"id":47732,"href":"https:\/\/www.opinionpublica.tv\/portada\/wp-json\/wp\/v2\/posts\/47728\/revisions\/47732"}],"wp:featuredmedia":[{"embeddable":true,"href":"https:\/\/www.opinionpublica.tv\/portada\/wp-json\/wp\/v2\/media\/47731"}],"wp:attachment":[{"href":"https:\/\/www.opinionpublica.tv\/portada\/wp-json\/wp\/v2\/media?parent=47728"}],"wp:term":[{"taxonomy":"category","embeddable":true,"href":"https:\/\/www.opinionpublica.tv\/portada\/wp-json\/wp\/v2\/categories?post=47728"},{"taxonomy":"post_tag","embeddable":true,"href":"https:\/\/www.opinionpublica.tv\/portada\/wp-json\/wp\/v2\/tags?post=47728"}],"curies":[{"name":"wp","href":"https:\/\/api.w.org\/{rel}","templated":true}]}}