{"id":47710,"date":"2024-11-23T00:01:00","date_gmt":"2024-11-23T07:01:00","guid":{"rendered":"https:\/\/www.opinionpublica.tv\/portada\/?p=47710"},"modified":"2024-11-22T21:50:11","modified_gmt":"2024-11-23T04:50:11","slug":"por-que-no-deberias-dejar-conectado-el-cargador-del-celular-todo-el-tiempo","status":"publish","type":"post","link":"https:\/\/www.opinionpublica.tv\/portada\/por-que-no-deberias-dejar-conectado-el-cargador-del-celular-todo-el-tiempo\/","title":{"rendered":"Por qu\u00e9 no deber\u00edas dejar conectado el cargador del celular todo el tiempo"},"content":{"rendered":"\n<figure class=\"wp-block-image size-full\"><img fetchpriority=\"high\" decoding=\"async\" width=\"1006\" height=\"620\" src=\"https:\/\/www.opinionpublica.tv\/portada\/wp-content\/uploads\/2024\/11\/Por-que-no-deberias-dejar-conectado-el-cargador-del-celular-todo-el-tiempo.avif\" alt=\"Por Que\u0301 No Deberi\u0301as Dejar Conectado El Cargador Del Celular Todo El Tiempo\" class=\"wp-image-47713\"\/><\/figure>\n\n\n\n<p class=\"wp-block-paragraph\">\u00bfTienes la costumbre de dejar el cargador del celular conectado todo el tiempo? Quiz\u00e1 deber\u00edas evitarlo.<\/p>\n\n\n\n<p class=\"wp-block-paragraph\">Probablemente, nunca te preguntaste si esta acci\u00f3n era positiva o negativa para tu dispositivo. Adem\u00e1s que, en muchas ocasiones, ni siquiera piensas en las consecuencias de esta acci\u00f3n ya que a veces por descuido u alguna otra raz\u00f3n, lo dejas conectado sin esperar que algo malo suceda.<\/p>\n\n\n\n<p class=\"wp-block-paragraph\">Sin embargo, te recomendamos que no lo vuelvas a hacer.<\/p>\n\n\n\n<p class=\"wp-block-paragraph\">\u00bfQu\u00e9 pasa si dejas el cargador del celular conectado todo el tiempo?<\/p>\n\n\n\n<p class=\"wp-block-paragraph\">De acuerdo con el medio Techwalla, un cargador de celular consume energ\u00eda pasiva, es decir, alrededor de 0.2 Watts por hora de energ\u00eda. Esto no significa nada a comparaci\u00f3n de la cantidad de Watts que puede consumir un electrodom\u00e9stico.<\/p>\n\n\n\n<p class=\"wp-block-paragraph\">Pero, puede tener otro tipo de consecuencias, entre ellas acortar la vida \u00fatil de tu cargador, maltratar el cable de alimentaci\u00f3n o incluso da\u00f1ar las clavijas de conexi\u00f3n.<\/p>\n\n\n\n<p class=\"wp-block-paragraph\">Meyers Companies Inc., incluso asegura que puede tener otros problemas como un sobrecalentamiento o cortocircuito que genere un incendio.<\/p>\n\n\n\n<p class=\"wp-block-paragraph\">En este sentido, se recomienda evitar dejar conectado el cargador del celular todo el tiempo si quieres evitar que este sufra las consecuencias e incluso ponerte en peligro a ti mismo.<\/p>\n\n\n\n<p class=\"wp-block-paragraph\">\u00bfC\u00f3mo usar de manera correcta el cargador de tu celular?<\/p>\n\n\n\n<p class=\"wp-block-paragraph\">Ahora que ya sabes cu\u00e1les son las consecuencias de dejar el cargador conectado todo el tiempo, tambi\u00e9n puedes seguir algunas recomendaciones para alargar la vida \u00fatil de este aparato.<\/p>\n\n\n\n<p class=\"wp-block-paragraph\">Algunas de ellas son:<\/p>\n\n\n\n<p class=\"wp-block-paragraph\">Usa un multicontacto para conectarlo.<\/p>\n\n\n\n<p class=\"wp-block-paragraph\">Organiza los cables de tu cargador en una contenedor o caja. Puedes sujetarlos con ligas para ahorrar espacio.<\/p>\n\n\n\n<p class=\"wp-block-paragraph\">Motorola recomienda usar el cargador adecuado para tu dispositivo, es decir, el que te proporciona la misma marca cuando compras tu equipo y no uno distinto.<\/p>\n\n\n\n<p class=\"wp-block-paragraph\">No uses cables da\u00f1ados. Esto con el fin de evitar accidentes.<\/p>\n\n\n\n<p class=\"wp-block-paragraph\">Retira tu cargador del contacto una vez que termines de usarlo.<\/p>\n\n\n\n<p class=\"wp-block-paragraph\">Evita usar el celular cuando se est\u00e9 cargando.<\/p>\n\n\n\n<p class=\"wp-block-paragraph\">Dejar a un lado la costumbre de mantener tu cargador del celular conectado todo el tiempo puede evitarte muchos accidentes, adem\u00e1s que alargar\u00e1 la vida \u00fatil de \u00e9ste.<\/p>\n\n\n\n<p class=\"wp-block-paragraph\"><em>Fuente: El Universal<\/em>.<\/p>\n","protected":false},"excerpt":{"rendered":"<p>\u00bfTienes la costumbre de dejar el cargador del celular conectado todo el tiempo? Quiz\u00e1 deber\u00edas evitarlo. Probablemente, nunca te preguntaste si esta acci\u00f3n era positiva o negativa para tu dispositivo. Adem\u00e1s que, en muchas ocasiones, ni siquiera piensas en las consecuencias de esta acci\u00f3n ya que a veces por descuido u alguna otra raz\u00f3n, lo [&hellip;]<\/p>\n","protected":false},"author":6,"featured_media":47713,"comment_status":"open","ping_status":"open","sticky":false,"template":"","format":"standard","meta":{"_acf_changed":false,"_monsterinsights_skip_tracking":false,"slim_seo":{"title":"Por qu\u00e9 no deber\u00edas dejar conectado el cargador del celular todo el tiempo - Opini\u00f3n P\u00fablica","description":"\u00bfTienes la costumbre de dejar el cargador del celular conectado todo el tiempo? Quiz\u00e1 deber\u00edas evitarlo. Probablemente, nunca te preguntaste si esta acci\u00f3n era"},"footnotes":""},"categories":[22],"tags":[],"class_list":["post-47710","post","type-post","status-publish","format-standard","has-post-thumbnail","hentry","category-ciencia-y-tecnologia"],"acf":[],"_links":{"self":[{"href":"https:\/\/www.opinionpublica.tv\/portada\/wp-json\/wp\/v2\/posts\/47710","targetHints":{"allow":["GET"]}}],"collection":[{"href":"https:\/\/www.opinionpublica.tv\/portada\/wp-json\/wp\/v2\/posts"}],"about":[{"href":"https:\/\/www.opinionpublica.tv\/portada\/wp-json\/wp\/v2\/types\/post"}],"author":[{"embeddable":true,"href":"https:\/\/www.opinionpublica.tv\/portada\/wp-json\/wp\/v2\/users\/6"}],"replies":[{"embeddable":true,"href":"https:\/\/www.opinionpublica.tv\/portada\/wp-json\/wp\/v2\/comments?post=47710"}],"version-history":[{"count":2,"href":"https:\/\/www.opinionpublica.tv\/portada\/wp-json\/wp\/v2\/posts\/47710\/revisions"}],"predecessor-version":[{"id":47714,"href":"https:\/\/www.opinionpublica.tv\/portada\/wp-json\/wp\/v2\/posts\/47710\/revisions\/47714"}],"wp:featuredmedia":[{"embeddable":true,"href":"https:\/\/www.opinionpublica.tv\/portada\/wp-json\/wp\/v2\/media\/47713"}],"wp:attachment":[{"href":"https:\/\/www.opinionpublica.tv\/portada\/wp-json\/wp\/v2\/media?parent=47710"}],"wp:term":[{"taxonomy":"category","embeddable":true,"href":"https:\/\/www.opinionpublica.tv\/portada\/wp-json\/wp\/v2\/categories?post=47710"},{"taxonomy":"post_tag","embeddable":true,"href":"https:\/\/www.opinionpublica.tv\/portada\/wp-json\/wp\/v2\/tags?post=47710"}],"curies":[{"name":"wp","href":"https:\/\/api.w.org\/{rel}","templated":true}]}}