{"id":47707,"date":"2024-11-23T00:01:00","date_gmt":"2024-11-23T07:01:00","guid":{"rendered":"https:\/\/www.opinionpublica.tv\/portada\/?p=47707"},"modified":"2024-11-22T21:43:23","modified_gmt":"2024-11-23T04:43:23","slug":"efemerides-23-de-noviembre-6","status":"publish","type":"post","link":"https:\/\/www.opinionpublica.tv\/portada\/efemerides-23-de-noviembre-6\/","title":{"rendered":"Efem\u00e9rides 23 de noviembre"},"content":{"rendered":"\n<p class=\"wp-block-paragraph\"><em>Un d\u00eda 23 de noviembre como hoy, pero de 1936, sale a la venta en Estados Unidos el primer n\u00famero de la emblem\u00e1tica revista \u00abLife\u00bb.<\/em><\/p>\n\n\n\n<figure class=\"wp-block-image size-full\"><img fetchpriority=\"high\" decoding=\"async\" width=\"360\" height=\"480\" src=\"https:\/\/www.opinionpublica.tv\/portada\/wp-content\/uploads\/2024\/11\/sale-a-la-venta-en-Estados-Unidos-el-primer-numero-de-la-emblematica-revista-22Life22.jpg\" alt=\"Sale A La Venta En Estados Unidos El Primer Nu\u0301mero De La Emblema\u0301tica Revista %22life%22\" class=\"wp-image-47708\" srcset=\"https:\/\/www.opinionpublica.tv\/portada\/wp-content\/uploads\/2024\/11\/sale-a-la-venta-en-Estados-Unidos-el-primer-numero-de-la-emblematica-revista-22Life22.jpg 360w, https:\/\/www.opinionpublica.tv\/portada\/wp-content\/uploads\/2024\/11\/sale-a-la-venta-en-Estados-Unidos-el-primer-numero-de-la-emblematica-revista-22Life22-225x300.jpg 225w\" sizes=\"(max-width: 360px) 100vw, 360px\" \/><\/figure>\n\n\n\n<p class=\"wp-block-paragraph\"><strong>Otras efem\u00e9rides<\/strong><\/p>\n\n\n\n<p class=\"wp-block-paragraph\">1811.- Las Cortes de C\u00e1diz aprueban la instituci\u00f3n de la Loter\u00eda llamada nacional.<\/p>\n\n\n\n<p class=\"wp-block-paragraph\">1889.- La primera gramola entra en funcionamiento en el Palais Royale Saloon de San Francisco.<\/p>\n\n\n\n<p class=\"wp-block-paragraph\">1910.- Johan Alfred Ander se convierte en la \u00faltima persona ejecutada en Suecia.<\/p>\n\n\n\n<p class=\"wp-block-paragraph\">1912.- Se constituye en Madrid la Editorial Cat\u00f3lica.<\/p>\n\n\n\n<p class=\"wp-block-paragraph\">1916.- Alexander Trepov reemplaza al protegido de Rasput\u00edn, Boris Sturmer, como presidente del Consejo de ministros ruso.<\/p>\n\n\n\n<p class=\"wp-block-paragraph\">1924.- Edwin Hubble publica el descubrimiento de la galaxia de Andr\u00f3meda, demostrando que la V\u00eda L\u00e1ctea no es la \u00fanica del universo.<\/p>\n\n\n\n<p class=\"wp-block-paragraph\">1928.- Acuerdo para disputar la primera Liga de F\u00fatbol de la historia de Espa\u00f1a, la primera jornada se jug\u00f3 el 10 de febrero de 1929.<\/p>\n\n\n\n<p class=\"wp-block-paragraph\">1957.- Estalla la guerra Ifni-S\u00e1hara, que enfrent\u00f3 a las tropas espa\u00f1olas con el Ej\u00e9rcito de Liberaci\u00f3n Marroqu\u00ed por el control de las colonias del S\u00e1hara Occidental.<\/p>\n\n\n\n<p class=\"wp-block-paragraph\">1963.- La BBC Television estrena el primer episodio de Doctor Who, la serie de televisi\u00f3n de ciencia ficci\u00f3n m\u00e1s longeva de la historia.<\/p>\n\n\n\n<p class=\"wp-block-paragraph\">1975.- El dictador Francisco Franco es enterrado en el Valle de los Ca\u00eddos.<\/p>\n\n\n\n<p class=\"wp-block-paragraph\">1981.- El escritor mexicano Octavio Paz, premio Cervantes de Literatura.<\/p>\n\n\n\n<p class=\"wp-block-paragraph\">1991.- Freddie Mercury confiesa que padece sida. Fallece al d\u00eda siguiente.<\/p>\n\n\n\n<p class=\"wp-block-paragraph\">1992.- IBM presenta \u00abEl Simon\u00bb, primer tel\u00e9fono inteligente.<\/p>\n\n\n\n<p class=\"wp-block-paragraph\">1993.- La banda estadounidense de hard rock Guns N&#8217; Roses publica The Spaghetti Incident, su \u00faltimo disco de la primera etapa de grupo.<\/p>\n\n\n\n<p class=\"wp-block-paragraph\">1996.- El presidente ruso, Boris Yeltsin, ordena la retirada de las tropas de Chechenia, tras la primera guerra en esta rep\u00fablica, que caus\u00f3 unos 100.000 muertos.<\/p>\n\n\n\n<p class=\"wp-block-paragraph\">1996.- Tres et\u00edopes secuestran un Boeing 727 que cubr\u00eda la ruta entre Adis Abeba y Abiy\u00e1n y exigen volar hacia Australia. Hacen caso omiso sobre la falta de combustible y el avi\u00f3n se precipita al oc\u00e9ano \u00cdndico. Murieron 123 personas y 52 sobrevivieron.<\/p>\n\n\n\n<p class=\"wp-block-paragraph\">2003.- El presidente de Georgia, Eduard Shevardnadze, dimite acorralado por una revuelta popular pac\u00edfica.<\/p>\n\n\n\n<p class=\"wp-block-paragraph\">2005.- Ellen Johnson Sirleaf, presidenta de Liberia, la primera jefa de Estado de Africa que es elegida en las urnas.<\/p>\n\n\n\n<p class=\"wp-block-paragraph\">2006.- Muere envenenado con polonio 210 en Londres, Alexander Litvinenko, ex agente del KGB ruso, conocido por sus cr\u00edticas a Vladimir Putin.<\/p>\n\n\n\n<p class=\"wp-block-paragraph\">2007.- Un barco noruego rescata a los 154 ocupantes de un crucero que choc\u00f3 con un iceberg en el Oc\u00e9ano Ant\u00e1rtico.<\/p>\n\n\n\n<p class=\"wp-block-paragraph\">2009.- Se registran las primeras colisiones de part\u00edculas en el acelerador CERN.<\/p>\n\n\n\n<p class=\"wp-block-paragraph\">2011.- En Yemen, despu\u00e9s de diez meses de protestas, el presidente Ali Abdullah Saleh acepta transferir el poder al vicepresidente, quien convocar\u00eda elecciones.<\/p>\n\n\n\n<p class=\"wp-block-paragraph\">2016.- La actriz Concha Velasco, galardonada con el Premio Nacional de Teatro.<\/p>\n\n\n\n<p class=\"wp-block-paragraph\">2022.- El Parlamento Europeo declara a Rusia como un Estado promotor del terrorismo.<\/p>\n\n\n\n<p class=\"wp-block-paragraph\">2022.- La Agencia Espacial Europea (ESA) elige como astronautas a los espa\u00f1oles Pablo \u00c1lvarez y Sara Garc\u00eda.<\/p>\n\n\n\n<p class=\"wp-block-paragraph\"><strong>Nacimientos<\/strong><\/p>\n\n\n\n<p class=\"wp-block-paragraph\">1221.- Alfonso X \u00abEl Sabio\u00bb, rey de Castilla y Le\u00f3n.<\/p>\n\n\n\n<p class=\"wp-block-paragraph\">1608.- Francisco Manuel de Melo, escritor hispanoportugu\u00e9s.<\/p>\n\n\n\n<p class=\"wp-block-paragraph\">1760.- Fran\u00e7ois No\u00ebl Babeuf, pol\u00edtico franc\u00e9s.<\/p>\n\n\n\n<p class=\"wp-block-paragraph\">1876.- Manuel de Falla, compositor espa\u00f1ol.<\/p>\n\n\n\n<p class=\"wp-block-paragraph\">1883.- Jos\u00e9 Clemente Orozco, pintor y muralista mexicano.<\/p>\n\n\n\n<p class=\"wp-block-paragraph\">1887.- Boris Karloff, actor brit\u00e1nico.<\/p>\n\n\n\n<p class=\"wp-block-paragraph\">1888.- Harpo Marx, actor estadounidense.<\/p>\n\n\n\n<p class=\"wp-block-paragraph\">1922.- Manuel Fraga Iribarne, pol\u00edtico espa\u00f1ol.<\/p>\n\n\n\n<p class=\"wp-block-paragraph\">1927.- Angelo Sodano, religioso italiano y exsecretario de Estado Vaticano.<\/p>\n\n\n\n<p class=\"wp-block-paragraph\">1933.- Krysztof Penderecki, director y compositor polaco.<\/p>\n\n\n\n<p class=\"wp-block-paragraph\">1941.- Franco Nero, actor italiano.<\/p>\n\n\n\n<p class=\"wp-block-paragraph\">1962.- Nicol\u00e1s Maduro, pol\u00edtico venezolano.<\/p>\n\n\n\n<p class=\"wp-block-paragraph\">1962.- Carlinhos Brown, cantante y compositor brasile\u00f1o.<\/p>\n\n\n\n<p class=\"wp-block-paragraph\">1972.- Antonio Orozco, m\u00fasico espa\u00f1ol.<\/p>\n\n\n\n<p class=\"wp-block-paragraph\">1992.- Miley Cyrus, actriz y cantante estadounidense.<\/p>\n\n\n\n<p class=\"wp-block-paragraph\"><strong>Defunciones<\/strong><\/p>\n\n\n\n<p class=\"wp-block-paragraph\">1407.- Luis de Valois, arist\u00f3crata franc\u00e9s.<\/p>\n\n\n\n<p class=\"wp-block-paragraph\">1535.- Beatriz Galindo, escritora y humanista espa\u00f1ola.<\/p>\n\n\n\n<p class=\"wp-block-paragraph\">1890.- Guillermo II, rey de Holanda.<\/p>\n\n\n\n<p class=\"wp-block-paragraph\">1973.- Jos\u00e9 Alfredo Jim\u00e9nez, compositor y cantante mexicano.<\/p>\n\n\n\n<p class=\"wp-block-paragraph\">1976.- Andr\u00e9 Malraux, escritor y pol\u00edtico franc\u00e9s.<\/p>\n\n\n\n<p class=\"wp-block-paragraph\">1990.- Teodoro Ignacio Gallego, pol\u00edtico espa\u00f1ol del PCE.<\/p>\n\n\n\n<p class=\"wp-block-paragraph\">1991.- Klaus Kinski, actor alem\u00e1n.<\/p>\n\n\n\n<p class=\"wp-block-paragraph\">1994.- F\u00e9lix Rotaeta, actor y director espa\u00f1ol de cine.<\/p>\n\n\n\n<p class=\"wp-block-paragraph\">1995.- Louis Malle, cineasta franc\u00e9s.<\/p>\n\n\n\n<p class=\"wp-block-paragraph\">2002.- Roberto Matta, pintor y escultor chileno.<\/p>\n\n\n\n<p class=\"wp-block-paragraph\">2005.- Isabel de Castro, actriz portuguesa.<\/p>\n\n\n\n<p class=\"wp-block-paragraph\">2006.- Alexander Litvinenko, exagente del KGB ruso.<\/p>\n\n\n\n<p class=\"wp-block-paragraph\">2006.- Philippe Noiret, actor franc\u00e9s.<\/p>\n\n\n\n<p class=\"wp-block-paragraph\">2007.- Francesc Candel, escritor y periodista espa\u00f1ol.<\/p>\n\n\n\n<p class=\"wp-block-paragraph\">2008.- Richard Hickox, director de orquesta brit\u00e1nico.<\/p>\n\n\n\n<p class=\"wp-block-paragraph\">2011.- Montserrat Figueras, soprano espa\u00f1ola.<\/p>\n\n\n\n<p class=\"wp-block-paragraph\">2011.- Gerald Laing, artista pop ingl\u00e9s.<\/p>\n\n\n\n<p class=\"wp-block-paragraph\">2012.- Jos\u00e9 Luis Borau, cineasta espa\u00f1ol, acad\u00e9mico de Bellas Artes y de la Lengua.<\/p>\n\n\n\n<p class=\"wp-block-paragraph\">2012.- Larry Hagman, actor estadounidense.<\/p>\n\n\n\n<p class=\"wp-block-paragraph\">2014.- Marion Barry, exalcalde de Washington (EEUU).<\/p>\n\n\n\n<p class=\"wp-block-paragraph\">2016.- Rita Barber\u00e1, pol\u00edtica espa\u00f1ola.<\/p>\n\n\n\n<p class=\"wp-block-paragraph\">2019.- Asunci\u00f3n Balaguer, actriz espa\u00f1ola.<\/p>\n\n\n\n<p class=\"wp-block-paragraph\">2020.- David N. Dinkins, primer alcalde de origen afroamericano de Nueva York.<\/p>\n\n\n\n<p class=\"wp-block-paragraph\">2021.- Antonio Prieto, novelista y fil\u00f3logo espa\u00f1ol.<\/p>\n","protected":false},"excerpt":{"rendered":"<p>Un d\u00eda 23 de noviembre como hoy, pero de 1936, sale a la venta en Estados Unidos el primer n\u00famero de la emblem\u00e1tica revista \u00abLife\u00bb. Otras efem\u00e9rides 1811.- Las Cortes de C\u00e1diz aprueban la instituci\u00f3n de la Loter\u00eda llamada nacional. 1889.- La primera gramola entra en funcionamiento en el Palais Royale Saloon de San Francisco. [&hellip;]<\/p>\n","protected":false},"author":6,"featured_media":47708,"comment_status":"open","ping_status":"open","sticky":false,"template":"","format":"standard","meta":{"_acf_changed":false,"_monsterinsights_skip_tracking":false,"slim_seo":{"title":"Efem\u00e9rides 23 de noviembre - Opini\u00f3n P\u00fablica","description":"Un d\u00eda 23 de noviembre como hoy, pero de 1936, sale a la venta en Estados Unidos el primer n\u00famero de la emblem\u00e1tica revista \"Life\". Otras efem\u00e9rides 1811.- Las"},"footnotes":""},"categories":[27],"tags":[],"class_list":["post-47707","post","type-post","status-publish","format-standard","has-post-thumbnail","hentry","category-un-dia-como-hoy"],"acf":[],"_links":{"self":[{"href":"https:\/\/www.opinionpublica.tv\/portada\/wp-json\/wp\/v2\/posts\/47707","targetHints":{"allow":["GET"]}}],"collection":[{"href":"https:\/\/www.opinionpublica.tv\/portada\/wp-json\/wp\/v2\/posts"}],"about":[{"href":"https:\/\/www.opinionpublica.tv\/portada\/wp-json\/wp\/v2\/types\/post"}],"author":[{"embeddable":true,"href":"https:\/\/www.opinionpublica.tv\/portada\/wp-json\/wp\/v2\/users\/6"}],"replies":[{"embeddable":true,"href":"https:\/\/www.opinionpublica.tv\/portada\/wp-json\/wp\/v2\/comments?post=47707"}],"version-history":[{"count":1,"href":"https:\/\/www.opinionpublica.tv\/portada\/wp-json\/wp\/v2\/posts\/47707\/revisions"}],"predecessor-version":[{"id":47709,"href":"https:\/\/www.opinionpublica.tv\/portada\/wp-json\/wp\/v2\/posts\/47707\/revisions\/47709"}],"wp:featuredmedia":[{"embeddable":true,"href":"https:\/\/www.opinionpublica.tv\/portada\/wp-json\/wp\/v2\/media\/47708"}],"wp:attachment":[{"href":"https:\/\/www.opinionpublica.tv\/portada\/wp-json\/wp\/v2\/media?parent=47707"}],"wp:term":[{"taxonomy":"category","embeddable":true,"href":"https:\/\/www.opinionpublica.tv\/portada\/wp-json\/wp\/v2\/categories?post=47707"},{"taxonomy":"post_tag","embeddable":true,"href":"https:\/\/www.opinionpublica.tv\/portada\/wp-json\/wp\/v2\/tags?post=47707"}],"curies":[{"name":"wp","href":"https:\/\/api.w.org\/{rel}","templated":true}]}}