{"id":47698,"date":"2024-11-22T00:01:00","date_gmt":"2024-11-22T07:01:00","guid":{"rendered":"https:\/\/www.opinionpublica.tv\/portada\/?p=47698"},"modified":"2024-11-21T22:10:20","modified_gmt":"2024-11-22T05:10:20","slug":"demanda-gobierno-municipal-a-organizadores-de-la-feria-juarez-por-incumplimiento","status":"publish","type":"post","link":"https:\/\/www.opinionpublica.tv\/portada\/demanda-gobierno-municipal-a-organizadores-de-la-feria-juarez-por-incumplimiento\/","title":{"rendered":"Demanda Gobierno Municipal a organizadores de la Feria Ju\u00e1rez por incumplimiento"},"content":{"rendered":"\n<figure class=\"wp-block-image size-large\"><img fetchpriority=\"high\" decoding=\"async\" width=\"1024\" height=\"631\" src=\"https:\/\/www.opinionpublica.tv\/portada\/wp-content\/uploads\/2024\/11\/Demanda-Gobierno-Municipal-a-organizadores-de-la-Feria-Juarez-por-incumplimiento-1024x631.jpeg\" alt=\"Demanda Gobierno Municipal A Organizadores De La Feria Jua\u0301rez Por Incumplimiento\" class=\"wp-image-47701\" srcset=\"https:\/\/www.opinionpublica.tv\/portada\/wp-content\/uploads\/2024\/11\/Demanda-Gobierno-Municipal-a-organizadores-de-la-Feria-Juarez-por-incumplimiento-1024x631.jpeg 1024w, https:\/\/www.opinionpublica.tv\/portada\/wp-content\/uploads\/2024\/11\/Demanda-Gobierno-Municipal-a-organizadores-de-la-Feria-Juarez-por-incumplimiento-300x185.jpeg 300w, https:\/\/www.opinionpublica.tv\/portada\/wp-content\/uploads\/2024\/11\/Demanda-Gobierno-Municipal-a-organizadores-de-la-Feria-Juarez-por-incumplimiento-768x474.jpeg 768w, https:\/\/www.opinionpublica.tv\/portada\/wp-content\/uploads\/2024\/11\/Demanda-Gobierno-Municipal-a-organizadores-de-la-Feria-Juarez-por-incumplimiento.jpeg 1200w\" sizes=\"(max-width: 1024px) 100vw, 1024px\" \/><\/figure>\n\n\n\n<p class=\"wp-block-paragraph\"><em>Ciudad Ju\u00e1rez, Chih<\/em>.- A trav\u00e9s de la Tesorer\u00eda, el Gobierno Municipal interpuso una demanda contra los organizadores de la Feria Ju\u00e1rez por no pagar la cantidad acordada en el contrato.<\/p>\n\n\n\n<p class=\"wp-block-paragraph\">El presidente municipal, Cruz P\u00e9rez Cu\u00e9llar coment\u00f3 que de los tres millones que se ten\u00edan que pagar solo se cubri\u00f3 uno, recursos que fue utilizado en los programas de asistencia del Sistema para el Desarrollo Integral de la Familia del Municipio (DIF).<\/p>\n\n\n\n<p class=\"wp-block-paragraph\">\u201cLa Tesorer\u00eda present\u00f3 una demanda para exigir ese recurso, pero como no se puede dejar sin becas a los ni\u00f1os, se hizo una ampliaci\u00f3n presupuestal para cerrar el a\u00f1o\u201d, dijo.<\/p>\n\n\n\n<p class=\"wp-block-paragraph\">El alcalde agreg\u00f3 que cuando se hizo el convenio, ellos se obligaron a entregar una cantidad que era de por lo menos 3 millones y solo entregaron uno, el cual est\u00e1 acreditado a qu\u00e9 estancias se les otorg\u00f3, pero no fue la cifra total.<\/p>\n\n\n\n<p class=\"wp-block-paragraph\">\u201cNo hubo comunicaci\u00f3n con ellos, s\u00e9 que hubo problemas, pero finalmente nosotros, independientemente si tuvieron o no dificultades, se firm\u00f3 un convenio y tenemos que hacerlo valer\u201d, resalt\u00f3.<\/p>\n","protected":false},"excerpt":{"rendered":"<p>Ciudad Ju\u00e1rez, Chih.- A trav\u00e9s de la Tesorer\u00eda, el Gobierno Municipal interpuso una demanda contra los organizadores de la Feria Ju\u00e1rez por no pagar la cantidad acordada en el contrato. El presidente municipal, Cruz P\u00e9rez Cu\u00e9llar coment\u00f3 que de los tres millones que se ten\u00edan que pagar solo se cubri\u00f3 uno, recursos que fue utilizado [&hellip;]<\/p>\n","protected":false},"author":6,"featured_media":47701,"comment_status":"open","ping_status":"open","sticky":false,"template":"","format":"standard","meta":{"_acf_changed":false,"_monsterinsights_skip_tracking":false,"slim_seo":{"title":"Demanda Gobierno Municipal a organizadores de la Feria Ju\u00e1rez por incumplimiento - Opini\u00f3n P\u00fablica","description":"Ciudad Ju\u00e1rez, Chih .- A trav\u00e9s de la Tesorer\u00eda, el Gobierno Municipal interpuso una demanda contra los organizadores de la Feria Ju\u00e1rez por no pagar la cantida"},"footnotes":""},"categories":[41],"tags":[],"class_list":["post-47698","post","type-post","status-publish","format-standard","has-post-thumbnail","hentry","category-juarez"],"acf":[],"_links":{"self":[{"href":"https:\/\/www.opinionpublica.tv\/portada\/wp-json\/wp\/v2\/posts\/47698","targetHints":{"allow":["GET"]}}],"collection":[{"href":"https:\/\/www.opinionpublica.tv\/portada\/wp-json\/wp\/v2\/posts"}],"about":[{"href":"https:\/\/www.opinionpublica.tv\/portada\/wp-json\/wp\/v2\/types\/post"}],"author":[{"embeddable":true,"href":"https:\/\/www.opinionpublica.tv\/portada\/wp-json\/wp\/v2\/users\/6"}],"replies":[{"embeddable":true,"href":"https:\/\/www.opinionpublica.tv\/portada\/wp-json\/wp\/v2\/comments?post=47698"}],"version-history":[{"count":2,"href":"https:\/\/www.opinionpublica.tv\/portada\/wp-json\/wp\/v2\/posts\/47698\/revisions"}],"predecessor-version":[{"id":47702,"href":"https:\/\/www.opinionpublica.tv\/portada\/wp-json\/wp\/v2\/posts\/47698\/revisions\/47702"}],"wp:featuredmedia":[{"embeddable":true,"href":"https:\/\/www.opinionpublica.tv\/portada\/wp-json\/wp\/v2\/media\/47701"}],"wp:attachment":[{"href":"https:\/\/www.opinionpublica.tv\/portada\/wp-json\/wp\/v2\/media?parent=47698"}],"wp:term":[{"taxonomy":"category","embeddable":true,"href":"https:\/\/www.opinionpublica.tv\/portada\/wp-json\/wp\/v2\/categories?post=47698"},{"taxonomy":"post_tag","embeddable":true,"href":"https:\/\/www.opinionpublica.tv\/portada\/wp-json\/wp\/v2\/tags?post=47698"}],"curies":[{"name":"wp","href":"https:\/\/api.w.org\/{rel}","templated":true}]}}