{"id":47684,"date":"2024-11-22T00:01:00","date_gmt":"2024-11-22T07:01:00","guid":{"rendered":"https:\/\/www.opinionpublica.tv\/portada\/?p=47684"},"modified":"2024-11-21T22:01:58","modified_gmt":"2024-11-22T05:01:58","slug":"presenta-centro-de-estudios-musicales-concierto-mariposas-de-otono","status":"publish","type":"post","link":"https:\/\/www.opinionpublica.tv\/portada\/presenta-centro-de-estudios-musicales-concierto-mariposas-de-otono\/","title":{"rendered":"Ofrece Centro de Estudios Musicales su concierto &#8216;Mariposas de Oto\u00f1o&#8217;"},"content":{"rendered":"\n<figure class=\"wp-block-image size-large\"><img fetchpriority=\"high\" decoding=\"async\" width=\"1024\" height=\"682\" src=\"https:\/\/www.opinionpublica.tv\/portada\/wp-content\/uploads\/2024\/11\/El-Centro-de-Estudios-Musicales-dio-concierto-Mariposas-de-Otono-1-1024x682.jpeg\" alt=\"El Centro De Estudios Musicales Dio Concierto 'mariposas De Oton\u0303o'\" class=\"wp-image-47690\" srcset=\"https:\/\/www.opinionpublica.tv\/portada\/wp-content\/uploads\/2024\/11\/El-Centro-de-Estudios-Musicales-dio-concierto-Mariposas-de-Otono-1-1024x682.jpeg 1024w, https:\/\/www.opinionpublica.tv\/portada\/wp-content\/uploads\/2024\/11\/El-Centro-de-Estudios-Musicales-dio-concierto-Mariposas-de-Otono-1-300x200.jpeg 300w, https:\/\/www.opinionpublica.tv\/portada\/wp-content\/uploads\/2024\/11\/El-Centro-de-Estudios-Musicales-dio-concierto-Mariposas-de-Otono-1-768x512.jpeg 768w, https:\/\/www.opinionpublica.tv\/portada\/wp-content\/uploads\/2024\/11\/El-Centro-de-Estudios-Musicales-dio-concierto-Mariposas-de-Otono-1-1536x1023.jpeg 1536w, https:\/\/www.opinionpublica.tv\/portada\/wp-content\/uploads\/2024\/11\/El-Centro-de-Estudios-Musicales-dio-concierto-Mariposas-de-Otono-1.jpeg 1600w\" sizes=\"(max-width: 1024px) 100vw, 1024px\" \/><\/figure>\n\n\n\n<p class=\"wp-block-paragraph\"><em>Chihuahua, Chih<\/em>.- La Secretar\u00eda de Educaci\u00f3n y Deporte (SEyD) present\u00f3 el concierto \u201cMariposas de Oto\u00f1o\u201d, a cargo de la Orquestrina y el Coro Femenil del Centro de Estudios Musicales (CEM), en conmemoraci\u00f3n del D\u00eda Internacional de la Eliminaci\u00f3n de la Violencia contra la Mujer.<\/p>\n\n\n\n<p class=\"wp-block-paragraph\">El evento se desarroll\u00f3 en el Patio Central de Palacio de Gobierno, donde las participantes, bajo la direcci\u00f3n&nbsp; de la maestra Melod\u00eda Gayt\u00e1n, dieron muestra del trabajo acad\u00e9mico y art\u00edstico del modelo educativo \u201cM\u00fasica en mi Escuela\u201d.<\/p>\n\n\n\n<p class=\"wp-block-paragraph\">Como parte del programa musical se interpretaron las melod\u00edas \u201cObertura Mexicana\u201d, \u201cM\u00e9xico Lindo y Querido\u201d, \u201cAlma Llanera\u201d, \u201cDe Colores\u201d, \u201cFlor de Azalea\u201d, \u201cTierra Querida\u201d, \u201cJesusita en Chihuahua\u201d, \u201cLa Llorona\u201d, \u201cEres T\u00fa\u201d, \u201cCucurrucuc\u00fa Paloma\u201d, y un popurr\u00ed con las canciones \u201cImagine\u201d, \u201cLet it Be\u201d y \u201cHey Jude\u201d.<\/p>\n\n\n\n<p class=\"wp-block-paragraph\">A trav\u00e9s de este tipo de actividades, la Secretar\u00eda de Educaci\u00f3n y Deporte promueve valores como la equidad y el respeto en todos los \u00e1mbitos humanos, sociales, comunitarios y educativos.<\/p>\n\n\n\n<p class=\"wp-block-paragraph\">Asimismo, se sensibiliza desde el plano escolar hasta el plano comunitario sobre el entorno cultural y social en que ha trascendido el papel de la mujer en la sociedad moderna, posicionando a las mujeres y ni\u00f1as artistas del estado y preponderando el valor educativo al alcance de todas y todos los ciudadanos.<\/p>\n\n\n\n<p class=\"wp-block-paragraph\">La Orquestrina del CEM se fund\u00f3 en el a\u00f1o 2019, es una agrupaci\u00f3n formada en su totalidad por mujeres y actualmente cuenta con 45 integrantes, su discurso art\u00edstico ha trascendido en varias ciudades del estado, consolid\u00e1ndose como una orquesta emblem\u00e1tica de la estructura educativa en Chihuahua.<\/p>\n","protected":false},"excerpt":{"rendered":"<p>Chihuahua, Chih.- La Secretar\u00eda de Educaci\u00f3n y Deporte (SEyD) present\u00f3 el concierto \u201cMariposas de Oto\u00f1o\u201d, a cargo de la Orquestrina y el Coro Femenil del Centro de Estudios Musicales (CEM), en conmemoraci\u00f3n del D\u00eda Internacional de la Eliminaci\u00f3n de la Violencia contra la Mujer. El evento se desarroll\u00f3 en el Patio Central de Palacio de [&hellip;]<\/p>\n","protected":false},"author":6,"featured_media":47690,"comment_status":"open","ping_status":"open","sticky":false,"template":"","format":"standard","meta":{"_acf_changed":false,"_monsterinsights_skip_tracking":false,"slim_seo":{"title":"Ofrece Centro de Estudios Musicales su concierto 'Mariposas de Oto\u00f1o' - Opini\u00f3n P\u00fablica","description":"Chihuahua, Chih .- La Secretar\u00eda de Educaci\u00f3n y Deporte (SEyD) present\u00f3 el concierto \u201cMariposas de Oto\u00f1o\u201d, a cargo de la Orquestrina y el Coro Femenil del Centr"},"footnotes":""},"categories":[11],"tags":[],"class_list":["post-47684","post","type-post","status-publish","format-standard","has-post-thumbnail","hentry","category-tendencias"],"acf":[],"_links":{"self":[{"href":"https:\/\/www.opinionpublica.tv\/portada\/wp-json\/wp\/v2\/posts\/47684","targetHints":{"allow":["GET"]}}],"collection":[{"href":"https:\/\/www.opinionpublica.tv\/portada\/wp-json\/wp\/v2\/posts"}],"about":[{"href":"https:\/\/www.opinionpublica.tv\/portada\/wp-json\/wp\/v2\/types\/post"}],"author":[{"embeddable":true,"href":"https:\/\/www.opinionpublica.tv\/portada\/wp-json\/wp\/v2\/users\/6"}],"replies":[{"embeddable":true,"href":"https:\/\/www.opinionpublica.tv\/portada\/wp-json\/wp\/v2\/comments?post=47684"}],"version-history":[{"count":6,"href":"https:\/\/www.opinionpublica.tv\/portada\/wp-json\/wp\/v2\/posts\/47684\/revisions"}],"predecessor-version":[{"id":47692,"href":"https:\/\/www.opinionpublica.tv\/portada\/wp-json\/wp\/v2\/posts\/47684\/revisions\/47692"}],"wp:featuredmedia":[{"embeddable":true,"href":"https:\/\/www.opinionpublica.tv\/portada\/wp-json\/wp\/v2\/media\/47690"}],"wp:attachment":[{"href":"https:\/\/www.opinionpublica.tv\/portada\/wp-json\/wp\/v2\/media?parent=47684"}],"wp:term":[{"taxonomy":"category","embeddable":true,"href":"https:\/\/www.opinionpublica.tv\/portada\/wp-json\/wp\/v2\/categories?post=47684"},{"taxonomy":"post_tag","embeddable":true,"href":"https:\/\/www.opinionpublica.tv\/portada\/wp-json\/wp\/v2\/tags?post=47684"}],"curies":[{"name":"wp","href":"https:\/\/api.w.org\/{rel}","templated":true}]}}