{"id":47671,"date":"2024-11-22T00:01:00","date_gmt":"2024-11-22T07:01:00","guid":{"rendered":"https:\/\/www.opinionpublica.tv\/portada\/?p=47671"},"modified":"2024-11-21T21:51:11","modified_gmt":"2024-11-22T04:51:11","slug":"habilitan-estacion-catedral-del-juarezbus-como-punto-de-compra-y-recarga-de-tarjetas","status":"publish","type":"post","link":"https:\/\/www.opinionpublica.tv\/portada\/habilitan-estacion-catedral-del-juarezbus-como-punto-de-compra-y-recarga-de-tarjetas\/","title":{"rendered":"Habilitan estaci\u00f3n Catedral del Ju\u00e1rezBus para compra y recarga de tarjetas"},"content":{"rendered":"\n<figure class=\"wp-block-image size-large\"><img fetchpriority=\"high\" decoding=\"async\" width=\"1024\" height=\"682\" src=\"https:\/\/www.opinionpublica.tv\/portada\/wp-content\/uploads\/2024\/11\/Habilitan-estacion-Catedral-del-JuarezBus-para-compra-y-recarga-de-tarjetas-1024x682.jpeg\" alt=\"Habilitan Estacio\u0301n Catedral Del Jua\u0301rezbus Para Compra Y Recarga De Tarjetas\" class=\"wp-image-47674\" srcset=\"https:\/\/www.opinionpublica.tv\/portada\/wp-content\/uploads\/2024\/11\/Habilitan-estacion-Catedral-del-JuarezBus-para-compra-y-recarga-de-tarjetas-1024x682.jpeg 1024w, https:\/\/www.opinionpublica.tv\/portada\/wp-content\/uploads\/2024\/11\/Habilitan-estacion-Catedral-del-JuarezBus-para-compra-y-recarga-de-tarjetas-300x200.jpeg 300w, https:\/\/www.opinionpublica.tv\/portada\/wp-content\/uploads\/2024\/11\/Habilitan-estacion-Catedral-del-JuarezBus-para-compra-y-recarga-de-tarjetas-768x512.jpeg 768w, https:\/\/www.opinionpublica.tv\/portada\/wp-content\/uploads\/2024\/11\/Habilitan-estacion-Catedral-del-JuarezBus-para-compra-y-recarga-de-tarjetas-1536x1023.jpeg 1536w, https:\/\/www.opinionpublica.tv\/portada\/wp-content\/uploads\/2024\/11\/Habilitan-estacion-Catedral-del-JuarezBus-para-compra-y-recarga-de-tarjetas.jpeg 1600w\" sizes=\"(max-width: 1024px) 100vw, 1024px\" \/><\/figure>\n\n\n\n<p class=\"wp-block-paragraph\"><em>Ciudad Ju\u00e1rez, Chih<\/em>.- La Secretar\u00eda General de Gobierno, a trav\u00e9s de la Operadora de Transporte (OTV), informa que se habilit\u00f3 la estaci\u00f3n Catedral del Ju\u00e1rezBus como punto de compra de tarjetas generales, y de recarga de cualquiera de los dos tipos de credenciales (preferente o general).<\/p>\n\n\n\n<p class=\"wp-block-paragraph\">Es importante mencionar que este paradero sigue inhabilitado para recibir o subir pasajeros debido a las obras de construcci\u00f3n del puente elevado.<\/p>\n\n\n\n<p class=\"wp-block-paragraph\">Las m\u00e1quinas de la estaci\u00f3n est\u00e1n disponibles en un horario de 6:00 a.m. a 9:00 p.m. de lunes a domingo.<\/p>\n\n\n\n<p class=\"wp-block-paragraph\">El Gobierno del Estado refuerza su compromiso con la movilidad y el acceso al transporte para las y los juarenses.<\/p>\n","protected":false},"excerpt":{"rendered":"<p>Ciudad Ju\u00e1rez, Chih.- La Secretar\u00eda General de Gobierno, a trav\u00e9s de la Operadora de Transporte (OTV), informa que se habilit\u00f3 la estaci\u00f3n Catedral del Ju\u00e1rezBus como punto de compra de tarjetas generales, y de recarga de cualquiera de los dos tipos de credenciales (preferente o general). Es importante mencionar que este paradero sigue inhabilitado para [&hellip;]<\/p>\n","protected":false},"author":6,"featured_media":47674,"comment_status":"open","ping_status":"open","sticky":false,"template":"","format":"standard","meta":{"_acf_changed":false,"_monsterinsights_skip_tracking":false,"slim_seo":{"title":"Habilitan estaci\u00f3n Catedral del Ju\u00e1rezBus para compra y recarga de tarjetas - Opini\u00f3n P\u00fablica","description":"Ciudad Ju\u00e1rez, Chih .- La Secretar\u00eda General de Gobierno, a trav\u00e9s de la Operadora de Transporte (OTV), informa que se habilit\u00f3 la estaci\u00f3n Catedral del Ju\u00e1rezB"},"footnotes":""},"categories":[11],"tags":[],"class_list":["post-47671","post","type-post","status-publish","format-standard","has-post-thumbnail","hentry","category-tendencias"],"acf":[],"_links":{"self":[{"href":"https:\/\/www.opinionpublica.tv\/portada\/wp-json\/wp\/v2\/posts\/47671","targetHints":{"allow":["GET"]}}],"collection":[{"href":"https:\/\/www.opinionpublica.tv\/portada\/wp-json\/wp\/v2\/posts"}],"about":[{"href":"https:\/\/www.opinionpublica.tv\/portada\/wp-json\/wp\/v2\/types\/post"}],"author":[{"embeddable":true,"href":"https:\/\/www.opinionpublica.tv\/portada\/wp-json\/wp\/v2\/users\/6"}],"replies":[{"embeddable":true,"href":"https:\/\/www.opinionpublica.tv\/portada\/wp-json\/wp\/v2\/comments?post=47671"}],"version-history":[{"count":3,"href":"https:\/\/www.opinionpublica.tv\/portada\/wp-json\/wp\/v2\/posts\/47671\/revisions"}],"predecessor-version":[{"id":47675,"href":"https:\/\/www.opinionpublica.tv\/portada\/wp-json\/wp\/v2\/posts\/47671\/revisions\/47675"}],"wp:featuredmedia":[{"embeddable":true,"href":"https:\/\/www.opinionpublica.tv\/portada\/wp-json\/wp\/v2\/media\/47674"}],"wp:attachment":[{"href":"https:\/\/www.opinionpublica.tv\/portada\/wp-json\/wp\/v2\/media?parent=47671"}],"wp:term":[{"taxonomy":"category","embeddable":true,"href":"https:\/\/www.opinionpublica.tv\/portada\/wp-json\/wp\/v2\/categories?post=47671"},{"taxonomy":"post_tag","embeddable":true,"href":"https:\/\/www.opinionpublica.tv\/portada\/wp-json\/wp\/v2\/tags?post=47671"}],"curies":[{"name":"wp","href":"https:\/\/api.w.org\/{rel}","templated":true}]}}