{"id":47654,"date":"2024-11-22T00:01:00","date_gmt":"2024-11-22T07:01:00","guid":{"rendered":"https:\/\/www.opinionpublica.tv\/portada\/?p=47654"},"modified":"2024-11-21T21:10:46","modified_gmt":"2024-11-22T04:10:46","slug":"quien-se-queda-los-datos-de-la-plataforma-nacional-de-transparencia-tras-la-muerte-del-inai","status":"publish","type":"post","link":"https:\/\/www.opinionpublica.tv\/portada\/quien-se-queda-los-datos-de-la-plataforma-nacional-de-transparencia-tras-la-muerte-del-inai\/","title":{"rendered":"\u00bfQui\u00e9n tendr\u00e1 los datos de la Plataforma de Transparencia tras la muerte del INAI?"},"content":{"rendered":"\n<figure class=\"wp-block-image size-full\"><img fetchpriority=\"high\" decoding=\"async\" width=\"500\" height=\"333\" src=\"https:\/\/www.opinionpublica.tv\/portada\/wp-content\/uploads\/2024\/11\/\u00bfQuien-tendra-los-datos-de-la-Plataforma-de-Transparencia-tras-la-muerte-del-INAI.avif\" alt=\"\u00bfquie\u0301n Tendra\u0301 Los Datos De La Plataforma De Transparencia Tras La Muerte Del Inai?\" class=\"wp-image-47659\"\/><\/figure>\n\n\n\n<p class=\"wp-block-paragraph\">Tras meses de tensi\u00f3n, Morena y sus aliados lograron la desaparici\u00f3n del Instituto Nacional de Transparencia, Acceso a la Informaci\u00f3n y Datos Personales (INAI). En vilo quedan cerca de 15 mil millones de registros contenidos en la Plataforma Nacional de Transparencia (PNT), pues la reforma constitucional aprobada este 21 de noviembre no prev\u00e9 que pasar\u00e1 con la herramienta.<\/p>\n\n\n\n<p class=\"wp-block-paragraph\">La dependencia que quede a cargo de los registros tendr\u00e1 en sus manos la base de datos con informaci\u00f3n p\u00fablica m\u00e1s grande del pa\u00eds, equivalente a 40 veces el resguardo del Archivo General de la Naci\u00f3n, seg\u00fan Norma Julieta del R\u00edo Venegas, Comisionada del Instituto.<\/p>\n\n\n\n<p class=\"wp-block-paragraph\">En los registros de la herramienta no s\u00f3lo se encuentra informaci\u00f3n p\u00fablica, como contratos y salarios, sino que tambi\u00e9n hay datos personales de personas f\u00edsicas y morales, por lo que existe un riesgo de vulneraci\u00f3n si no se protege la base de datos de manera adecuada.<\/p>\n\n\n\n<p class=\"wp-block-paragraph\">\u00bfQui\u00e9n se quedar\u00e1 con la custodia de la PNT?<\/p>\n\n\n\n<p class=\"wp-block-paragraph\">La custodia de la base de datos tras la extinci\u00f3n del organismo aut\u00f3nomo se enmarca en un limbo legal. Ante la desaparici\u00f3n del INAI, la Presidenta Claudia Sheinbaum ha planteado que sus funciones sean absorbidas por la Secretar\u00eda Anticorrupci\u00f3n y de Buen Gobierno, una de las nuevas dependencias creadas por la mandataria y que reemplaza a la Secretar\u00eda de la Funci\u00f3n P\u00fablica.<\/p>\n\n\n\n<p class=\"wp-block-paragraph\">Sin embargo, de acuerdo con la Comisionada Norma Julieta del R\u00edo Venegas, no ser\u00eda posible transferir toda la informaci\u00f3n de la PNT a esta nueva secretar\u00eda, ya que la gran mayor\u00eda de la informaci\u00f3n de la plataforma no compete al \u00e1mbito federal.<\/p>\n\n\n\n<p class=\"wp-block-paragraph\">La herramienta, creada en 2015, a trav\u00e9s de la primera Ley General de Transparencia en el pa\u00eds, concentra la informaci\u00f3n generada por miles de sujetos obligados, estos se definen por ser cualquier entidad, organismo o persona jur\u00eddica que est\u00e1 legalmente obligado a garantizar el derecho de acceso a la informaci\u00f3n p\u00fablica y la protecci\u00f3n de datos personales.<\/p>\n\n\n\n<p class=\"wp-block-paragraph\">Es decir, los sujetos obligados abarcan desde las dependencias gubernamentales, en cualquiera de los tres de gobierno, hasta los sindicatos y partidos pol\u00edticos. En total, la plataforma resguarda la informaci\u00f3n de 7 mil 407 sujetos obligados, de los cuales 723 son del orden federal y 270 del Poder Ejecutivo.<\/p>\n\n\n\n<p class=\"wp-block-paragraph\">En otras palabras, la informaci\u00f3n del 9.34% de los sujetos obligados que concentra la PNT corresponden al \u00e1mbito federal y solamente el 3.64% al orden del Poder Ejecutivo.<\/p>\n\n\n\n<p class=\"wp-block-paragraph\">\u201cLa Plataforma no puede ni debe pasar al Poder Ejecutivo porque s\u00f3lo una parte de su contenido le pertenece. No puede tener ni tutelar informaci\u00f3n, por ejemplo, del estado de Jalisco o de Zacatecas, de municipios, de universidades o de sindicatos\u201d, se\u00f1al\u00f3 la Comisionada Del R\u00edo Venegas, durante un foro realizado el pasado 20 de noviembre en Zapopan, Jalisco y organizado por la Comisi\u00f3n de Tecnolog\u00edas de la Informaci\u00f3n y Plataforma Nacional de Transparencia del Sistema Nacional de Transparencia (SNT).<\/p>\n\n\n\n<p class=\"wp-block-paragraph\">Esperan llegar a acuerdo para transferir datos<\/p>\n\n\n\n<p class=\"wp-block-paragraph\">En entrevista con Ciro G\u00f3mez Leyva, la Comisionada del R\u00edo Venegas, se\u00f1al\u00f3 que en la mayor\u00eda de casos que recibe el INAI sobre vulneraci\u00f3n de datos personales se han dado desde el Poder Ejecutivo.<\/p>\n\n\n\n<p class=\"wp-block-paragraph\">\u201cSe levant\u00f3 un acta, para que los datos que contiene la Plataforma Nacional de Transparencia s\u00f3lo se trasladen lo que le corresponde al Poder Ejecutivo\u201d, asever\u00f3. La funcionaria adelant\u00f3 que buscar\u00e1n mesas de di\u00e1logos con Raquel Buen Rostro, la titular de la Secretar\u00eda Anticorrupci\u00f3n y de Buen Gobierno, y que los organismos de transparencia locales ya acordaron no entregar sus datos para esperar reservas ante la reforma constitucional.<\/p>\n\n\n\n<p class=\"wp-block-paragraph\">La Comisionada espera que puedan anticiparse ante un eventual mal manejo de las dependencias que queden a cargo de la informaci\u00f3n. \u201cSi el Gobierno federal se quiere quedar con todos (los datos), est\u00e1 bien, nadam\u00e1s que se haga un acta, nos quedemos con un respaldo\u2026 porque el d\u00eda de ma\u00f1ana no queremos que digan \u2018no, la plataforma no ten\u00eda nada\u2019, es desde el 2003 la informaci\u00f3n\u201d, subray\u00f3. (El Universal)<\/p>\n","protected":false},"excerpt":{"rendered":"<p>Tras meses de tensi\u00f3n, Morena y sus aliados lograron la desaparici\u00f3n del Instituto Nacional de Transparencia, Acceso a la Informaci\u00f3n y Datos Personales (INAI). En vilo quedan cerca de 15 mil millones de registros contenidos en la Plataforma Nacional de Transparencia (PNT), pues la reforma constitucional aprobada este 21 de noviembre no prev\u00e9 que pasar\u00e1 [&hellip;]<\/p>\n","protected":false},"author":6,"featured_media":47659,"comment_status":"open","ping_status":"open","sticky":false,"template":"","format":"standard","meta":{"_acf_changed":false,"_monsterinsights_skip_tracking":false,"slim_seo":{"title":"\u00bfQui\u00e9n tendr\u00e1 los datos de la Plataforma de Transparencia tras la muerte del INAI? - Opini\u00f3n P\u00fablica","description":"Tras meses de tensi\u00f3n, Morena y sus aliados lograron la desaparici\u00f3n del Instituto Nacional de Transparencia, Acceso a la Informaci\u00f3n y Datos Personales (INAI)."},"footnotes":""},"categories":[4],"tags":[],"class_list":["post-47654","post","type-post","status-publish","format-standard","has-post-thumbnail","hentry","category-pulsopolitico"],"acf":[],"_links":{"self":[{"href":"https:\/\/www.opinionpublica.tv\/portada\/wp-json\/wp\/v2\/posts\/47654","targetHints":{"allow":["GET"]}}],"collection":[{"href":"https:\/\/www.opinionpublica.tv\/portada\/wp-json\/wp\/v2\/posts"}],"about":[{"href":"https:\/\/www.opinionpublica.tv\/portada\/wp-json\/wp\/v2\/types\/post"}],"author":[{"embeddable":true,"href":"https:\/\/www.opinionpublica.tv\/portada\/wp-json\/wp\/v2\/users\/6"}],"replies":[{"embeddable":true,"href":"https:\/\/www.opinionpublica.tv\/portada\/wp-json\/wp\/v2\/comments?post=47654"}],"version-history":[{"count":4,"href":"https:\/\/www.opinionpublica.tv\/portada\/wp-json\/wp\/v2\/posts\/47654\/revisions"}],"predecessor-version":[{"id":47660,"href":"https:\/\/www.opinionpublica.tv\/portada\/wp-json\/wp\/v2\/posts\/47654\/revisions\/47660"}],"wp:featuredmedia":[{"embeddable":true,"href":"https:\/\/www.opinionpublica.tv\/portada\/wp-json\/wp\/v2\/media\/47659"}],"wp:attachment":[{"href":"https:\/\/www.opinionpublica.tv\/portada\/wp-json\/wp\/v2\/media?parent=47654"}],"wp:term":[{"taxonomy":"category","embeddable":true,"href":"https:\/\/www.opinionpublica.tv\/portada\/wp-json\/wp\/v2\/categories?post=47654"},{"taxonomy":"post_tag","embeddable":true,"href":"https:\/\/www.opinionpublica.tv\/portada\/wp-json\/wp\/v2\/tags?post=47654"}],"curies":[{"name":"wp","href":"https:\/\/api.w.org\/{rel}","templated":true}]}}