{"id":47648,"date":"2024-11-22T00:01:00","date_gmt":"2024-11-22T07:01:00","guid":{"rendered":"https:\/\/www.opinionpublica.tv\/portada\/?p=47648"},"modified":"2024-11-21T21:04:22","modified_gmt":"2024-11-22T04:04:22","slug":"diputados-avalan-super-secretaria-de-garcia-harfuch-sspc-investigara-delitos-y-coordinara-inteligencia-a-nivel-nacional","status":"publish","type":"post","link":"https:\/\/www.opinionpublica.tv\/portada\/diputados-avalan-super-secretaria-de-garcia-harfuch-sspc-investigara-delitos-y-coordinara-inteligencia-a-nivel-nacional\/","title":{"rendered":"Diputados avalan s\u00faper secretar\u00eda de Harfuch; SSPC investigar\u00e1 delitos y coordinar\u00e1 inteligencia a nivel nacional"},"content":{"rendered":"\n<figure class=\"wp-block-image size-full\"><img fetchpriority=\"high\" decoding=\"async\" width=\"928\" height=\"522\" src=\"https:\/\/www.opinionpublica.tv\/portada\/wp-content\/uploads\/2024\/11\/Diputados-avalan-super-secretaria-de-Harfuch-SSPC-investigara-delitos-y-coordinara-inteligencia-a-nivel-nacional.webp\" alt=\"Diputados Avalan Su\u0301per Secretari\u0301a De Harfuch; Sspc Investigara\u0301 Delitos Y Coordinara\u0301 Inteligencia A Nivel Nacional\" class=\"wp-image-47652\" srcset=\"https:\/\/www.opinionpublica.tv\/portada\/wp-content\/uploads\/2024\/11\/Diputados-avalan-super-secretaria-de-Harfuch-SSPC-investigara-delitos-y-coordinara-inteligencia-a-nivel-nacional.webp 928w, https:\/\/www.opinionpublica.tv\/portada\/wp-content\/uploads\/2024\/11\/Diputados-avalan-super-secretaria-de-Harfuch-SSPC-investigara-delitos-y-coordinara-inteligencia-a-nivel-nacional-300x169.webp 300w, https:\/\/www.opinionpublica.tv\/portada\/wp-content\/uploads\/2024\/11\/Diputados-avalan-super-secretaria-de-Harfuch-SSPC-investigara-delitos-y-coordinara-inteligencia-a-nivel-nacional-768x432.webp 768w\" sizes=\"(max-width: 928px) 100vw, 928px\" \/><\/figure>\n\n\n\n<p class=\"wp-block-paragraph\"><em>Ciudad de M\u00e9xico<\/em>.- El pleno de la C\u00e1mara de Diputados aprob\u00f3 el dictamen de la reforma al art\u00edculo 21 de la Constituci\u00f3n, para que la Secretar\u00eda de Seguridad P\u00fablica y Protecci\u00f3n Ciudadana (SSPC) que encabeza Omar Garc\u00eda Harfuch, pueda investigar delitos y coordine el Sistema Nacional de Inteligencia en materia de seguridad p\u00fablica.<\/p>\n\n\n\n<p class=\"wp-block-paragraph\">El dictamen qued\u00f3 avalado por unanimidad de 441 votos a favor por parte de todos los grupos parlamentarios.<\/p>\n\n\n\n<p class=\"wp-block-paragraph\">En el debate, las y los legisladores de oposici\u00f3n aclararon que dan un voto de confianza en el proyecto, pero sin dejar de advertir que se requiere otra reforma para fortalecer a las polic\u00edas locales.<\/p>\n\n\n\n<p class=\"wp-block-paragraph\">El diputado del PRI, Humberto Ambriz Delgadillo, se\u00f1al\u00f3 que \u201cel Estado fallido y en llamas que hoy padecemos se explica por una visi\u00f3n torcida, rupestre y delirante con la seguridad ciudadana, que ha renunciado a perseguir y castigar a los delincuentes y ha preferido permitirles controlar cada vez m\u00e1s espacios p\u00fablicos y territorios de nuestro pa\u00eds, a cambio de una indeseable pero fiscal respaldo electoral\u201d.<\/p>\n\n\n\n<p class=\"wp-block-paragraph\">Pese a ello, se\u00f1al\u00f3 que la reforma aprobada \u201cmerece el respaldo de buena fe y con altura de miras de la bancada del PRI, pero que no da un cheque en blanco\u201d.<\/p>\n\n\n\n<p class=\"wp-block-paragraph\">En su oportunidad, Fernando Torres, del PAN, adelant\u00f3 que su bancada votar\u00eda a favor de la reforma \u201cporque atiende la demanda de la ciudadan\u00eda\u201d, pero advirti\u00f3 que la inseguridad \u201ces un problema de Estado que necesita la atenci\u00f3n de todas y todos\u201d, al tiempo que celebr\u00f3 que el dictamen reconoce la obligaci\u00f3n de entregar recursos a las entidades federativas en materia de seguridad.<\/p>\n\n\n\n<p class=\"wp-block-paragraph\">Rodrigo Ramos, de MC, dijo que en el sexenio de Andr\u00e9s Manuel L\u00f3pez Obrador \u201chubo un abandono total o muy grande a las polic\u00edas estatales y a las polic\u00edas locales\u201d, e hizo votos porque la reforma \u201ccorrija este problema\u201d.<\/p>\n\n\n\n<p class=\"wp-block-paragraph\">En defensa del proyecto, la diputada Karina Barrera, del PT, sostuvo que la reforma que se discute \u201crepresenta el compromiso de la Presidenta de la Rep\u00fablica para consolidar un pa\u00eds m\u00e1s justo y m\u00e1s seguro\u201d, mientras que Arcelia Olgu\u00edn, de Morena, dijo que \u201ceste porque concuerda en la necesidad de fortalecer la estrategia de seguridad p\u00fablica en contra del crimen organizado, el cual ha sido un flagelo para la ciudadan\u00eda\u201d.<\/p>\n\n\n\n<p class=\"wp-block-paragraph\">La modificaci\u00f3n a la Carta Magna se\u00f1ala que la SSPC formular\u00e1, coordinar\u00e1 y dirigir\u00e1 la Estrategia Nacional de Seguridad P\u00fablica, as\u00ed como los programas, las pol\u00edticas y acciones respectivas; adem\u00e1s de que auxiliar\u00e1 a la presidenta de la Rep\u00fablica en el ejercicio de las funciones en materia de seguridad nacional.<\/p>\n\n\n\n<p class=\"wp-block-paragraph\">Con la reforma tambi\u00e9n se le faculta a la dependencia federal para que coordine el sistema nacional de inteligencia en materia de seguridad p\u00fablica, y organice las acciones de colaboraci\u00f3n de los tres \u00f3rdenes de gobierno.<\/p>\n\n\n\n<p class=\"wp-block-paragraph\">Asimismo, el secretario Garc\u00eda Harfuch podr\u00e1 solicitar informaci\u00f3n a las instituciones y dependencias del Estado para la identificaci\u00f3n y esclarecimiento de los hechos presuntamente constitutivos de delitos.<\/p>\n\n\n\n<p class=\"wp-block-paragraph\"><em>Con informaci\u00f3n de El Universal<\/em>.<\/p>\n","protected":false},"excerpt":{"rendered":"<p>Ciudad de M\u00e9xico.- El pleno de la C\u00e1mara de Diputados aprob\u00f3 el dictamen de la reforma al art\u00edculo 21 de la Constituci\u00f3n, para que la Secretar\u00eda de Seguridad P\u00fablica y Protecci\u00f3n Ciudadana (SSPC) que encabeza Omar Garc\u00eda Harfuch, pueda investigar delitos y coordine el Sistema Nacional de Inteligencia en materia de seguridad p\u00fablica. El dictamen [&hellip;]<\/p>\n","protected":false},"author":6,"featured_media":47652,"comment_status":"open","ping_status":"open","sticky":false,"template":"","format":"standard","meta":{"_acf_changed":false,"_monsterinsights_skip_tracking":false,"slim_seo":{"title":"Diputados avalan s\u00faper secretar\u00eda de Harfuch; SSPC investigar\u00e1 delitos y coordinar\u00e1 inteligencia a nivel nacional - Opini\u00f3n P\u00fablica","description":"Ciudad de M\u00e9xico .- El pleno de la C\u00e1mara de Diputados aprob\u00f3 el dictamen de la reforma al art\u00edculo 21 de la Constituci\u00f3n, para que la Secretar\u00eda de Seguridad P"},"footnotes":""},"categories":[3],"tags":[],"class_list":["post-47648","post","type-post","status-publish","format-standard","has-post-thumbnail","hentry","category-principal"],"acf":[],"_links":{"self":[{"href":"https:\/\/www.opinionpublica.tv\/portada\/wp-json\/wp\/v2\/posts\/47648","targetHints":{"allow":["GET"]}}],"collection":[{"href":"https:\/\/www.opinionpublica.tv\/portada\/wp-json\/wp\/v2\/posts"}],"about":[{"href":"https:\/\/www.opinionpublica.tv\/portada\/wp-json\/wp\/v2\/types\/post"}],"author":[{"embeddable":true,"href":"https:\/\/www.opinionpublica.tv\/portada\/wp-json\/wp\/v2\/users\/6"}],"replies":[{"embeddable":true,"href":"https:\/\/www.opinionpublica.tv\/portada\/wp-json\/wp\/v2\/comments?post=47648"}],"version-history":[{"count":3,"href":"https:\/\/www.opinionpublica.tv\/portada\/wp-json\/wp\/v2\/posts\/47648\/revisions"}],"predecessor-version":[{"id":47653,"href":"https:\/\/www.opinionpublica.tv\/portada\/wp-json\/wp\/v2\/posts\/47648\/revisions\/47653"}],"wp:featuredmedia":[{"embeddable":true,"href":"https:\/\/www.opinionpublica.tv\/portada\/wp-json\/wp\/v2\/media\/47652"}],"wp:attachment":[{"href":"https:\/\/www.opinionpublica.tv\/portada\/wp-json\/wp\/v2\/media?parent=47648"}],"wp:term":[{"taxonomy":"category","embeddable":true,"href":"https:\/\/www.opinionpublica.tv\/portada\/wp-json\/wp\/v2\/categories?post=47648"},{"taxonomy":"post_tag","embeddable":true,"href":"https:\/\/www.opinionpublica.tv\/portada\/wp-json\/wp\/v2\/tags?post=47648"}],"curies":[{"name":"wp","href":"https:\/\/api.w.org\/{rel}","templated":true}]}}