{"id":47642,"date":"2024-11-22T00:01:00","date_gmt":"2024-11-22T07:01:00","guid":{"rendered":"https:\/\/www.opinionpublica.tv\/portada\/?p=47642"},"modified":"2024-11-21T20:54:29","modified_gmt":"2024-11-22T03:54:29","slug":"monoideico","status":"publish","type":"post","link":"https:\/\/www.opinionpublica.tv\/portada\/monoideico\/","title":{"rendered":"Monoid\u00e9ico"},"content":{"rendered":"\n<h4 class=\"wp-block-heading\">Ra\u00fal Ruiz<\/h4>\n\n\n\n<p class=\"wp-block-paragraph\">___________________________<\/p>\n\n\n\n<p class=\"wp-block-paragraph\">El senador Juan Carlos Loera de la Rosa, en su obsesi\u00f3n por deteriorar la imagen del alcalde Cruz P\u00e9rez Cu\u00e9llar, notifica en sus redes sociales:<\/p>\n\n\n\n<p class=\"wp-block-paragraph\">\u00abEn el Pleno del Senado, solicit\u00e9 respetuosamente mediante un Punto de Acuerdo que el Gobierno Municipal de Ju\u00e1rez entregue la justificaci\u00f3n y los permisos para construir el puente elevado de la Av. Vicente Guerrero porque es necesario evaluar la legalidad de esta obra y las evidentes afectaciones al centro hist\u00f3rico de nuestra hermosa Ciudad Ju\u00e1rez.\u201d<\/p>\n\n\n\n<p class=\"wp-block-paragraph\">Ahora se abordar\u00e1 en Comisiones para saber cu\u00e1l ser\u00e1 el siguiente paso.<\/p>\n\n\n\n<p class=\"wp-block-paragraph\">Es hora de que el inter\u00e9s colectivo se ponga como prioridad; siempre antes que los intereses pol\u00edticos y personales.\u00bb<\/p>\n\n\n\n<p class=\"wp-block-paragraph\">La lectura que damos a su comunicado, es&#8230;<\/p>\n\n\n\n<p class=\"wp-block-paragraph\">Entregue o no entregue la justificaci\u00f3n y los permisos para construir el puente elevado de la Av. Vicente Guerrero:<\/p>\n\n\n\n<p class=\"wp-block-paragraph\">1. En mi calidad de fiscal de obras p\u00fablicas en el centro hist\u00f3rico de Ciudad Ju\u00e1rez, evaluar\u00e9 la legalidad de esta obra. Y obvio, la desechar\u00e9.<\/p>\n\n\n\n<p class=\"wp-block-paragraph\">2. Se\u00f1ores senadores, El inter\u00e9s colectivo soy yo. Por lo tanto, esto es prioridad.<\/p>\n\n\n\n<p class=\"wp-block-paragraph\">3. Ah, y obviamente no tengo inter\u00e9s pol\u00edtico ni personal. (El sarcasmo va como cortes\u00eda de la casa).<\/p>\n\n\n\n<p class=\"wp-block-paragraph\">Para reforzar su golpe, se asiste de un misterioso grupo de historiadores auto identificados como \u00abLa Red Binacional de Estudios Hist\u00f3ricos Ju\u00e1rez-El Paso\u00bb, que surgen de los rescoldos de la ignominia para declarar que:<\/p>\n\n\n\n<p class=\"wp-block-paragraph\">\u00abLas obras de construcci\u00f3n que realiza la empresa Grupo M\u00e9xico en la zona centro, para dar v\u00eda libre al paso del tren de carga, se llevan acabo sobre una zona de vestigios hist\u00f3ricos del llamado Camino Real de Tierra Adentro\u00bb.<\/p>\n\n\n\n<p class=\"wp-block-paragraph\">Y eso no lo pueden permitir.<\/p>\n\n\n\n<p class=\"wp-block-paragraph\">Para lo cual, exigen al INAH, tome cartas en el asunto y cancele la obra.<\/p>\n\n\n\n<p class=\"wp-block-paragraph\">\u00abEs sumamente probable que con las excavaciones que ya se est\u00e1n realizando se da\u00f1e de manera irreparable los vestigios arqueol\u00f3gicos e hist\u00f3ricos en la zona\u201d.<\/p>\n\n\n\n<p class=\"wp-block-paragraph\">\u00bfCu\u00e1les vestigios?<\/p>\n\n\n\n<p class=\"wp-block-paragraph\">Me da risa.<\/p>\n\n\n\n<p class=\"wp-block-paragraph\">Los historiadores temen que se da\u00f1en \u00ablos vestigios\u00bb OCULTOS, \u00bfSUPUESTAMENTE ENTERRADOS?<\/p>\n\n\n\n<p class=\"wp-block-paragraph\">El riesgo es grave. Dicen.<\/p>\n\n\n\n<p class=\"wp-block-paragraph\">Las excavaciones los pueden da\u00f1ar.<\/p>\n\n\n\n<p class=\"wp-block-paragraph\">Nadie dijo nada cuando se tendi\u00f3 la v\u00eda del ferrocarril.<\/p>\n\n\n\n<p class=\"wp-block-paragraph\">Ni cuando se hicieron excavaciones para tender las l\u00edneas de telefon\u00eda, fibra \u00f3ptica y comunicaci\u00f3n por cable.<\/p>\n\n\n\n<p class=\"wp-block-paragraph\">Ni cuando se hizo el desnivel de la 16, para darle paso al Juarezbus.<\/p>\n\n\n\n<p class=\"wp-block-paragraph\">Este es otro performance. Un montaje te\u00f3rico-especulativo.<\/p>\n\n\n\n<p class=\"wp-block-paragraph\">Cuya realizaci\u00f3n recae bajo la conducci\u00f3n de Wilebaldo Delgadillo, pieza importante de la clica Tel\u00f3n de Arena, que comanda Perla de la Rosa, todos, al servicio pol\u00edtico del senador Juan Carlos Loera de la Rosa.<\/p>\n\n\n\n<p class=\"wp-block-paragraph\">Es una l\u00e1stima que los investigadores de \u00abvestigios ancestrales\u00bb y otros fantasmas, se presten al espect\u00e1culo m\u00e1gico-c\u00f3mico-musicalpara el golpeteo contra el alcalde y conseguir como siempre lo$ apoyo$ para sus becas y publicaciones.<\/p>\n\n\n\n<p class=\"wp-block-paragraph\">Amanuenses al servicio personal de un aspirante a gobernador, que no levanta polvo por s\u00ed mismo.<\/p>\n\n\n\n<p class=\"wp-block-paragraph\">Y tiene que ir atr\u00e1s, tratando de sacar un poco de carnita para apuntalar su imagen.<\/p>\n\n\n\n<p class=\"wp-block-paragraph\">En mi particular punto de vista, no recomiendo el uso del golpeteo pol\u00edtico o la construcci\u00f3n de campa\u00f1as negras para la competencia pol\u00edtico-electoral.<\/p>\n\n\n\n<p class=\"wp-block-paragraph\">El resultado siempre les es adverso.<\/p>\n\n\n\n<p class=\"wp-block-paragraph\">Lo hemos visto recientemente con la revolcada hist\u00f3rica que les dio el alcalde P\u00e9rez Cu\u00e9llar a los panistas, y alianzas transg\u00e9nero.<\/p>\n\n\n\n<p class=\"wp-block-paragraph\">Y el propio senador, sufri\u00f3 en ins\u00f3lito rev\u00e9s contra la panista Mar\u00eda Eugenia Campos Galv\u00e1n, cuando ten\u00eda todo para ganar, y se concentr\u00f3 en atizarle un d\u00eda s\u00ed, y dos tambi\u00e9n.<\/p>\n\n\n\n<p class=\"wp-block-paragraph\">Parece que no tiene memoria. Y vuelve a cometer el error de actuar como le ordenan las hormonas y no el cerebro.<\/p>\n","protected":false},"excerpt":{"rendered":"<p>Ra\u00fal Ruiz ___________________________ El senador Juan Carlos Loera de la Rosa, en su obsesi\u00f3n por deteriorar la imagen del alcalde Cruz P\u00e9rez Cu\u00e9llar, notifica en sus redes sociales: \u00abEn el Pleno del Senado, solicit\u00e9 respetuosamente mediante un Punto de Acuerdo que el Gobierno Municipal de Ju\u00e1rez entregue la justificaci\u00f3n y los permisos para construir el [&hellip;]<\/p>\n","protected":false},"author":6,"featured_media":43347,"comment_status":"open","ping_status":"open","sticky":false,"template":"","format":"standard","meta":{"_acf_changed":false,"_monsterinsights_skip_tracking":false,"slim_seo":{"title":"Monoid\u00e9ico - Opini\u00f3n P\u00fablica","description":"Ra\u00fal Ruiz ___________________________ El senador Juan Carlos Loera de la Rosa, en su obsesi\u00f3n por deteriorar la imagen del alcalde Cruz P\u00e9rez Cu\u00e9llar, notifica"},"footnotes":""},"categories":[21],"tags":[593],"class_list":["post-47642","post","type-post","status-publish","format-standard","has-post-thumbnail","hentry","category-cartapacio","tag-cartapacio"],"acf":[],"_links":{"self":[{"href":"https:\/\/www.opinionpublica.tv\/portada\/wp-json\/wp\/v2\/posts\/47642","targetHints":{"allow":["GET"]}}],"collection":[{"href":"https:\/\/www.opinionpublica.tv\/portada\/wp-json\/wp\/v2\/posts"}],"about":[{"href":"https:\/\/www.opinionpublica.tv\/portada\/wp-json\/wp\/v2\/types\/post"}],"author":[{"embeddable":true,"href":"https:\/\/www.opinionpublica.tv\/portada\/wp-json\/wp\/v2\/users\/6"}],"replies":[{"embeddable":true,"href":"https:\/\/www.opinionpublica.tv\/portada\/wp-json\/wp\/v2\/comments?post=47642"}],"version-history":[{"count":1,"href":"https:\/\/www.opinionpublica.tv\/portada\/wp-json\/wp\/v2\/posts\/47642\/revisions"}],"predecessor-version":[{"id":47643,"href":"https:\/\/www.opinionpublica.tv\/portada\/wp-json\/wp\/v2\/posts\/47642\/revisions\/47643"}],"wp:featuredmedia":[{"embeddable":true,"href":"https:\/\/www.opinionpublica.tv\/portada\/wp-json\/wp\/v2\/media\/43347"}],"wp:attachment":[{"href":"https:\/\/www.opinionpublica.tv\/portada\/wp-json\/wp\/v2\/media?parent=47642"}],"wp:term":[{"taxonomy":"category","embeddable":true,"href":"https:\/\/www.opinionpublica.tv\/portada\/wp-json\/wp\/v2\/categories?post=47642"},{"taxonomy":"post_tag","embeddable":true,"href":"https:\/\/www.opinionpublica.tv\/portada\/wp-json\/wp\/v2\/tags?post=47642"}],"curies":[{"name":"wp","href":"https:\/\/api.w.org\/{rel}","templated":true}]}}