{"id":47612,"date":"2024-11-21T00:01:00","date_gmt":"2024-11-21T07:01:00","guid":{"rendered":"https:\/\/www.opinionpublica.tv\/portada\/?p=47612"},"modified":"2024-11-20T21:28:49","modified_gmt":"2024-11-21T04:28:49","slug":"municipio-donara-al-imss-los-terrenos-para-construir-centros-de-bienestar-infantil","status":"publish","type":"post","link":"https:\/\/www.opinionpublica.tv\/portada\/municipio-donara-al-imss-los-terrenos-para-construir-centros-de-bienestar-infantil\/","title":{"rendered":"Municipio donar\u00e1 al IMSS los terrenos para construir los Centros de Bienestar Infantil"},"content":{"rendered":"\n<figure class=\"wp-block-image size-large\"><img fetchpriority=\"high\" decoding=\"async\" width=\"1024\" height=\"682\" src=\"https:\/\/www.opinionpublica.tv\/portada\/wp-content\/uploads\/2024\/11\/Municipio-donara-al-IMSS-los-terrenos-para-construir-los-Centros-de-Bienestar-Infantil-1024x682.jpeg\" alt=\"Municipio Donara\u0301 Al Imss Los Terrenos Para Construir Los Centros De Bienestar Infantil\" class=\"wp-image-47615\" srcset=\"https:\/\/www.opinionpublica.tv\/portada\/wp-content\/uploads\/2024\/11\/Municipio-donara-al-IMSS-los-terrenos-para-construir-los-Centros-de-Bienestar-Infantil-1024x682.jpeg 1024w, https:\/\/www.opinionpublica.tv\/portada\/wp-content\/uploads\/2024\/11\/Municipio-donara-al-IMSS-los-terrenos-para-construir-los-Centros-de-Bienestar-Infantil-300x200.jpeg 300w, https:\/\/www.opinionpublica.tv\/portada\/wp-content\/uploads\/2024\/11\/Municipio-donara-al-IMSS-los-terrenos-para-construir-los-Centros-de-Bienestar-Infantil-768x512.jpeg 768w, https:\/\/www.opinionpublica.tv\/portada\/wp-content\/uploads\/2024\/11\/Municipio-donara-al-IMSS-los-terrenos-para-construir-los-Centros-de-Bienestar-Infantil-1536x1023.jpeg 1536w, https:\/\/www.opinionpublica.tv\/portada\/wp-content\/uploads\/2024\/11\/Municipio-donara-al-IMSS-los-terrenos-para-construir-los-Centros-de-Bienestar-Infantil.jpeg 1600w\" sizes=\"(max-width: 1024px) 100vw, 1024px\" \/><\/figure>\n\n\n\n<p><em>Ciudad Ju\u00e1rez, Chih<\/em>.- Durante la Sesi\u00f3n Extraordinaria de Cabildo que se llev\u00f3 a cabo este mi\u00e9rcoles, se determin\u00f3 enajenar a t\u00edtulo gratuito, v\u00eda donaci\u00f3n anticipada, cinco predios municipales a favor del Gobierno Federal, a trav\u00e9s de la descentralizada denominada Instituto Mexicano del Seguro Social, para la construcci\u00f3n de Centros de Bienestar Infantil.<\/p>\n\n\n\n<p>El secretario del Ayuntamiento, H\u00e9ctor Rafael Ortiz Orpinel, dio a conocer que el pasado 1 de octubre rindi\u00f3 protesta como Presidenta de la Rep\u00fablica, Claudia Sheinbaum Pardo y en su mensaje a la naci\u00f3n hizo el compromiso de arrancar en Ciudad Ju\u00e1rez con Centros de Bienestar Infantil, a fin de ayudar a las mujeres trabajadoras, especialmente de la industria maquiladora.<\/p>\n\n\n\n<p>En ese sentido, el municipio se comprometi\u00f3 a buscar terrenos que pudieran ser \u00fatiles y que cumplan con las especificaciones necesarias para construir esos centros.<\/p>\n\n\n\n<p>Despu\u00e9s de hacer la b\u00fasqueda, se present\u00f3 al Cabildo la propuesta de autorizar la enajenaci\u00f3n a t\u00edtulo gratuito v\u00eda donaci\u00f3n anticipada de cinco predios a favor del IMSS, de los cuales uno se encuentra en el fraccionamiento Las Gladiolas Etapa II.<\/p>\n\n\n\n<p>Uno m\u00e1s est\u00e1 en la colonia Municipio Libre, el tercero est\u00e1 en el fraccionamiento Paraje de Oriente 17, otro en el fraccionamiento Senderos de San Isidro Etapa VIII y el \u00faltimo en el fraccionamiento Urbivilla del Cedro, en la secci\u00f3n IV, etapa 10.<\/p>\n\n\n\n<p>Al respecto el presidente municipal, Cruz P\u00e9rez Cu\u00e9llar, propuso que en los acuerdos se le agradezca a la Presidenta de la Rep\u00fablica por iniciar el sistema de cuidados en Ciudad Ju\u00e1rez, punto que fue secundado por diversos regidores.<\/p>\n\n\n\n<p>En la misma Sesi\u00f3n de Cabildo, el secretario del Ayuntamiento present\u00f3 el dictamen de la Comisi\u00f3n de Hacienda para aprobar la ampliaci\u00f3n de subsidio para el Instituto Municipal del Deporte y Cultura F\u00edsica del Municipio de Ju\u00e1rez.<\/p>\n\n\n\n<p>Esta ampliaci\u00f3n es por 10 millones 785 mil pesos para aplicarse en la realizaci\u00f3n de diversos eventos deportivos, as\u00ed como para en el mantenimiento de gimnasios municipales, mismo que fue votado a favor.<\/p>\n\n\n\n<p>La Comisi\u00f3n de Hacienda present\u00f3 un dictamen para la ampliaci\u00f3n de la suficiencia presupuestaria del Sistema para el Desarrollo Integral de la Familia del Municipio de Ju\u00e1rez (DIF), punto que fue aprobado.<\/p>\n\n\n\n<p>El monto a ampliar fue de 4 millones 466 mil pesos para solventar la compra de despensas y pago de becas de los Centros de Bienestar Infantil de los meses de noviembre y diciembre.<\/p>\n","protected":false},"excerpt":{"rendered":"<p>Ciudad Ju\u00e1rez, Chih.- Durante la Sesi\u00f3n Extraordinaria de Cabildo que se llev\u00f3 a cabo este mi\u00e9rcoles, se determin\u00f3 enajenar a t\u00edtulo gratuito, v\u00eda donaci\u00f3n anticipada, cinco predios municipales a favor del Gobierno Federal, a trav\u00e9s de la descentralizada denominada Instituto Mexicano del Seguro Social, para la construcci\u00f3n de Centros de Bienestar Infantil. El secretario del [&hellip;]<\/p>\n","protected":false},"author":6,"featured_media":47615,"comment_status":"open","ping_status":"open","sticky":false,"template":"","format":"standard","meta":{"_acf_changed":false,"_monsterinsights_skip_tracking":false,"_monsterinsights_sitenote_active":false,"_monsterinsights_sitenote_note":"","_monsterinsights_sitenote_category":0,"slim_seo":{"title":"Municipio donar\u00e1 al IMSS los terrenos para construir los Centros de Bienestar Infantil - Opini\u00f3n P\u00fablica","description":"Ciudad Ju\u00e1rez, Chih .- Durante la Sesi\u00f3n Extraordinaria de Cabildo que se llev\u00f3 a cabo este mi\u00e9rcoles, se determin\u00f3 enajenar a t\u00edtulo gratuito, v\u00eda donaci\u00f3n ant"},"footnotes":""},"categories":[41],"tags":[],"class_list":["post-47612","post","type-post","status-publish","format-standard","has-post-thumbnail","hentry","category-juarez"],"acf":[],"_links":{"self":[{"href":"https:\/\/www.opinionpublica.tv\/portada\/wp-json\/wp\/v2\/posts\/47612","targetHints":{"allow":["GET"]}}],"collection":[{"href":"https:\/\/www.opinionpublica.tv\/portada\/wp-json\/wp\/v2\/posts"}],"about":[{"href":"https:\/\/www.opinionpublica.tv\/portada\/wp-json\/wp\/v2\/types\/post"}],"author":[{"embeddable":true,"href":"https:\/\/www.opinionpublica.tv\/portada\/wp-json\/wp\/v2\/users\/6"}],"replies":[{"embeddable":true,"href":"https:\/\/www.opinionpublica.tv\/portada\/wp-json\/wp\/v2\/comments?post=47612"}],"version-history":[{"count":2,"href":"https:\/\/www.opinionpublica.tv\/portada\/wp-json\/wp\/v2\/posts\/47612\/revisions"}],"predecessor-version":[{"id":47616,"href":"https:\/\/www.opinionpublica.tv\/portada\/wp-json\/wp\/v2\/posts\/47612\/revisions\/47616"}],"wp:featuredmedia":[{"embeddable":true,"href":"https:\/\/www.opinionpublica.tv\/portada\/wp-json\/wp\/v2\/media\/47615"}],"wp:attachment":[{"href":"https:\/\/www.opinionpublica.tv\/portada\/wp-json\/wp\/v2\/media?parent=47612"}],"wp:term":[{"taxonomy":"category","embeddable":true,"href":"https:\/\/www.opinionpublica.tv\/portada\/wp-json\/wp\/v2\/categories?post=47612"},{"taxonomy":"post_tag","embeddable":true,"href":"https:\/\/www.opinionpublica.tv\/portada\/wp-json\/wp\/v2\/tags?post=47612"}],"curies":[{"name":"wp","href":"https:\/\/api.w.org\/{rel}","templated":true}]}}