{"id":47599,"date":"2024-11-21T00:01:00","date_gmt":"2024-11-21T07:01:00","guid":{"rendered":"https:\/\/www.opinionpublica.tv\/portada\/?p=47599"},"modified":"2024-11-20T21:19:10","modified_gmt":"2024-11-21T04:19:10","slug":"deportaciones-masivas-de-trump-podrian-propiciar-caida-del-pib-de-eu-tambien-aumentaria-inflacion-advierten-expertos","status":"publish","type":"post","link":"https:\/\/www.opinionpublica.tv\/portada\/deportaciones-masivas-de-trump-podrian-propiciar-caida-del-pib-de-eu-tambien-aumentaria-inflacion-advierten-expertos\/","title":{"rendered":"Deportaciones masivas de Donald Trump podr\u00edan propiciar ca\u00edda del PIB de EU"},"content":{"rendered":"\n<figure class=\"wp-block-image size-full\"><img fetchpriority=\"high\" decoding=\"async\" width=\"1100\" height=\"666\" src=\"https:\/\/www.opinionpublica.tv\/portada\/wp-content\/uploads\/2024\/11\/Deportaciones-masivas-de-Donald-Trump-podrian-propiciar-caida-del-PIB-de-EU.avif\" alt=\"Deportaciones Masivas De Donald Trump Podri\u0301an Propiciar Cai\u0301da Del Pib De Eu\" class=\"wp-image-47603\"\/><\/figure>\n\n\n\n<p><em>Miami, Florida, EU<\/em>.- Las deportaciones masivas prometidas por el presidente electo de EU, Donald Trump, podr\u00edan aumentar la inflaci\u00f3n y el d\u00e9ficit, adem\u00e1s de generar una reducci\u00f3n de los ingresos y de la fuerza laboral que a la larga ocasionar\u00eda una ca\u00edda del PIB, se\u00f1alaron este mi\u00e9rcoles expertos y acad\u00e9micos.<\/p>\n\n\n\n<p>En el transcurso de una teleconferencia organizada por la organizaci\u00f3n America\u2019s Voice, Robert Lynch, profesor de Econom\u00eda en Washington College, se\u00f1al\u00f3 que la idea de que las deportaciones masivas van a ayudar a los estadounidenses \u201ces una ilusi\u00f3n\u201d.<\/p>\n\n\n\n<p>Los estudios de episodios pasados de deportaciones masivas en Estados Unidos demostraron que \u00e9stas provocaron que la econom\u00eda nacional se contrajera, dijo Lynch. \u201cLos empleos para los trabajadores estadounidenses disminuyeron, los salarios estadounidenses bajaron y los precios subieron\u201d, agreg\u00f3.<\/p>\n\n\n\n<p>El director ejecutivo del National Foundation for American Policy, Stuart Anderson, afirm\u00f3, por su parte, que un reciente estudio de esta organizaci\u00f3n hall\u00f3 que sin los inmigrantes y sus hijos no habr\u00eda habido crecimiento de la fuerza laboral en la econom\u00eda estadounidense durante los \u00faltimos cinco a\u00f1os.<\/p>\n\n\n\n<p>\u201cEl impacto econ\u00f3mico de una reducci\u00f3n de la inmigraci\u00f3n podr\u00eda ser significativo, particularmente a mediano y largo plazo\u201d, alert\u00f3.<\/p>\n\n\n\n<p>Durante la teleconferencia se puso de relieve que los estados que suelen concentrar el mayor n\u00famero de indocumentados, como Texas, California, Nueva York y Florida, tendr\u00e1n los impactos econ\u00f3micos m\u00e1s significativos, aunque no ser\u00e1n los \u00fanicos.<\/p>\n\n\n\n<p>Entre las industrias que podr\u00edan resultar m\u00e1s afectadas figuran la manufactura, la agricultura y la construcci\u00f3n, si bien sectores como la hosteler\u00eda y el cuidado de menores y ancianos tambi\u00e9n se podr\u00edan ver impactados por la falta de mano de obra.<\/p>\n\n\n\n<p>Los participantes de la llamada resaltaron que hist\u00f3ricamente el crecimiento econ\u00f3mico de EU ha estado vinculado al aumento de la fuerza laboral, y por ello alertaron de que eliminar una \u201cfuente importante de crecimiento laboral\u201d, como pueden ser los trabajadores indocumentados, podr\u00eda desacelerar la tasa de crecimiento general.<\/p>\n\n\n\n<p>Phillip Connor, investigador s\u00e9nior de la organizaci\u00f3n FWD.us, manifest\u00f3 que los planes del presidente electo podr\u00edan impactar a m\u00e1s de 28 millones de personas pertenecientes a familias indocumentadas o con estatus mixto, incluidos m\u00e1s de 20 millones de latinos (aproximadamente uno de cada tres latinos en EU).<\/p>\n\n\n\n<p>\u201cDebemos ser claros: los planes de deportaci\u00f3n masiva del presidente electo Trump son, en realidad, planes masivos de separaci\u00f3n familiar\u201d, asever\u00f3.<\/p>\n\n\n\n<p>Por su parte, Angela Kelley, de la Asociaci\u00f3n Estadounidense de Abogados de Inmigraci\u00f3n (AILA, en ingl\u00e9s), alert\u00f3 de que \u201clas placas tect\u00f3nicas de las leyes y pol\u00edticas de inmigraci\u00f3n est\u00e1n a punto de cambiar dram\u00e1ticamente\u201d a causa de las previsibles deportaciones masivas.<\/p>\n\n\n\n<p>\u201cNo existe un cortafuegos que proteja a los estadounidenses de sentir el ardor de la p\u00e9rdida de mano de obra y de contribuciones de los trabajadores a nuestra econom\u00eda\u201d, opin\u00f3.<\/p>\n\n\n\n<p>Esta misma semana, Donald Trump confirm\u00f3 el plan de declarar una emergencia nacional a ra\u00edz de la crisis en la frontera con M\u00e9xico, para as\u00ed disponer de efectivos militares de cara a ejecutar sus anunciadas deportaciones. (El Universal)<\/p>\n","protected":false},"excerpt":{"rendered":"<p>Miami, Florida, EU.- Las deportaciones masivas prometidas por el presidente electo de EU, Donald Trump, podr\u00edan aumentar la inflaci\u00f3n y el d\u00e9ficit, adem\u00e1s de generar una reducci\u00f3n de los ingresos y de la fuerza laboral que a la larga ocasionar\u00eda una ca\u00edda del PIB, se\u00f1alaron este mi\u00e9rcoles expertos y acad\u00e9micos. En el transcurso de una [&hellip;]<\/p>\n","protected":false},"author":6,"featured_media":47603,"comment_status":"open","ping_status":"open","sticky":false,"template":"","format":"standard","meta":{"_acf_changed":false,"_monsterinsights_skip_tracking":false,"_monsterinsights_sitenote_active":false,"_monsterinsights_sitenote_note":"","_monsterinsights_sitenote_category":0,"slim_seo":{"title":"Deportaciones masivas de Donald Trump podr\u00edan propiciar ca\u00edda del PIB de EU - Opini\u00f3n P\u00fablica","description":"Miami, Florida, EU .- Las deportaciones masivas prometidas por el presidente electo de EU, Donald Trump, podr\u00edan aumentar la inflaci\u00f3n y el d\u00e9ficit, adem\u00e1s de g"},"footnotes":""},"categories":[4],"tags":[],"class_list":["post-47599","post","type-post","status-publish","format-standard","has-post-thumbnail","hentry","category-pulsopolitico"],"acf":[],"_links":{"self":[{"href":"https:\/\/www.opinionpublica.tv\/portada\/wp-json\/wp\/v2\/posts\/47599","targetHints":{"allow":["GET"]}}],"collection":[{"href":"https:\/\/www.opinionpublica.tv\/portada\/wp-json\/wp\/v2\/posts"}],"about":[{"href":"https:\/\/www.opinionpublica.tv\/portada\/wp-json\/wp\/v2\/types\/post"}],"author":[{"embeddable":true,"href":"https:\/\/www.opinionpublica.tv\/portada\/wp-json\/wp\/v2\/users\/6"}],"replies":[{"embeddable":true,"href":"https:\/\/www.opinionpublica.tv\/portada\/wp-json\/wp\/v2\/comments?post=47599"}],"version-history":[{"count":4,"href":"https:\/\/www.opinionpublica.tv\/portada\/wp-json\/wp\/v2\/posts\/47599\/revisions"}],"predecessor-version":[{"id":47604,"href":"https:\/\/www.opinionpublica.tv\/portada\/wp-json\/wp\/v2\/posts\/47599\/revisions\/47604"}],"wp:featuredmedia":[{"embeddable":true,"href":"https:\/\/www.opinionpublica.tv\/portada\/wp-json\/wp\/v2\/media\/47603"}],"wp:attachment":[{"href":"https:\/\/www.opinionpublica.tv\/portada\/wp-json\/wp\/v2\/media?parent=47599"}],"wp:term":[{"taxonomy":"category","embeddable":true,"href":"https:\/\/www.opinionpublica.tv\/portada\/wp-json\/wp\/v2\/categories?post=47599"},{"taxonomy":"post_tag","embeddable":true,"href":"https:\/\/www.opinionpublica.tv\/portada\/wp-json\/wp\/v2\/tags?post=47599"}],"curies":[{"name":"wp","href":"https:\/\/api.w.org\/{rel}","templated":true}]}}